{"id":9830,"date":"2025-11-04T00:22:49","date_gmt":"2025-11-03T23:22:49","guid":{"rendered":"https:\/\/www.szabadszinhaz.hu\/?p=9830"},"modified":"2025-11-18T06:54:49","modified_gmt":"2025-11-18T05:54:49","slug":"urban-peter-kortars-iro-a-harom-erdodi-cimu-1956-os-temaju-kamaradarabja-2025-november-4-en-1900-kor-lathato","status":"publish","type":"post","link":"https:\/\/www.szabadszinhaz.hu\/en\/urban-peter-kortars-iro-a-harom-erdodi-cimu-1956-os-temaju-kamaradarabja-2025-november-4-en-1900-kor-lathato\/","title":{"rendered":"Urb\u00e1n P\u00e9ter kort\u00e1rs \u00edr\u00f3 &#8222;A h\u00e1rom Erd\u0151di&#8221; c\u00edm\u0171 1956-os t\u00e9m\u00e1j\u00fa kamaradarabja 2025. November 4-\u00e9n 19:00-kor l\u00e1that\u00f3."},"content":{"rendered":"<p>Legk\u00f6zelebb egy \u00e9v m\u00falva, de , aki f\u00fcrge, m\u00e9g holnapra tud foglalni helyet az el\u0151ad\u00e1sra!<\/p>\n<p>&nbsp;<\/p>\n<p>Urb\u00e1n P\u00e9ter kort\u00e1rs \u00edr\u00f3 &#8222;A h\u00e1rom Erd\u0151di&#8221; c\u00edm\u0171 1956-os t\u00e9m\u00e1j\u00fa kamaradarabja 2025. November 4-\u00e9n 19:00-kor l\u00e1that\u00f3.<\/p>\n<p>A szerz\u0151 egy csal\u00e1don bel\u00fcl, h\u00e1rom gener\u00e1ci\u00f3 szem\u00e9lyes, \u00e9s \u00f6sszefon\u00f3d\u00f3 t\u00f6rt\u00e9net\u00e9ben l\u00e1ttatja egy eg\u00e9sz nemzet sorstrag\u00e9di\u00e1j\u00e1t.<br \/>\nA h\u00e1rom Erd\u0151di c\u00edm\u0171 el\u0151ad\u00e1s alkalmas arra, hogy a m\u0171v\u00e9szet eszk\u00f6zeivel k\u00f6zvet\u00edtse 1956 nemzeti, csal\u00e1di \u00e9s szem\u00e9lyes traum\u00e1it.<br \/>\nId\u0151tartam: 56 perc<br \/>\nBel\u00e9p\u0151: 3000 Ft<br \/>\nSzerepl\u0151k.<br \/>\nNagyapa: Szab\u00f3 Mikl\u00f3s<br \/>\nEndre: Horv\u00e1th Gergely<br \/>\nMikl\u00f3s: Kutassy B\u00e1lint<br \/>\n\u0150r: Szab\u00f3 Mikl\u00f3s Bence<br \/>\nKamasz: P\u00e9ter \u00c1kos<br \/>\nDirected by: Judit Nagy<br \/>\nZenei vezet\u0151: Szab\u00f3 D\u00e1niel Ferenc<br \/>\nA dalok el\u0151ad\u00f3i: Tak\u00e1cs No\u00e9mi, M\u00e9hes Adri\u00e1n, arch\u00edv felv\u00e9telr\u0151l Kov\u00e1cs Erzsi dal\u00e1nak r\u00e9szlete hallhat\u00f3.<br \/>\nAz el\u0151ad\u00e1sokra regisztr\u00e1lni lehet a 22\/790-758-es telefonsz\u00e1mon vagy az igezo2014@gmail.com e-mail c\u00edmen, illetve az Ig\u00e9z\u0151 facebook oldal\u00e1n messenger \u00fczenetben!<\/p>","protected":false},"excerpt":{"rendered":"<p>Legk\u00f6zelebb egy \u00e9v m\u00falva, de , aki f\u00fcrge, m\u00e9g holnapra tud foglalni helyet az el\u0151ad\u00e1sra! &nbsp; Urb\u00e1n P\u00e9ter kort\u00e1rs \u00edr\u00f3 &#8222;A h\u00e1rom Erd\u0151di&#8221; c\u00edm\u0171 1956-os t\u00e9m\u00e1j\u00fa kamaradarabja 2025. November 4-\u00e9n [&hellip;]<\/p>\n","protected":false},"author":4,"featured_media":8517,"comment_status":"open","ping_status":"closed","sticky":false,"template":"","format":"standard","meta":{"_et_pb_use_builder":"","_et_pb_old_content":"","_et_gb_content_width":"","_price":"","_stock":"","_tribe_ticket_header":"","_tribe_default_ticket_provider":"","_ticket_start_date":"","_ticket_end_date":"","_tribe_ticket_show_description":"","_tribe_ticket_show_not_going":false,"_tribe_ticket_use_global_stock":"","_tribe_ticket_global_stock_level":"","_global_stock_mode":"","_global_stock_cap":"","_tribe_rsvp_for_event":"","_tribe_ticket_going_count":"","_tribe_ticket_not_going_count":"","_tribe_tickets_list":"[]","_tribe_ticket_has_attendee_info_fields":false,"footnotes":""},"categories":[13],"tags":[],"class_list":["post-9830","post","type-post","status-publish","format-standard","has-post-thumbnail","hentry","category-archivum"],"yoast_head":"<!-- This site is optimized with the Yoast SEO plugin v25.0 - https:\/\/yoast.com\/wordpress\/plugins\/seo\/ -->\n<title>Urb\u00e1n P\u00e9ter kort\u00e1rs \u00edr\u00f3 &quot;A h\u00e1rom Erd\u0151di&quot; c\u00edm\u0171 1956-os t\u00e9m\u00e1j\u00fa kamaradarabja 2025. November 4-\u00e9n 19:00-kor l\u00e1that\u00f3. - Szabad Sz\u00ednh\u00e1z<\/title>\n<meta name=\"robots\" content=\"index, follow, max-snippet:-1, max-image-preview:large, max-video-preview:-1\" \/>\n<link rel=\"canonical\" href=\"https:\/\/www.szabadszinhaz.hu\/en\/urban-peter-kortars-iro-a-harom-erdodi-cimu-1956-os-temaju-kamaradarabja-2025-november-4-en-1900-kor-lathato\/\" \/>\n<meta property=\"og:locale\" content=\"en_US\" \/>\n<meta property=\"og:type\" content=\"article\" \/>\n<meta property=\"og:title\" content=\"Urb\u00e1n P\u00e9ter kort\u00e1rs \u00edr\u00f3 &quot;A h\u00e1rom Erd\u0151di&quot; c\u00edm\u0171 1956-os t\u00e9m\u00e1j\u00fa kamaradarabja 2025. November 4-\u00e9n 19:00-kor l\u00e1that\u00f3. - Szabad Sz\u00ednh\u00e1z\" \/>\n<meta property=\"og:description\" content=\"Legk\u00f6zelebb egy \u00e9v m\u00falva, de , aki f\u00fcrge, m\u00e9g holnapra tud foglalni helyet az el\u0151ad\u00e1sra! &nbsp; Urb\u00e1n P\u00e9ter kort\u00e1rs \u00edr\u00f3 &#8222;A h\u00e1rom Erd\u0151di&#8221; c\u00edm\u0171 1956-os t\u00e9m\u00e1j\u00fa kamaradarabja 2025. November 4-\u00e9n [&hellip;]\" \/>\n<meta property=\"og:url\" content=\"https:\/\/www.szabadszinhaz.hu\/en\/urban-peter-kortars-iro-a-harom-erdodi-cimu-1956-os-temaju-kamaradarabja-2025-november-4-en-1900-kor-lathato\/\" \/>\n<meta property=\"og:site_name\" content=\"Szabad Sz\u00ednh\u00e1z\" \/>\n<meta property=\"article:publisher\" content=\"https:\/\/www.facebook.com\/szabadszinhaz\" \/>\n<meta property=\"article:published_time\" content=\"2025-11-03T23:22:49+00:00\" \/>\n<meta property=\"article:modified_time\" content=\"2025-11-18T05:54:49+00:00\" \/>\n<meta property=\"og:image\" content=\"https:\/\/www.szabadszinhaz.hu\/wp-content\/uploads\/2024\/10\/3-erd-e1759511569990.jpg\" \/>\n\t<meta property=\"og:image:width\" content=\"1410\" \/>\n\t<meta property=\"og:image:height\" content=\"820\" \/>\n\t<meta property=\"og:image:type\" content=\"image\/jpeg\" \/>\n<meta name=\"author\" content=\"Marketing\" \/>\n<meta name=\"twitter:card\" content=\"summary_large_image\" \/>\n<meta name=\"twitter:label1\" content=\"Written by\" \/>\n\t<meta name=\"twitter:data1\" content=\"Marketing\" \/>\n\t<meta name=\"twitter:label2\" content=\"Est. reading time\" \/>\n\t<meta name=\"twitter:data2\" content=\"1 minute\" \/>\n<script type=\"application\/ld+json\" class=\"yoast-schema-graph\">{\"@context\":\"https:\/\/schema.org\",\"@graph\":[{\"@type\":\"Article\",\"@id\":\"https:\/\/www.szabadszinhaz.hu\/urban-peter-kortars-iro-a-harom-erdodi-cimu-1956-os-temaju-kamaradarabja-2025-november-4-en-1900-kor-lathato\/#article\",\"isPartOf\":{\"@id\":\"https:\/\/www.szabadszinhaz.hu\/urban-peter-kortars-iro-a-harom-erdodi-cimu-1956-os-temaju-kamaradarabja-2025-november-4-en-1900-kor-lathato\/\"},\"author\":{\"name\":\"Marketing\",\"@id\":\"https:\/\/www.szabadszinhaz.hu\/#\/schema\/person\/adf33eeeb97d5b38b99716d40eac38df\"},\"headline\":\"Urb\u00e1n P\u00e9ter kort\u00e1rs \u00edr\u00f3 &#8222;A h\u00e1rom Erd\u0151di&#8221; c\u00edm\u0171 1956-os t\u00e9m\u00e1j\u00fa kamaradarabja 2025. November 4-\u00e9n 19:00-kor l\u00e1that\u00f3.\",\"datePublished\":\"2025-11-03T23:22:49+00:00\",\"dateModified\":\"2025-11-18T05:54:49+00:00\",\"mainEntityOfPage\":{\"@id\":\"https:\/\/www.szabadszinhaz.hu\/urban-peter-kortars-iro-a-harom-erdodi-cimu-1956-os-temaju-kamaradarabja-2025-november-4-en-1900-kor-lathato\/\"},\"wordCount\":225,\"commentCount\":0,\"publisher\":{\"@id\":\"https:\/\/www.szabadszinhaz.hu\/#organization\"},\"image\":{\"@id\":\"https:\/\/www.szabadszinhaz.hu\/urban-peter-kortars-iro-a-harom-erdodi-cimu-1956-os-temaju-kamaradarabja-2025-november-4-en-1900-kor-lathato\/#primaryimage\"},\"thumbnailUrl\":\"https:\/\/www.szabadszinhaz.hu\/wp-content\/uploads\/2024\/10\/3-erd-e1759511569990.jpg\",\"articleSection\":[\"Arch\u00edvum\"],\"inLanguage\":\"en-US\",\"potentialAction\":[{\"@type\":\"CommentAction\",\"name\":\"Comment\",\"target\":[\"https:\/\/www.szabadszinhaz.hu\/urban-peter-kortars-iro-a-harom-erdodi-cimu-1956-os-temaju-kamaradarabja-2025-november-4-en-1900-kor-lathato\/#respond\"]}]},{\"@type\":\"WebPage\",\"@id\":\"https:\/\/www.szabadszinhaz.hu\/urban-peter-kortars-iro-a-harom-erdodi-cimu-1956-os-temaju-kamaradarabja-2025-november-4-en-1900-kor-lathato\/\",\"url\":\"https:\/\/www.szabadszinhaz.hu\/urban-peter-kortars-iro-a-harom-erdodi-cimu-1956-os-temaju-kamaradarabja-2025-november-4-en-1900-kor-lathato\/\",\"name\":\"Urb\u00e1n P\u00e9ter kort\u00e1rs \u00edr\u00f3 \\\"A h\u00e1rom Erd\u0151di\\\" c\u00edm\u0171 1956-os t\u00e9m\u00e1j\u00fa kamaradarabja 2025. November 4-\u00e9n 19:00-kor l\u00e1that\u00f3. - Szabad Sz\u00ednh\u00e1z\",\"isPartOf\":{\"@id\":\"https:\/\/www.szabadszinhaz.hu\/#website\"},\"primaryImageOfPage\":{\"@id\":\"https:\/\/www.szabadszinhaz.hu\/urban-peter-kortars-iro-a-harom-erdodi-cimu-1956-os-temaju-kamaradarabja-2025-november-4-en-1900-kor-lathato\/#primaryimage\"},\"image\":{\"@id\":\"https:\/\/www.szabadszinhaz.hu\/urban-peter-kortars-iro-a-harom-erdodi-cimu-1956-os-temaju-kamaradarabja-2025-november-4-en-1900-kor-lathato\/#primaryimage\"},\"thumbnailUrl\":\"https:\/\/www.szabadszinhaz.hu\/wp-content\/uploads\/2024\/10\/3-erd-e1759511569990.jpg\",\"datePublished\":\"2025-11-03T23:22:49+00:00\",\"dateModified\":\"2025-11-18T05:54:49+00:00\",\"breadcrumb\":{\"@id\":\"https:\/\/www.szabadszinhaz.hu\/urban-peter-kortars-iro-a-harom-erdodi-cimu-1956-os-temaju-kamaradarabja-2025-november-4-en-1900-kor-lathato\/#breadcrumb\"},\"inLanguage\":\"en-US\",\"potentialAction\":[{\"@type\":\"ReadAction\",\"target\":[\"https:\/\/www.szabadszinhaz.hu\/urban-peter-kortars-iro-a-harom-erdodi-cimu-1956-os-temaju-kamaradarabja-2025-november-4-en-1900-kor-lathato\/\"]}]},{\"@type\":\"ImageObject\",\"inLanguage\":\"en-US\",\"@id\":\"https:\/\/www.szabadszinhaz.hu\/urban-peter-kortars-iro-a-harom-erdodi-cimu-1956-os-temaju-kamaradarabja-2025-november-4-en-1900-kor-lathato\/#primaryimage\",\"url\":\"https:\/\/www.szabadszinhaz.hu\/wp-content\/uploads\/2024\/10\/3-erd-e1759511569990.jpg\",\"contentUrl\":\"https:\/\/www.szabadszinhaz.hu\/wp-content\/uploads\/2024\/10\/3-erd-e1759511569990.jpg\",\"width\":1410,\"height\":820},{\"@type\":\"BreadcrumbList\",\"@id\":\"https:\/\/www.szabadszinhaz.hu\/urban-peter-kortars-iro-a-harom-erdodi-cimu-1956-os-temaju-kamaradarabja-2025-november-4-en-1900-kor-lathato\/#breadcrumb\",\"itemListElement\":[{\"@type\":\"ListItem\",\"position\":1,\"name\":\"Kezd\u0151lap\",\"item\":\"https:\/\/www.szabadszinhaz.hu\/\"},{\"@type\":\"ListItem\",\"position\":2,\"name\":\"Urb\u00e1n P\u00e9ter kort\u00e1rs \u00edr\u00f3 &#8222;A h\u00e1rom Erd\u0151di&#8221; c\u00edm\u0171 1956-os t\u00e9m\u00e1j\u00fa kamaradarabja 2025. November 4-\u00e9n 19:00-kor l\u00e1that\u00f3.\"}]},{\"@type\":\"WebSite\",\"@id\":\"https:\/\/www.szabadszinhaz.hu\/#website\",\"url\":\"https:\/\/www.szabadszinhaz.hu\/\",\"name\":\"Szabad Sz\u00ednh\u00e1z\",\"description\":\"Szabad Sz\u00ednh\u00e1z\",\"publisher\":{\"@id\":\"https:\/\/www.szabadszinhaz.hu\/#organization\"},\"potentialAction\":[{\"@type\":\"SearchAction\",\"target\":{\"@type\":\"EntryPoint\",\"urlTemplate\":\"https:\/\/www.szabadszinhaz.hu\/?s={search_term_string}\"},\"query-input\":{\"@type\":\"PropertyValueSpecification\",\"valueRequired\":true,\"valueName\":\"search_term_string\"}}],\"inLanguage\":\"en-US\"},{\"@type\":\"Organization\",\"@id\":\"https:\/\/www.szabadszinhaz.hu\/#organization\",\"name\":\"Szabad Sz\u00ednh\u00e1z SZ\u00cdN-T\u00c9R Egyes\u00fclet\",\"url\":\"https:\/\/www.szabadszinhaz.hu\/\",\"logo\":{\"@type\":\"ImageObject\",\"inLanguage\":\"en-US\",\"@id\":\"https:\/\/www.szabadszinhaz.hu\/#\/schema\/logo\/image\/\",\"url\":\"https:\/\/www.szabadszinhaz.hu\/wp-content\/uploads\/2025\/01\/images.jpg\",\"contentUrl\":\"https:\/\/www.szabadszinhaz.hu\/wp-content\/uploads\/2025\/01\/images.jpg\",\"width\":178,\"height\":284,\"caption\":\"Szabad Sz\u00ednh\u00e1z SZ\u00cdN-T\u00c9R Egyes\u00fclet\"},\"image\":{\"@id\":\"https:\/\/www.szabadszinhaz.hu\/#\/schema\/logo\/image\/\"},\"sameAs\":[\"https:\/\/www.facebook.com\/szabadszinhaz\"]},{\"@type\":\"Person\",\"@id\":\"https:\/\/www.szabadszinhaz.hu\/#\/schema\/person\/adf33eeeb97d5b38b99716d40eac38df\",\"name\":\"Marketing\",\"image\":{\"@type\":\"ImageObject\",\"inLanguage\":\"en-US\",\"@id\":\"https:\/\/www.szabadszinhaz.hu\/#\/schema\/person\/image\/\",\"url\":\"https:\/\/secure.gravatar.com\/avatar\/91ecf0292b413a0a2d72ed92f55afccfc56972be6fad751c9cb9a9da4afe01ef?s=96&d=mm&r=g\",\"contentUrl\":\"https:\/\/secure.gravatar.com\/avatar\/91ecf0292b413a0a2d72ed92f55afccfc56972be6fad751c9cb9a9da4afe01ef?s=96&d=mm&r=g\",\"caption\":\"Marketing\"},\"url\":\"https:\/\/www.szabadszinhaz.hu\/en\/author\/marketing_szabszinhaz\/\"}]}<\/script>\n<!-- \/ Yoast SEO plugin. -->","yoast_head_json":{"title":"Urb\u00e1n P\u00e9ter kort\u00e1rs \u00edr\u00f3 \"A h\u00e1rom Erd\u0151di\" c\u00edm\u0171 1956-os t\u00e9m\u00e1j\u00fa kamaradarabja 2025. November 4-\u00e9n 19:00-kor l\u00e1that\u00f3. - Szabad Sz\u00ednh\u00e1z","robots":{"index":"index","follow":"follow","max-snippet":"max-snippet:-1","max-image-preview":"max-image-preview:large","max-video-preview":"max-video-preview:-1"},"canonical":"https:\/\/www.szabadszinhaz.hu\/en\/urban-peter-kortars-iro-a-harom-erdodi-cimu-1956-os-temaju-kamaradarabja-2025-november-4-en-1900-kor-lathato\/","og_locale":"en_US","og_type":"article","og_title":"Urb\u00e1n P\u00e9ter kort\u00e1rs \u00edr\u00f3 \"A h\u00e1rom Erd\u0151di\" c\u00edm\u0171 1956-os t\u00e9m\u00e1j\u00fa kamaradarabja 2025. November 4-\u00e9n 19:00-kor l\u00e1that\u00f3. - Szabad Sz\u00ednh\u00e1z","og_description":"Legk\u00f6zelebb egy \u00e9v m\u00falva, de , aki f\u00fcrge, m\u00e9g holnapra tud foglalni helyet az el\u0151ad\u00e1sra! &nbsp; Urb\u00e1n P\u00e9ter kort\u00e1rs \u00edr\u00f3 &#8222;A h\u00e1rom Erd\u0151di&#8221; c\u00edm\u0171 1956-os t\u00e9m\u00e1j\u00fa kamaradarabja 2025. November 4-\u00e9n [&hellip;]","og_url":"https:\/\/www.szabadszinhaz.hu\/en\/urban-peter-kortars-iro-a-harom-erdodi-cimu-1956-os-temaju-kamaradarabja-2025-november-4-en-1900-kor-lathato\/","og_site_name":"Szabad Sz\u00ednh\u00e1z","article_publisher":"https:\/\/www.facebook.com\/szabadszinhaz","article_published_time":"2025-11-03T23:22:49+00:00","article_modified_time":"2025-11-18T05:54:49+00:00","og_image":[{"width":1410,"height":820,"url":"https:\/\/www.szabadszinhaz.hu\/wp-content\/uploads\/2024\/10\/3-erd-e1759511569990.jpg","type":"image\/jpeg"}],"author":"Marketing","twitter_card":"summary_large_image","twitter_misc":{"Written by":"Marketing","Est. reading time":"1 minute"},"schema":{"@context":"https:\/\/schema.org","@graph":[{"@type":"Article","@id":"https:\/\/www.szabadszinhaz.hu\/urban-peter-kortars-iro-a-harom-erdodi-cimu-1956-os-temaju-kamaradarabja-2025-november-4-en-1900-kor-lathato\/#article","isPartOf":{"@id":"https:\/\/www.szabadszinhaz.hu\/urban-peter-kortars-iro-a-harom-erdodi-cimu-1956-os-temaju-kamaradarabja-2025-november-4-en-1900-kor-lathato\/"},"author":{"name":"Marketing","@id":"https:\/\/www.szabadszinhaz.hu\/#\/schema\/person\/adf33eeeb97d5b38b99716d40eac38df"},"headline":"Urb\u00e1n P\u00e9ter kort\u00e1rs \u00edr\u00f3 &#8222;A h\u00e1rom Erd\u0151di&#8221; c\u00edm\u0171 1956-os t\u00e9m\u00e1j\u00fa kamaradarabja 2025. November 4-\u00e9n 19:00-kor l\u00e1that\u00f3.","datePublished":"2025-11-03T23:22:49+00:00","dateModified":"2025-11-18T05:54:49+00:00","mainEntityOfPage":{"@id":"https:\/\/www.szabadszinhaz.hu\/urban-peter-kortars-iro-a-harom-erdodi-cimu-1956-os-temaju-kamaradarabja-2025-november-4-en-1900-kor-lathato\/"},"wordCount":225,"commentCount":0,"publisher":{"@id":"https:\/\/www.szabadszinhaz.hu\/#organization"},"image":{"@id":"https:\/\/www.szabadszinhaz.hu\/urban-peter-kortars-iro-a-harom-erdodi-cimu-1956-os-temaju-kamaradarabja-2025-november-4-en-1900-kor-lathato\/#primaryimage"},"thumbnailUrl":"https:\/\/www.szabadszinhaz.hu\/wp-content\/uploads\/2024\/10\/3-erd-e1759511569990.jpg","articleSection":["Arch\u00edvum"],"inLanguage":"en-US","potentialAction":[{"@type":"CommentAction","name":"Comment","target":["https:\/\/www.szabadszinhaz.hu\/urban-peter-kortars-iro-a-harom-erdodi-cimu-1956-os-temaju-kamaradarabja-2025-november-4-en-1900-kor-lathato\/#respond"]}]},{"@type":"WebPage","@id":"https:\/\/www.szabadszinhaz.hu\/urban-peter-kortars-iro-a-harom-erdodi-cimu-1956-os-temaju-kamaradarabja-2025-november-4-en-1900-kor-lathato\/","url":"https:\/\/www.szabadszinhaz.hu\/urban-peter-kortars-iro-a-harom-erdodi-cimu-1956-os-temaju-kamaradarabja-2025-november-4-en-1900-kor-lathato\/","name":"Urb\u00e1n P\u00e9ter kort\u00e1rs \u00edr\u00f3 \"A h\u00e1rom Erd\u0151di\" c\u00edm\u0171 1956-os t\u00e9m\u00e1j\u00fa kamaradarabja 2025. November 4-\u00e9n 19:00-kor l\u00e1that\u00f3. - Szabad Sz\u00ednh\u00e1z","isPartOf":{"@id":"https:\/\/www.szabadszinhaz.hu\/#website"},"primaryImageOfPage":{"@id":"https:\/\/www.szabadszinhaz.hu\/urban-peter-kortars-iro-a-harom-erdodi-cimu-1956-os-temaju-kamaradarabja-2025-november-4-en-1900-kor-lathato\/#primaryimage"},"image":{"@id":"https:\/\/www.szabadszinhaz.hu\/urban-peter-kortars-iro-a-harom-erdodi-cimu-1956-os-temaju-kamaradarabja-2025-november-4-en-1900-kor-lathato\/#primaryimage"},"thumbnailUrl":"https:\/\/www.szabadszinhaz.hu\/wp-content\/uploads\/2024\/10\/3-erd-e1759511569990.jpg","datePublished":"2025-11-03T23:22:49+00:00","dateModified":"2025-11-18T05:54:49+00:00","breadcrumb":{"@id":"https:\/\/www.szabadszinhaz.hu\/urban-peter-kortars-iro-a-harom-erdodi-cimu-1956-os-temaju-kamaradarabja-2025-november-4-en-1900-kor-lathato\/#breadcrumb"},"inLanguage":"en-US","potentialAction":[{"@type":"ReadAction","target":["https:\/\/www.szabadszinhaz.hu\/urban-peter-kortars-iro-a-harom-erdodi-cimu-1956-os-temaju-kamaradarabja-2025-november-4-en-1900-kor-lathato\/"]}]},{"@type":"ImageObject","inLanguage":"en-US","@id":"https:\/\/www.szabadszinhaz.hu\/urban-peter-kortars-iro-a-harom-erdodi-cimu-1956-os-temaju-kamaradarabja-2025-november-4-en-1900-kor-lathato\/#primaryimage","url":"https:\/\/www.szabadszinhaz.hu\/wp-content\/uploads\/2024\/10\/3-erd-e1759511569990.jpg","contentUrl":"https:\/\/www.szabadszinhaz.hu\/wp-content\/uploads\/2024\/10\/3-erd-e1759511569990.jpg","width":1410,"height":820},{"@type":"BreadcrumbList","@id":"https:\/\/www.szabadszinhaz.hu\/urban-peter-kortars-iro-a-harom-erdodi-cimu-1956-os-temaju-kamaradarabja-2025-november-4-en-1900-kor-lathato\/#breadcrumb","itemListElement":[{"@type":"ListItem","position":1,"name":"Kezd\u0151lap","item":"https:\/\/www.szabadszinhaz.hu\/"},{"@type":"ListItem","position":2,"name":"Urb\u00e1n P\u00e9ter kort\u00e1rs \u00edr\u00f3 &#8222;A h\u00e1rom Erd\u0151di&#8221; c\u00edm\u0171 1956-os t\u00e9m\u00e1j\u00fa kamaradarabja 2025. November 4-\u00e9n 19:00-kor l\u00e1that\u00f3."}]},{"@type":"WebSite","@id":"https:\/\/www.szabadszinhaz.hu\/#website","url":"https:\/\/www.szabadszinhaz.hu\/","name":"Free Theatre - Szabad Sz\u00ednh\u00e1z","description":"Free Theatre - Szabad Sz\u00ednh\u00e1z","publisher":{"@id":"https:\/\/www.szabadszinhaz.hu\/#organization"},"potentialAction":[{"@type":"SearchAction","target":{"@type":"EntryPoint","urlTemplate":"https:\/\/www.szabadszinhaz.hu\/?s={search_term_string}"},"query-input":{"@type":"PropertyValueSpecification","valueRequired":true,"valueName":"search_term_string"}}],"inLanguage":"en-US"},{"@type":"Organization","@id":"https:\/\/www.szabadszinhaz.hu\/#organization","name":"Szabad Sz\u00ednh\u00e1z SZ\u00cdN-T\u00c9R Egyes\u00fclet","url":"https:\/\/www.szabadszinhaz.hu\/","logo":{"@type":"ImageObject","inLanguage":"en-US","@id":"https:\/\/www.szabadszinhaz.hu\/#\/schema\/logo\/image\/","url":"https:\/\/www.szabadszinhaz.hu\/wp-content\/uploads\/2025\/01\/images.jpg","contentUrl":"https:\/\/www.szabadszinhaz.hu\/wp-content\/uploads\/2025\/01\/images.jpg","width":178,"height":284,"caption":"Szabad Sz\u00ednh\u00e1z SZ\u00cdN-T\u00c9R Egyes\u00fclet"},"image":{"@id":"https:\/\/www.szabadszinhaz.hu\/#\/schema\/logo\/image\/"},"sameAs":["https:\/\/www.facebook.com\/szabadszinhaz"]},{"@type":"Person","@id":"https:\/\/www.szabadszinhaz.hu\/#\/schema\/person\/adf33eeeb97d5b38b99716d40eac38df","name":"Marketing","image":{"@type":"ImageObject","inLanguage":"en-US","@id":"https:\/\/www.szabadszinhaz.hu\/#\/schema\/person\/image\/","url":"https:\/\/secure.gravatar.com\/avatar\/91ecf0292b413a0a2d72ed92f55afccfc56972be6fad751c9cb9a9da4afe01ef?s=96&d=mm&r=g","contentUrl":"https:\/\/secure.gravatar.com\/avatar\/91ecf0292b413a0a2d72ed92f55afccfc56972be6fad751c9cb9a9da4afe01ef?s=96&d=mm&r=g","caption":"Marketing"},"url":"https:\/\/www.szabadszinhaz.hu\/en\/author\/marketing_szabszinhaz\/"}]}},"_links":{"self":[{"href":"https:\/\/www.szabadszinhaz.hu\/en\/wp-json\/wp\/v2\/posts\/9830","targetHints":{"allow":["GET"]}}],"collection":[{"href":"https:\/\/www.szabadszinhaz.hu\/en\/wp-json\/wp\/v2\/posts"}],"about":[{"href":"https:\/\/www.szabadszinhaz.hu\/en\/wp-json\/wp\/v2\/types\/post"}],"author":[{"embeddable":true,"href":"https:\/\/www.szabadszinhaz.hu\/en\/wp-json\/wp\/v2\/users\/4"}],"replies":[{"embeddable":true,"href":"https:\/\/www.szabadszinhaz.hu\/en\/wp-json\/wp\/v2\/comments?post=9830"}],"version-history":[{"count":2,"href":"https:\/\/www.szabadszinhaz.hu\/en\/wp-json\/wp\/v2\/posts\/9830\/revisions"}],"predecessor-version":[{"id":9832,"href":"https:\/\/www.szabadszinhaz.hu\/en\/wp-json\/wp\/v2\/posts\/9830\/revisions\/9832"}],"wp:featuredmedia":[{"embeddable":true,"href":"https:\/\/www.szabadszinhaz.hu\/en\/wp-json\/wp\/v2\/media\/8517"}],"wp:attachment":[{"href":"https:\/\/www.szabadszinhaz.hu\/en\/wp-json\/wp\/v2\/media?parent=9830"}],"wp:term":[{"taxonomy":"category","embeddable":true,"href":"https:\/\/www.szabadszinhaz.hu\/en\/wp-json\/wp\/v2\/categories?post=9830"},{"taxonomy":"post_tag","embeddable":true,"href":"https:\/\/www.szabadszinhaz.hu\/en\/wp-json\/wp\/v2\/tags?post=9830"}],"curies":[{"name":"wp","href":"https:\/\/api.w.org\/{rel}","templated":true}]}}