{"id":9791,"date":"2025-10-14T15:28:26","date_gmt":"2025-10-14T13:28:26","guid":{"rendered":"https:\/\/www.szabadszinhaz.hu\/?p=9791"},"modified":"2025-10-27T01:31:25","modified_gmt":"2025-10-27T00:31:25","slug":"oktober-22-en-szerdan-1900-kor-valamint-november-04-en-1900-kor-a-szabad-szinhaz-urban-peter-a-harom-erdodi-cimu-eloadasaval-emlekezik-az-1956-s-hosokre","status":"publish","type":"post","link":"https:\/\/www.szabadszinhaz.hu\/en\/oktober-22-en-szerdan-1900-kor-valamint-november-04-en-1900-kor-a-szabad-szinhaz-urban-peter-a-harom-erdodi-cimu-eloadasaval-emlekezik-az-1956-s-hosokre\/","title":{"rendered":"Okt\u00f3ber 22-\u00e9n, szerd\u00e1n, 19:00-kor, valamint november 04-\u00e9n, 19:00-kor a  Szabad Sz\u00ednh\u00e1z &#8211; Urb\u00e1n P\u00e9ter: A H\u00e1rom Erd\u0151di c\u00edm\u0171  el\u0151ad\u00e1s\u00e1val eml\u00e9kezik az 1956-s h\u0151s\u00f6kre!"},"content":{"rendered":"<p>Okt\u00f3ber 22-\u00e9n, szerd\u00e1n, 19:00-kor, valamint november 04-\u00e9n, 19:00-kor a <span class=\"html-span xdj266r x14z9mp xat24cr x1lziwak xexx8yu xyri2b x18d9i69 x1c1uobl x1hl2dhg x16tdsg8 x1vvkbs\"><a class=\"x1i10hfl xjbqb8w x1ejq31n x18oe1m7 x1sy0etr xstzfhl x972fbf x10w94by x1qhh985 x14e42zd x9f619 x1ypdohk xt0psk2 x3ct3a4 xdj266r x14z9mp xat24cr x1lziwak xexx8yu xyri2b x18d9i69 x1c1uobl x16tdsg8 x1hl2dhg xggy1nq x1a2a7pz xkrqix3 x1sur9pj x1fey0fg x1s688f\" tabindex=\"0\" role=\"link\" href=\"https:\/\/www.facebook.com\/szabadszinhaz?__cft__[0]=AZUGkTKE5ve6YqgVmto8oHqnYCfbVx1xs2pqtMiH29k9x6ozpt1dU99wjjmOnKN0sbfie7QZRIGy3_gWe1CY3gRl55z8k_e6u-ZWdlpKMAj4-5LJjST7kcim2e9Cbl56ptVhfDijeobrDRQqkQlrYUp0CfwjM8-Ymg4CyhnFnLGMoxA4FJMGxSLENGMaGlL05brbTgweeinnfL1_4NYDmxvA&amp;__tn__=-]K-R\"><span class=\"xt0psk2\"><span class=\"xjp7ctv\">Szabad Sz\u00ednh\u00e1z<\/span><\/span><\/a><\/span> &#8211; <span class=\"html-span xdj266r x14z9mp xat24cr x1lziwak xexx8yu xyri2b x18d9i69 x1c1uobl x1hl2dhg x16tdsg8 x1vvkbs\"><a class=\"x1i10hfl xjbqb8w x1ejq31n x18oe1m7 x1sy0etr xstzfhl x972fbf x10w94by x1qhh985 x14e42zd x9f619 x1ypdohk xt0psk2 x3ct3a4 xdj266r x14z9mp xat24cr x1lziwak xexx8yu xyri2b x18d9i69 x1c1uobl x16tdsg8 x1hl2dhg xggy1nq x1a2a7pz xkrqix3 x1sur9pj x1fey0fg x1s688f\" tabindex=\"0\" role=\"link\" href=\"https:\/\/www.facebook.com\/events\/1288390113033955\/?__cft__[0]=AZUGkTKE5ve6YqgVmto8oHqnYCfbVx1xs2pqtMiH29k9x6ozpt1dU99wjjmOnKN0sbfie7QZRIGy3_gWe1CY3gRl55z8k_e6u-ZWdlpKMAj4-5LJjST7kcim2e9Cbl56ptVhfDijeobrDRQqkQlrYUp0CfwjM8-Ymg4CyhnFnLGMoxA4FJMGxSLENGMaGlL05brbTgweeinnfL1_4NYDmxvA&amp;__tn__=-UK-R\"><span class=\"xt0psk2\"><span class=\"xjp7ctv\">Urb\u00e1n P\u00e9ter: A H\u00e1rom<\/span><\/span><\/a><\/span> Erd\u0151di c\u00edm\u0171 el\u0151ad\u00e1s\u00e1val eml\u00e9kezik az 1956-s h\u0151s\u00f6kre!<\/p>\n","protected":false},"excerpt":{"rendered":"<p>Okt\u00f3ber 22-\u00e9n, szerd\u00e1n, 19:00-kor, valamint november 04-\u00e9n, 19:00-kor a Szabad Sz\u00ednh\u00e1z &#8211; Urb\u00e1n P\u00e9ter: A H\u00e1rom Erd\u0151di c\u00edm\u0171 el\u0151ad\u00e1s\u00e1val eml\u00e9kezik az 1956-s h\u0151s\u00f6kre!<\/p>","protected":false},"author":4,"featured_media":8517,"comment_status":"open","ping_status":"closed","sticky":false,"template":"","format":"standard","meta":{"_et_pb_use_builder":"","_et_pb_old_content":"","_et_gb_content_width":"","_price":"","_stock":"","_tribe_ticket_header":"","_tribe_default_ticket_provider":"","_ticket_start_date":"","_ticket_end_date":"","_tribe_ticket_show_description":"","_tribe_ticket_show_not_going":false,"_tribe_ticket_use_global_stock":"","_tribe_ticket_global_stock_level":"","_global_stock_mode":"","_global_stock_cap":"","_tribe_rsvp_for_event":"","_tribe_ticket_going_count":"","_tribe_ticket_not_going_count":"","_tribe_tickets_list":"[]","_tribe_ticket_has_attendee_info_fields":false,"footnotes":""},"categories":[13],"tags":[],"class_list":["post-9791","post","type-post","status-publish","format-standard","has-post-thumbnail","hentry","category-archivum"],"yoast_head":"<!-- This site is optimized with the Yoast SEO plugin v25.0 - https:\/\/yoast.com\/wordpress\/plugins\/seo\/ -->\n<title>Okt\u00f3ber 22-\u00e9n, szerd\u00e1n, 19:00-kor, valamint november 04-\u00e9n, 19:00-kor a Szabad Sz\u00ednh\u00e1z - Urb\u00e1n P\u00e9ter: A H\u00e1rom Erd\u0151di c\u00edm\u0171 el\u0151ad\u00e1s\u00e1val eml\u00e9kezik az 1956-s h\u0151s\u00f6kre! - Szabad Sz\u00ednh\u00e1z<\/title>\n<meta name=\"robots\" content=\"index, follow, max-snippet:-1, max-image-preview:large, max-video-preview:-1\" \/>\n<link rel=\"canonical\" href=\"https:\/\/www.szabadszinhaz.hu\/en\/oktober-22-en-szerdan-1900-kor-valamint-november-04-en-1900-kor-a-szabad-szinhaz-urban-peter-a-harom-erdodi-cimu-eloadasaval-emlekezik-az-1956-s-hosokre\/\" \/>\n<meta property=\"og:locale\" content=\"en_US\" \/>\n<meta property=\"og:type\" content=\"article\" \/>\n<meta property=\"og:title\" content=\"Okt\u00f3ber 22-\u00e9n, szerd\u00e1n, 19:00-kor, valamint november 04-\u00e9n, 19:00-kor a Szabad Sz\u00ednh\u00e1z - Urb\u00e1n P\u00e9ter: A H\u00e1rom Erd\u0151di c\u00edm\u0171 el\u0151ad\u00e1s\u00e1val eml\u00e9kezik az 1956-s h\u0151s\u00f6kre! - Szabad Sz\u00ednh\u00e1z\" \/>\n<meta property=\"og:description\" content=\"Okt\u00f3ber 22-\u00e9n, szerd\u00e1n, 19:00-kor, valamint november 04-\u00e9n, 19:00-kor a Szabad Sz\u00ednh\u00e1z &#8211; Urb\u00e1n P\u00e9ter: A H\u00e1rom Erd\u0151di c\u00edm\u0171 el\u0151ad\u00e1s\u00e1val eml\u00e9kezik az 1956-s h\u0151s\u00f6kre!\" \/>\n<meta property=\"og:url\" content=\"https:\/\/www.szabadszinhaz.hu\/en\/oktober-22-en-szerdan-1900-kor-valamint-november-04-en-1900-kor-a-szabad-szinhaz-urban-peter-a-harom-erdodi-cimu-eloadasaval-emlekezik-az-1956-s-hosokre\/\" \/>\n<meta property=\"og:site_name\" content=\"Szabad Sz\u00ednh\u00e1z\" \/>\n<meta property=\"article:publisher\" content=\"https:\/\/www.facebook.com\/szabadszinhaz\" \/>\n<meta property=\"article:published_time\" content=\"2025-10-14T13:28:26+00:00\" \/>\n<meta property=\"article:modified_time\" content=\"2025-10-27T00:31:25+00:00\" \/>\n<meta property=\"og:image\" content=\"https:\/\/www.szabadszinhaz.hu\/wp-content\/uploads\/2024\/10\/3-erd-e1759511569990.jpg\" \/>\n\t<meta property=\"og:image:width\" content=\"1410\" \/>\n\t<meta property=\"og:image:height\" content=\"820\" \/>\n\t<meta property=\"og:image:type\" content=\"image\/jpeg\" \/>\n<meta name=\"author\" content=\"Marketing\" \/>\n<meta name=\"twitter:card\" content=\"summary_large_image\" \/>\n<meta name=\"twitter:label1\" content=\"Written by\" \/>\n\t<meta name=\"twitter:data1\" content=\"Marketing\" \/>\n\t<meta name=\"twitter:label2\" content=\"Est. reading time\" \/>\n\t<meta name=\"twitter:data2\" content=\"1 minute\" \/>\n<script type=\"application\/ld+json\" class=\"yoast-schema-graph\">{\"@context\":\"https:\/\/schema.org\",\"@graph\":[{\"@type\":\"Article\",\"@id\":\"https:\/\/www.szabadszinhaz.hu\/oktober-22-en-szerdan-1900-kor-valamint-november-04-en-1900-kor-a-szabad-szinhaz-urban-peter-a-harom-erdodi-cimu-eloadasaval-emlekezik-az-1956-s-hosokre\/#article\",\"isPartOf\":{\"@id\":\"https:\/\/www.szabadszinhaz.hu\/oktober-22-en-szerdan-1900-kor-valamint-november-04-en-1900-kor-a-szabad-szinhaz-urban-peter-a-harom-erdodi-cimu-eloadasaval-emlekezik-az-1956-s-hosokre\/\"},\"author\":{\"name\":\"Marketing\",\"@id\":\"https:\/\/www.szabadszinhaz.hu\/#\/schema\/person\/adf33eeeb97d5b38b99716d40eac38df\"},\"headline\":\"Okt\u00f3ber 22-\u00e9n, szerd\u00e1n, 19:00-kor, valamint november 04-\u00e9n, 19:00-kor a Szabad Sz\u00ednh\u00e1z &#8211; Urb\u00e1n P\u00e9ter: A H\u00e1rom Erd\u0151di c\u00edm\u0171 el\u0151ad\u00e1s\u00e1val eml\u00e9kezik az 1956-s h\u0151s\u00f6kre!\",\"datePublished\":\"2025-10-14T13:28:26+00:00\",\"dateModified\":\"2025-10-27T00:31:25+00:00\",\"mainEntityOfPage\":{\"@id\":\"https:\/\/www.szabadszinhaz.hu\/oktober-22-en-szerdan-1900-kor-valamint-november-04-en-1900-kor-a-szabad-szinhaz-urban-peter-a-harom-erdodi-cimu-eloadasaval-emlekezik-az-1956-s-hosokre\/\"},\"wordCount\":80,\"commentCount\":0,\"publisher\":{\"@id\":\"https:\/\/www.szabadszinhaz.hu\/#organization\"},\"image\":{\"@id\":\"https:\/\/www.szabadszinhaz.hu\/oktober-22-en-szerdan-1900-kor-valamint-november-04-en-1900-kor-a-szabad-szinhaz-urban-peter-a-harom-erdodi-cimu-eloadasaval-emlekezik-az-1956-s-hosokre\/#primaryimage\"},\"thumbnailUrl\":\"https:\/\/www.szabadszinhaz.hu\/wp-content\/uploads\/2024\/10\/3-erd-e1759511569990.jpg\",\"articleSection\":[\"Arch\u00edvum\"],\"inLanguage\":\"en-US\",\"potentialAction\":[{\"@type\":\"CommentAction\",\"name\":\"Comment\",\"target\":[\"https:\/\/www.szabadszinhaz.hu\/oktober-22-en-szerdan-1900-kor-valamint-november-04-en-1900-kor-a-szabad-szinhaz-urban-peter-a-harom-erdodi-cimu-eloadasaval-emlekezik-az-1956-s-hosokre\/#respond\"]}]},{\"@type\":\"WebPage\",\"@id\":\"https:\/\/www.szabadszinhaz.hu\/oktober-22-en-szerdan-1900-kor-valamint-november-04-en-1900-kor-a-szabad-szinhaz-urban-peter-a-harom-erdodi-cimu-eloadasaval-emlekezik-az-1956-s-hosokre\/\",\"url\":\"https:\/\/www.szabadszinhaz.hu\/oktober-22-en-szerdan-1900-kor-valamint-november-04-en-1900-kor-a-szabad-szinhaz-urban-peter-a-harom-erdodi-cimu-eloadasaval-emlekezik-az-1956-s-hosokre\/\",\"name\":\"Okt\u00f3ber 22-\u00e9n, szerd\u00e1n, 19:00-kor, valamint november 04-\u00e9n, 19:00-kor a Szabad Sz\u00ednh\u00e1z - Urb\u00e1n P\u00e9ter: A H\u00e1rom Erd\u0151di c\u00edm\u0171 el\u0151ad\u00e1s\u00e1val eml\u00e9kezik az 1956-s h\u0151s\u00f6kre! - Szabad Sz\u00ednh\u00e1z\",\"isPartOf\":{\"@id\":\"https:\/\/www.szabadszinhaz.hu\/#website\"},\"primaryImageOfPage\":{\"@id\":\"https:\/\/www.szabadszinhaz.hu\/oktober-22-en-szerdan-1900-kor-valamint-november-04-en-1900-kor-a-szabad-szinhaz-urban-peter-a-harom-erdodi-cimu-eloadasaval-emlekezik-az-1956-s-hosokre\/#primaryimage\"},\"image\":{\"@id\":\"https:\/\/www.szabadszinhaz.hu\/oktober-22-en-szerdan-1900-kor-valamint-november-04-en-1900-kor-a-szabad-szinhaz-urban-peter-a-harom-erdodi-cimu-eloadasaval-emlekezik-az-1956-s-hosokre\/#primaryimage\"},\"thumbnailUrl\":\"https:\/\/www.szabadszinhaz.hu\/wp-content\/uploads\/2024\/10\/3-erd-e1759511569990.jpg\",\"datePublished\":\"2025-10-14T13:28:26+00:00\",\"dateModified\":\"2025-10-27T00:31:25+00:00\",\"breadcrumb\":{\"@id\":\"https:\/\/www.szabadszinhaz.hu\/oktober-22-en-szerdan-1900-kor-valamint-november-04-en-1900-kor-a-szabad-szinhaz-urban-peter-a-harom-erdodi-cimu-eloadasaval-emlekezik-az-1956-s-hosokre\/#breadcrumb\"},\"inLanguage\":\"en-US\",\"potentialAction\":[{\"@type\":\"ReadAction\",\"target\":[\"https:\/\/www.szabadszinhaz.hu\/oktober-22-en-szerdan-1900-kor-valamint-november-04-en-1900-kor-a-szabad-szinhaz-urban-peter-a-harom-erdodi-cimu-eloadasaval-emlekezik-az-1956-s-hosokre\/\"]}]},{\"@type\":\"ImageObject\",\"inLanguage\":\"en-US\",\"@id\":\"https:\/\/www.szabadszinhaz.hu\/oktober-22-en-szerdan-1900-kor-valamint-november-04-en-1900-kor-a-szabad-szinhaz-urban-peter-a-harom-erdodi-cimu-eloadasaval-emlekezik-az-1956-s-hosokre\/#primaryimage\",\"url\":\"https:\/\/www.szabadszinhaz.hu\/wp-content\/uploads\/2024\/10\/3-erd-e1759511569990.jpg\",\"contentUrl\":\"https:\/\/www.szabadszinhaz.hu\/wp-content\/uploads\/2024\/10\/3-erd-e1759511569990.jpg\",\"width\":1410,\"height\":820},{\"@type\":\"BreadcrumbList\",\"@id\":\"https:\/\/www.szabadszinhaz.hu\/oktober-22-en-szerdan-1900-kor-valamint-november-04-en-1900-kor-a-szabad-szinhaz-urban-peter-a-harom-erdodi-cimu-eloadasaval-emlekezik-az-1956-s-hosokre\/#breadcrumb\",\"itemListElement\":[{\"@type\":\"ListItem\",\"position\":1,\"name\":\"Kezd\u0151lap\",\"item\":\"https:\/\/www.szabadszinhaz.hu\/\"},{\"@type\":\"ListItem\",\"position\":2,\"name\":\"Okt\u00f3ber 22-\u00e9n, szerd\u00e1n, 19:00-kor, valamint november 04-\u00e9n, 19:00-kor a Szabad Sz\u00ednh\u00e1z &#8211; Urb\u00e1n P\u00e9ter: A H\u00e1rom Erd\u0151di c\u00edm\u0171 el\u0151ad\u00e1s\u00e1val eml\u00e9kezik az 1956-s h\u0151s\u00f6kre!\"}]},{\"@type\":\"WebSite\",\"@id\":\"https:\/\/www.szabadszinhaz.hu\/#website\",\"url\":\"https:\/\/www.szabadszinhaz.hu\/\",\"name\":\"Szabad Sz\u00ednh\u00e1z\",\"description\":\"Szabad Sz\u00ednh\u00e1z\",\"publisher\":{\"@id\":\"https:\/\/www.szabadszinhaz.hu\/#organization\"},\"potentialAction\":[{\"@type\":\"SearchAction\",\"target\":{\"@type\":\"EntryPoint\",\"urlTemplate\":\"https:\/\/www.szabadszinhaz.hu\/?s={search_term_string}\"},\"query-input\":{\"@type\":\"PropertyValueSpecification\",\"valueRequired\":true,\"valueName\":\"search_term_string\"}}],\"inLanguage\":\"en-US\"},{\"@type\":\"Organization\",\"@id\":\"https:\/\/www.szabadszinhaz.hu\/#organization\",\"name\":\"Szabad Sz\u00ednh\u00e1z SZ\u00cdN-T\u00c9R Egyes\u00fclet\",\"url\":\"https:\/\/www.szabadszinhaz.hu\/\",\"logo\":{\"@type\":\"ImageObject\",\"inLanguage\":\"en-US\",\"@id\":\"https:\/\/www.szabadszinhaz.hu\/#\/schema\/logo\/image\/\",\"url\":\"https:\/\/www.szabadszinhaz.hu\/wp-content\/uploads\/2025\/01\/images.jpg\",\"contentUrl\":\"https:\/\/www.szabadszinhaz.hu\/wp-content\/uploads\/2025\/01\/images.jpg\",\"width\":178,\"height\":284,\"caption\":\"Szabad Sz\u00ednh\u00e1z SZ\u00cdN-T\u00c9R Egyes\u00fclet\"},\"image\":{\"@id\":\"https:\/\/www.szabadszinhaz.hu\/#\/schema\/logo\/image\/\"},\"sameAs\":[\"https:\/\/www.facebook.com\/szabadszinhaz\"]},{\"@type\":\"Person\",\"@id\":\"https:\/\/www.szabadszinhaz.hu\/#\/schema\/person\/adf33eeeb97d5b38b99716d40eac38df\",\"name\":\"Marketing\",\"image\":{\"@type\":\"ImageObject\",\"inLanguage\":\"en-US\",\"@id\":\"https:\/\/www.szabadszinhaz.hu\/#\/schema\/person\/image\/\",\"url\":\"https:\/\/secure.gravatar.com\/avatar\/91ecf0292b413a0a2d72ed92f55afccfc56972be6fad751c9cb9a9da4afe01ef?s=96&d=mm&r=g\",\"contentUrl\":\"https:\/\/secure.gravatar.com\/avatar\/91ecf0292b413a0a2d72ed92f55afccfc56972be6fad751c9cb9a9da4afe01ef?s=96&d=mm&r=g\",\"caption\":\"Marketing\"},\"url\":\"https:\/\/www.szabadszinhaz.hu\/en\/author\/marketing_szabszinhaz\/\"}]}<\/script>\n<!-- \/ Yoast SEO plugin. -->","yoast_head_json":{"title":"Okt\u00f3ber 22-\u00e9n, szerd\u00e1n, 19:00-kor, valamint november 04-\u00e9n, 19:00-kor a Szabad Sz\u00ednh\u00e1z - Urb\u00e1n P\u00e9ter: A H\u00e1rom Erd\u0151di c\u00edm\u0171 el\u0151ad\u00e1s\u00e1val eml\u00e9kezik az 1956-s h\u0151s\u00f6kre! - Szabad Sz\u00ednh\u00e1z","robots":{"index":"index","follow":"follow","max-snippet":"max-snippet:-1","max-image-preview":"max-image-preview:large","max-video-preview":"max-video-preview:-1"},"canonical":"https:\/\/www.szabadszinhaz.hu\/en\/oktober-22-en-szerdan-1900-kor-valamint-november-04-en-1900-kor-a-szabad-szinhaz-urban-peter-a-harom-erdodi-cimu-eloadasaval-emlekezik-az-1956-s-hosokre\/","og_locale":"en_US","og_type":"article","og_title":"Okt\u00f3ber 22-\u00e9n, szerd\u00e1n, 19:00-kor, valamint november 04-\u00e9n, 19:00-kor a Szabad Sz\u00ednh\u00e1z - Urb\u00e1n P\u00e9ter: A H\u00e1rom Erd\u0151di c\u00edm\u0171 el\u0151ad\u00e1s\u00e1val eml\u00e9kezik az 1956-s h\u0151s\u00f6kre! - Szabad Sz\u00ednh\u00e1z","og_description":"Okt\u00f3ber 22-\u00e9n, szerd\u00e1n, 19:00-kor, valamint november 04-\u00e9n, 19:00-kor a Szabad Sz\u00ednh\u00e1z &#8211; Urb\u00e1n P\u00e9ter: A H\u00e1rom Erd\u0151di c\u00edm\u0171 el\u0151ad\u00e1s\u00e1val eml\u00e9kezik az 1956-s h\u0151s\u00f6kre!","og_url":"https:\/\/www.szabadszinhaz.hu\/en\/oktober-22-en-szerdan-1900-kor-valamint-november-04-en-1900-kor-a-szabad-szinhaz-urban-peter-a-harom-erdodi-cimu-eloadasaval-emlekezik-az-1956-s-hosokre\/","og_site_name":"Szabad Sz\u00ednh\u00e1z","article_publisher":"https:\/\/www.facebook.com\/szabadszinhaz","article_published_time":"2025-10-14T13:28:26+00:00","article_modified_time":"2025-10-27T00:31:25+00:00","og_image":[{"width":1410,"height":820,"url":"https:\/\/www.szabadszinhaz.hu\/wp-content\/uploads\/2024\/10\/3-erd-e1759511569990.jpg","type":"image\/jpeg"}],"author":"Marketing","twitter_card":"summary_large_image","twitter_misc":{"Written by":"Marketing","Est. reading time":"1 minute"},"schema":{"@context":"https:\/\/schema.org","@graph":[{"@type":"Article","@id":"https:\/\/www.szabadszinhaz.hu\/oktober-22-en-szerdan-1900-kor-valamint-november-04-en-1900-kor-a-szabad-szinhaz-urban-peter-a-harom-erdodi-cimu-eloadasaval-emlekezik-az-1956-s-hosokre\/#article","isPartOf":{"@id":"https:\/\/www.szabadszinhaz.hu\/oktober-22-en-szerdan-1900-kor-valamint-november-04-en-1900-kor-a-szabad-szinhaz-urban-peter-a-harom-erdodi-cimu-eloadasaval-emlekezik-az-1956-s-hosokre\/"},"author":{"name":"Marketing","@id":"https:\/\/www.szabadszinhaz.hu\/#\/schema\/person\/adf33eeeb97d5b38b99716d40eac38df"},"headline":"Okt\u00f3ber 22-\u00e9n, szerd\u00e1n, 19:00-kor, valamint november 04-\u00e9n, 19:00-kor a Szabad Sz\u00ednh\u00e1z &#8211; Urb\u00e1n P\u00e9ter: A H\u00e1rom Erd\u0151di c\u00edm\u0171 el\u0151ad\u00e1s\u00e1val eml\u00e9kezik az 1956-s h\u0151s\u00f6kre!","datePublished":"2025-10-14T13:28:26+00:00","dateModified":"2025-10-27T00:31:25+00:00","mainEntityOfPage":{"@id":"https:\/\/www.szabadszinhaz.hu\/oktober-22-en-szerdan-1900-kor-valamint-november-04-en-1900-kor-a-szabad-szinhaz-urban-peter-a-harom-erdodi-cimu-eloadasaval-emlekezik-az-1956-s-hosokre\/"},"wordCount":80,"commentCount":0,"publisher":{"@id":"https:\/\/www.szabadszinhaz.hu\/#organization"},"image":{"@id":"https:\/\/www.szabadszinhaz.hu\/oktober-22-en-szerdan-1900-kor-valamint-november-04-en-1900-kor-a-szabad-szinhaz-urban-peter-a-harom-erdodi-cimu-eloadasaval-emlekezik-az-1956-s-hosokre\/#primaryimage"},"thumbnailUrl":"https:\/\/www.szabadszinhaz.hu\/wp-content\/uploads\/2024\/10\/3-erd-e1759511569990.jpg","articleSection":["Arch\u00edvum"],"inLanguage":"en-US","potentialAction":[{"@type":"CommentAction","name":"Comment","target":["https:\/\/www.szabadszinhaz.hu\/oktober-22-en-szerdan-1900-kor-valamint-november-04-en-1900-kor-a-szabad-szinhaz-urban-peter-a-harom-erdodi-cimu-eloadasaval-emlekezik-az-1956-s-hosokre\/#respond"]}]},{"@type":"WebPage","@id":"https:\/\/www.szabadszinhaz.hu\/oktober-22-en-szerdan-1900-kor-valamint-november-04-en-1900-kor-a-szabad-szinhaz-urban-peter-a-harom-erdodi-cimu-eloadasaval-emlekezik-az-1956-s-hosokre\/","url":"https:\/\/www.szabadszinhaz.hu\/oktober-22-en-szerdan-1900-kor-valamint-november-04-en-1900-kor-a-szabad-szinhaz-urban-peter-a-harom-erdodi-cimu-eloadasaval-emlekezik-az-1956-s-hosokre\/","name":"Okt\u00f3ber 22-\u00e9n, szerd\u00e1n, 19:00-kor, valamint november 04-\u00e9n, 19:00-kor a Szabad Sz\u00ednh\u00e1z - Urb\u00e1n P\u00e9ter: A H\u00e1rom Erd\u0151di c\u00edm\u0171 el\u0151ad\u00e1s\u00e1val eml\u00e9kezik az 1956-s h\u0151s\u00f6kre! - Szabad Sz\u00ednh\u00e1z","isPartOf":{"@id":"https:\/\/www.szabadszinhaz.hu\/#website"},"primaryImageOfPage":{"@id":"https:\/\/www.szabadszinhaz.hu\/oktober-22-en-szerdan-1900-kor-valamint-november-04-en-1900-kor-a-szabad-szinhaz-urban-peter-a-harom-erdodi-cimu-eloadasaval-emlekezik-az-1956-s-hosokre\/#primaryimage"},"image":{"@id":"https:\/\/www.szabadszinhaz.hu\/oktober-22-en-szerdan-1900-kor-valamint-november-04-en-1900-kor-a-szabad-szinhaz-urban-peter-a-harom-erdodi-cimu-eloadasaval-emlekezik-az-1956-s-hosokre\/#primaryimage"},"thumbnailUrl":"https:\/\/www.szabadszinhaz.hu\/wp-content\/uploads\/2024\/10\/3-erd-e1759511569990.jpg","datePublished":"2025-10-14T13:28:26+00:00","dateModified":"2025-10-27T00:31:25+00:00","breadcrumb":{"@id":"https:\/\/www.szabadszinhaz.hu\/oktober-22-en-szerdan-1900-kor-valamint-november-04-en-1900-kor-a-szabad-szinhaz-urban-peter-a-harom-erdodi-cimu-eloadasaval-emlekezik-az-1956-s-hosokre\/#breadcrumb"},"inLanguage":"en-US","potentialAction":[{"@type":"ReadAction","target":["https:\/\/www.szabadszinhaz.hu\/oktober-22-en-szerdan-1900-kor-valamint-november-04-en-1900-kor-a-szabad-szinhaz-urban-peter-a-harom-erdodi-cimu-eloadasaval-emlekezik-az-1956-s-hosokre\/"]}]},{"@type":"ImageObject","inLanguage":"en-US","@id":"https:\/\/www.szabadszinhaz.hu\/oktober-22-en-szerdan-1900-kor-valamint-november-04-en-1900-kor-a-szabad-szinhaz-urban-peter-a-harom-erdodi-cimu-eloadasaval-emlekezik-az-1956-s-hosokre\/#primaryimage","url":"https:\/\/www.szabadszinhaz.hu\/wp-content\/uploads\/2024\/10\/3-erd-e1759511569990.jpg","contentUrl":"https:\/\/www.szabadszinhaz.hu\/wp-content\/uploads\/2024\/10\/3-erd-e1759511569990.jpg","width":1410,"height":820},{"@type":"BreadcrumbList","@id":"https:\/\/www.szabadszinhaz.hu\/oktober-22-en-szerdan-1900-kor-valamint-november-04-en-1900-kor-a-szabad-szinhaz-urban-peter-a-harom-erdodi-cimu-eloadasaval-emlekezik-az-1956-s-hosokre\/#breadcrumb","itemListElement":[{"@type":"ListItem","position":1,"name":"Kezd\u0151lap","item":"https:\/\/www.szabadszinhaz.hu\/"},{"@type":"ListItem","position":2,"name":"Okt\u00f3ber 22-\u00e9n, szerd\u00e1n, 19:00-kor, valamint november 04-\u00e9n, 19:00-kor a Szabad Sz\u00ednh\u00e1z &#8211; Urb\u00e1n P\u00e9ter: A H\u00e1rom Erd\u0151di c\u00edm\u0171 el\u0151ad\u00e1s\u00e1val eml\u00e9kezik az 1956-s h\u0151s\u00f6kre!"}]},{"@type":"WebSite","@id":"https:\/\/www.szabadszinhaz.hu\/#website","url":"https:\/\/www.szabadszinhaz.hu\/","name":"Free Theatre - Szabad Sz\u00ednh\u00e1z","description":"Free Theatre - Szabad Sz\u00ednh\u00e1z","publisher":{"@id":"https:\/\/www.szabadszinhaz.hu\/#organization"},"potentialAction":[{"@type":"SearchAction","target":{"@type":"EntryPoint","urlTemplate":"https:\/\/www.szabadszinhaz.hu\/?s={search_term_string}"},"query-input":{"@type":"PropertyValueSpecification","valueRequired":true,"valueName":"search_term_string"}}],"inLanguage":"en-US"},{"@type":"Organization","@id":"https:\/\/www.szabadszinhaz.hu\/#organization","name":"Szabad Sz\u00ednh\u00e1z SZ\u00cdN-T\u00c9R Egyes\u00fclet","url":"https:\/\/www.szabadszinhaz.hu\/","logo":{"@type":"ImageObject","inLanguage":"en-US","@id":"https:\/\/www.szabadszinhaz.hu\/#\/schema\/logo\/image\/","url":"https:\/\/www.szabadszinhaz.hu\/wp-content\/uploads\/2025\/01\/images.jpg","contentUrl":"https:\/\/www.szabadszinhaz.hu\/wp-content\/uploads\/2025\/01\/images.jpg","width":178,"height":284,"caption":"Szabad Sz\u00ednh\u00e1z SZ\u00cdN-T\u00c9R Egyes\u00fclet"},"image":{"@id":"https:\/\/www.szabadszinhaz.hu\/#\/schema\/logo\/image\/"},"sameAs":["https:\/\/www.facebook.com\/szabadszinhaz"]},{"@type":"Person","@id":"https:\/\/www.szabadszinhaz.hu\/#\/schema\/person\/adf33eeeb97d5b38b99716d40eac38df","name":"Marketing","image":{"@type":"ImageObject","inLanguage":"en-US","@id":"https:\/\/www.szabadszinhaz.hu\/#\/schema\/person\/image\/","url":"https:\/\/secure.gravatar.com\/avatar\/91ecf0292b413a0a2d72ed92f55afccfc56972be6fad751c9cb9a9da4afe01ef?s=96&d=mm&r=g","contentUrl":"https:\/\/secure.gravatar.com\/avatar\/91ecf0292b413a0a2d72ed92f55afccfc56972be6fad751c9cb9a9da4afe01ef?s=96&d=mm&r=g","caption":"Marketing"},"url":"https:\/\/www.szabadszinhaz.hu\/en\/author\/marketing_szabszinhaz\/"}]}},"_links":{"self":[{"href":"https:\/\/www.szabadszinhaz.hu\/en\/wp-json\/wp\/v2\/posts\/9791","targetHints":{"allow":["GET"]}}],"collection":[{"href":"https:\/\/www.szabadszinhaz.hu\/en\/wp-json\/wp\/v2\/posts"}],"about":[{"href":"https:\/\/www.szabadszinhaz.hu\/en\/wp-json\/wp\/v2\/types\/post"}],"author":[{"embeddable":true,"href":"https:\/\/www.szabadszinhaz.hu\/en\/wp-json\/wp\/v2\/users\/4"}],"replies":[{"embeddable":true,"href":"https:\/\/www.szabadszinhaz.hu\/en\/wp-json\/wp\/v2\/comments?post=9791"}],"version-history":[{"count":1,"href":"https:\/\/www.szabadszinhaz.hu\/en\/wp-json\/wp\/v2\/posts\/9791\/revisions"}],"predecessor-version":[{"id":9792,"href":"https:\/\/www.szabadszinhaz.hu\/en\/wp-json\/wp\/v2\/posts\/9791\/revisions\/9792"}],"wp:featuredmedia":[{"embeddable":true,"href":"https:\/\/www.szabadszinhaz.hu\/en\/wp-json\/wp\/v2\/media\/8517"}],"wp:attachment":[{"href":"https:\/\/www.szabadszinhaz.hu\/en\/wp-json\/wp\/v2\/media?parent=9791"}],"wp:term":[{"taxonomy":"category","embeddable":true,"href":"https:\/\/www.szabadszinhaz.hu\/en\/wp-json\/wp\/v2\/categories?post=9791"},{"taxonomy":"post_tag","embeddable":true,"href":"https:\/\/www.szabadszinhaz.hu\/en\/wp-json\/wp\/v2\/tags?post=9791"}],"curies":[{"name":"wp","href":"https:\/\/api.w.org\/{rel}","templated":true}]}}