{"id":9359,"date":"2025-04-13T23:56:31","date_gmt":"2025-04-13T21:56:31","guid":{"rendered":"https:\/\/www.szabadszinhaz.hu\/?p=9359"},"modified":"2025-05-09T06:36:15","modified_gmt":"2025-05-09T04:36:15","slug":"borbely-levente-miklos-nyerte-a-xv-fehervari-versunnepet","status":"publish","type":"post","link":"https:\/\/www.szabadszinhaz.hu\/en\/borbely-levente-miklos-nyerte-a-xv-fehervari-versunnepet\/","title":{"rendered":"Borb\u00e9ly Levente Mikl\u00f3s nyerte a XV. Feh\u00e9rv\u00e1ri Vers\u00fcnnepet!"},"content":{"rendered":"<p>T\u00f6bbsz\u00f6r\u00f6s b\u00fcszkes\u00e9g van !!Gratul\u00e1lok Mindenkinek, de persze azoknak a legjobban, akik a mi m\u0171helyeinkb\u0151l ker\u00fcltek ki!!<span class=\"html-span xexx8yu x4uap5 x18d9i69 xkhd6sd x1hl2dhg x16tdsg8 x1vvkbs x3nfvp2 x1j61x8r x1fcty0u xdj266r xat24cr xgzva0m xhhsvwb xxymvpz xlup9mm x1kky2od\"><img loading=\"lazy\" decoding=\"async\" class=\"xz74otr x168nmei x13lgxp2 x5pf9jr xo71vjh\" src=\"https:\/\/static.xx.fbcdn.net\/images\/emoji.php\/v9\/t6c\/1\/16\/2764.png\" alt=\"\u2764\ufe0f\" width=\"16\" height=\"16\" \/><\/span><\/p>\n<p>&#8222;Milyen sz\u00e9les az \u00d3ce\u00e1n annak, ki hazagondol&#8221; &#8211; Borb\u00e9ly Levente Mikl\u00f3s Szil\u00e1gyi Domokos Bart\u00f3k Amerik\u00e1ban c\u00edm\u0171 vers\u00e9nek elszaval\u00e1s\u00e1val nyerte meg a XV. Feh\u00e9rv\u00e1ri Vers\u00fcnnepet!<\/p>\n<p>&nbsp;<\/p>\n<p><a href=\"https:\/\/www.facebook.com\/reel\/3957316384531707\">XV. Feh\u00e9rv\u00e1ri Vers\u00fcnnep <\/a><\/p>","protected":false},"excerpt":{"rendered":"<p>T\u00f6bbsz\u00f6r\u00f6s b\u00fcszkes\u00e9g van !!Gratul\u00e1lok Mindenkinek, de persze azoknak a legjobban, akik a mi m\u0171helyeinkb\u0151l ker\u00fcltek ki!! &#8222;Milyen sz\u00e9les az \u00d3ce\u00e1n annak, ki hazagondol&#8221; &#8211; Borb\u00e9ly Levente Mikl\u00f3s Szil\u00e1gyi Domokos Bart\u00f3k [&hellip;]<\/p>\n","protected":false},"author":4,"featured_media":9362,"comment_status":"open","ping_status":"closed","sticky":false,"template":"","format":"standard","meta":{"_et_pb_use_builder":"","_et_pb_old_content":"","_et_gb_content_width":"","_price":"","_stock":"","_tribe_ticket_header":"","_tribe_default_ticket_provider":"","_ticket_start_date":"","_ticket_end_date":"","_tribe_ticket_show_description":"","_tribe_ticket_show_not_going":false,"_tribe_ticket_use_global_stock":"","_tribe_ticket_global_stock_level":"","_global_stock_mode":"","_global_stock_cap":"","_tribe_rsvp_for_event":"","_tribe_ticket_going_count":"","_tribe_ticket_not_going_count":"","_tribe_tickets_list":"[]","_tribe_ticket_has_attendee_info_fields":false,"footnotes":""},"categories":[13],"tags":[],"class_list":["post-9359","post","type-post","status-publish","format-standard","has-post-thumbnail","hentry","category-archivum"],"yoast_head":"<!-- This site is optimized with the Yoast SEO plugin v25.0 - https:\/\/yoast.com\/wordpress\/plugins\/seo\/ -->\n<title>Borb\u00e9ly Levente Mikl\u00f3s nyerte a XV. Feh\u00e9rv\u00e1ri Vers\u00fcnnepet! - Szabad Sz\u00ednh\u00e1z<\/title>\n<meta name=\"robots\" content=\"index, follow, max-snippet:-1, max-image-preview:large, max-video-preview:-1\" \/>\n<link rel=\"canonical\" href=\"https:\/\/www.szabadszinhaz.hu\/en\/borbely-levente-miklos-nyerte-a-xv-fehervari-versunnepet\/\" \/>\n<meta property=\"og:locale\" content=\"en_US\" \/>\n<meta property=\"og:type\" content=\"article\" \/>\n<meta property=\"og:title\" content=\"Borb\u00e9ly Levente Mikl\u00f3s nyerte a XV. Feh\u00e9rv\u00e1ri Vers\u00fcnnepet! - Szabad Sz\u00ednh\u00e1z\" \/>\n<meta property=\"og:description\" content=\"T\u00f6bbsz\u00f6r\u00f6s b\u00fcszkes\u00e9g van !!Gratul\u00e1lok Mindenkinek, de persze azoknak a legjobban, akik a mi m\u0171helyeinkb\u0151l ker\u00fcltek ki!! &#8222;Milyen sz\u00e9les az \u00d3ce\u00e1n annak, ki hazagondol&#8221; &#8211; Borb\u00e9ly Levente Mikl\u00f3s Szil\u00e1gyi Domokos Bart\u00f3k [&hellip;]\" \/>\n<meta property=\"og:url\" content=\"https:\/\/www.szabadszinhaz.hu\/en\/borbely-levente-miklos-nyerte-a-xv-fehervari-versunnepet\/\" \/>\n<meta property=\"og:site_name\" content=\"Szabad Sz\u00ednh\u00e1z\" \/>\n<meta property=\"article:publisher\" content=\"https:\/\/www.facebook.com\/szabadszinhaz\" \/>\n<meta property=\"article:published_time\" content=\"2025-04-13T21:56:31+00:00\" \/>\n<meta property=\"article:modified_time\" content=\"2025-05-09T04:36:15+00:00\" \/>\n<meta property=\"og:image\" content=\"https:\/\/www.szabadszinhaz.hu\/wp-content\/uploads\/2025\/04\/Kepernyokep_13-4-2025_235441_fmc.hu_-1.jpeg\" \/>\n\t<meta property=\"og:image:width\" content=\"307\" \/>\n\t<meta property=\"og:image:height\" content=\"346\" \/>\n\t<meta property=\"og:image:type\" content=\"image\/jpeg\" \/>\n<meta name=\"author\" content=\"Marketing\" \/>\n<meta name=\"twitter:card\" content=\"summary_large_image\" \/>\n<meta name=\"twitter:label1\" content=\"Written by\" \/>\n\t<meta name=\"twitter:data1\" content=\"Marketing\" \/>\n\t<meta name=\"twitter:label2\" content=\"Est. reading time\" \/>\n\t<meta name=\"twitter:data2\" content=\"1 minute\" \/>\n<script type=\"application\/ld+json\" class=\"yoast-schema-graph\">{\"@context\":\"https:\/\/schema.org\",\"@graph\":[{\"@type\":\"Article\",\"@id\":\"https:\/\/www.szabadszinhaz.hu\/borbely-levente-miklos-nyerte-a-xv-fehervari-versunnepet\/#article\",\"isPartOf\":{\"@id\":\"https:\/\/www.szabadszinhaz.hu\/borbely-levente-miklos-nyerte-a-xv-fehervari-versunnepet\/\"},\"author\":{\"name\":\"Marketing\",\"@id\":\"https:\/\/www.szabadszinhaz.hu\/#\/schema\/person\/adf33eeeb97d5b38b99716d40eac38df\"},\"headline\":\"Borb\u00e9ly Levente Mikl\u00f3s nyerte a XV. Feh\u00e9rv\u00e1ri Vers\u00fcnnepet!\",\"datePublished\":\"2025-04-13T21:56:31+00:00\",\"dateModified\":\"2025-05-09T04:36:15+00:00\",\"mainEntityOfPage\":{\"@id\":\"https:\/\/www.szabadszinhaz.hu\/borbely-levente-miklos-nyerte-a-xv-fehervari-versunnepet\/\"},\"wordCount\":83,\"commentCount\":0,\"publisher\":{\"@id\":\"https:\/\/www.szabadszinhaz.hu\/#organization\"},\"image\":{\"@id\":\"https:\/\/www.szabadszinhaz.hu\/borbely-levente-miklos-nyerte-a-xv-fehervari-versunnepet\/#primaryimage\"},\"thumbnailUrl\":\"https:\/\/www.szabadszinhaz.hu\/wp-content\/uploads\/2025\/04\/Kepernyokep_13-4-2025_235441_fmc.hu_-1.jpeg\",\"articleSection\":[\"Arch\u00edvum\"],\"inLanguage\":\"en-US\",\"potentialAction\":[{\"@type\":\"CommentAction\",\"name\":\"Comment\",\"target\":[\"https:\/\/www.szabadszinhaz.hu\/borbely-levente-miklos-nyerte-a-xv-fehervari-versunnepet\/#respond\"]}]},{\"@type\":\"WebPage\",\"@id\":\"https:\/\/www.szabadszinhaz.hu\/borbely-levente-miklos-nyerte-a-xv-fehervari-versunnepet\/\",\"url\":\"https:\/\/www.szabadszinhaz.hu\/borbely-levente-miklos-nyerte-a-xv-fehervari-versunnepet\/\",\"name\":\"Borb\u00e9ly Levente Mikl\u00f3s nyerte a XV. Feh\u00e9rv\u00e1ri Vers\u00fcnnepet! - Szabad Sz\u00ednh\u00e1z\",\"isPartOf\":{\"@id\":\"https:\/\/www.szabadszinhaz.hu\/#website\"},\"primaryImageOfPage\":{\"@id\":\"https:\/\/www.szabadszinhaz.hu\/borbely-levente-miklos-nyerte-a-xv-fehervari-versunnepet\/#primaryimage\"},\"image\":{\"@id\":\"https:\/\/www.szabadszinhaz.hu\/borbely-levente-miklos-nyerte-a-xv-fehervari-versunnepet\/#primaryimage\"},\"thumbnailUrl\":\"https:\/\/www.szabadszinhaz.hu\/wp-content\/uploads\/2025\/04\/Kepernyokep_13-4-2025_235441_fmc.hu_-1.jpeg\",\"datePublished\":\"2025-04-13T21:56:31+00:00\",\"dateModified\":\"2025-05-09T04:36:15+00:00\",\"breadcrumb\":{\"@id\":\"https:\/\/www.szabadszinhaz.hu\/borbely-levente-miklos-nyerte-a-xv-fehervari-versunnepet\/#breadcrumb\"},\"inLanguage\":\"en-US\",\"potentialAction\":[{\"@type\":\"ReadAction\",\"target\":[\"https:\/\/www.szabadszinhaz.hu\/borbely-levente-miklos-nyerte-a-xv-fehervari-versunnepet\/\"]}]},{\"@type\":\"ImageObject\",\"inLanguage\":\"en-US\",\"@id\":\"https:\/\/www.szabadszinhaz.hu\/borbely-levente-miklos-nyerte-a-xv-fehervari-versunnepet\/#primaryimage\",\"url\":\"https:\/\/www.szabadszinhaz.hu\/wp-content\/uploads\/2025\/04\/Kepernyokep_13-4-2025_235441_fmc.hu_-1.jpeg\",\"contentUrl\":\"https:\/\/www.szabadszinhaz.hu\/wp-content\/uploads\/2025\/04\/Kepernyokep_13-4-2025_235441_fmc.hu_-1.jpeg\",\"width\":307,\"height\":346},{\"@type\":\"BreadcrumbList\",\"@id\":\"https:\/\/www.szabadszinhaz.hu\/borbely-levente-miklos-nyerte-a-xv-fehervari-versunnepet\/#breadcrumb\",\"itemListElement\":[{\"@type\":\"ListItem\",\"position\":1,\"name\":\"Kezd\u0151lap\",\"item\":\"https:\/\/www.szabadszinhaz.hu\/\"},{\"@type\":\"ListItem\",\"position\":2,\"name\":\"Borb\u00e9ly Levente Mikl\u00f3s nyerte a XV. Feh\u00e9rv\u00e1ri Vers\u00fcnnepet!\"}]},{\"@type\":\"WebSite\",\"@id\":\"https:\/\/www.szabadszinhaz.hu\/#website\",\"url\":\"https:\/\/www.szabadszinhaz.hu\/\",\"name\":\"Szabad Sz\u00ednh\u00e1z\",\"description\":\"Szabad Sz\u00ednh\u00e1z\",\"publisher\":{\"@id\":\"https:\/\/www.szabadszinhaz.hu\/#organization\"},\"potentialAction\":[{\"@type\":\"SearchAction\",\"target\":{\"@type\":\"EntryPoint\",\"urlTemplate\":\"https:\/\/www.szabadszinhaz.hu\/?s={search_term_string}\"},\"query-input\":{\"@type\":\"PropertyValueSpecification\",\"valueRequired\":true,\"valueName\":\"search_term_string\"}}],\"inLanguage\":\"en-US\"},{\"@type\":\"Organization\",\"@id\":\"https:\/\/www.szabadszinhaz.hu\/#organization\",\"name\":\"Szabad Sz\u00ednh\u00e1z SZ\u00cdN-T\u00c9R Egyes\u00fclet\",\"url\":\"https:\/\/www.szabadszinhaz.hu\/\",\"logo\":{\"@type\":\"ImageObject\",\"inLanguage\":\"en-US\",\"@id\":\"https:\/\/www.szabadszinhaz.hu\/#\/schema\/logo\/image\/\",\"url\":\"https:\/\/www.szabadszinhaz.hu\/wp-content\/uploads\/2025\/01\/images.jpg\",\"contentUrl\":\"https:\/\/www.szabadszinhaz.hu\/wp-content\/uploads\/2025\/01\/images.jpg\",\"width\":178,\"height\":284,\"caption\":\"Szabad Sz\u00ednh\u00e1z SZ\u00cdN-T\u00c9R Egyes\u00fclet\"},\"image\":{\"@id\":\"https:\/\/www.szabadszinhaz.hu\/#\/schema\/logo\/image\/\"},\"sameAs\":[\"https:\/\/www.facebook.com\/szabadszinhaz\"]},{\"@type\":\"Person\",\"@id\":\"https:\/\/www.szabadszinhaz.hu\/#\/schema\/person\/adf33eeeb97d5b38b99716d40eac38df\",\"name\":\"Marketing\",\"image\":{\"@type\":\"ImageObject\",\"inLanguage\":\"en-US\",\"@id\":\"https:\/\/www.szabadszinhaz.hu\/#\/schema\/person\/image\/\",\"url\":\"https:\/\/secure.gravatar.com\/avatar\/91ecf0292b413a0a2d72ed92f55afccfc56972be6fad751c9cb9a9da4afe01ef?s=96&d=mm&r=g\",\"contentUrl\":\"https:\/\/secure.gravatar.com\/avatar\/91ecf0292b413a0a2d72ed92f55afccfc56972be6fad751c9cb9a9da4afe01ef?s=96&d=mm&r=g\",\"caption\":\"Marketing\"},\"url\":\"https:\/\/www.szabadszinhaz.hu\/en\/author\/marketing_szabszinhaz\/\"}]}<\/script>\n<!-- \/ Yoast SEO plugin. -->","yoast_head_json":{"title":"Borb\u00e9ly Levente Mikl\u00f3s nyerte a XV. Feh\u00e9rv\u00e1ri Vers\u00fcnnepet! - Szabad Sz\u00ednh\u00e1z","robots":{"index":"index","follow":"follow","max-snippet":"max-snippet:-1","max-image-preview":"max-image-preview:large","max-video-preview":"max-video-preview:-1"},"canonical":"https:\/\/www.szabadszinhaz.hu\/en\/borbely-levente-miklos-nyerte-a-xv-fehervari-versunnepet\/","og_locale":"en_US","og_type":"article","og_title":"Borb\u00e9ly Levente Mikl\u00f3s nyerte a XV. Feh\u00e9rv\u00e1ri Vers\u00fcnnepet! - Szabad Sz\u00ednh\u00e1z","og_description":"T\u00f6bbsz\u00f6r\u00f6s b\u00fcszkes\u00e9g van !!Gratul\u00e1lok Mindenkinek, de persze azoknak a legjobban, akik a mi m\u0171helyeinkb\u0151l ker\u00fcltek ki!! &#8222;Milyen sz\u00e9les az \u00d3ce\u00e1n annak, ki hazagondol&#8221; &#8211; Borb\u00e9ly Levente Mikl\u00f3s Szil\u00e1gyi Domokos Bart\u00f3k [&hellip;]","og_url":"https:\/\/www.szabadszinhaz.hu\/en\/borbely-levente-miklos-nyerte-a-xv-fehervari-versunnepet\/","og_site_name":"Szabad Sz\u00ednh\u00e1z","article_publisher":"https:\/\/www.facebook.com\/szabadszinhaz","article_published_time":"2025-04-13T21:56:31+00:00","article_modified_time":"2025-05-09T04:36:15+00:00","og_image":[{"width":307,"height":346,"url":"https:\/\/www.szabadszinhaz.hu\/wp-content\/uploads\/2025\/04\/Kepernyokep_13-4-2025_235441_fmc.hu_-1.jpeg","type":"image\/jpeg"}],"author":"Marketing","twitter_card":"summary_large_image","twitter_misc":{"Written by":"Marketing","Est. reading time":"1 minute"},"schema":{"@context":"https:\/\/schema.org","@graph":[{"@type":"Article","@id":"https:\/\/www.szabadszinhaz.hu\/borbely-levente-miklos-nyerte-a-xv-fehervari-versunnepet\/#article","isPartOf":{"@id":"https:\/\/www.szabadszinhaz.hu\/borbely-levente-miklos-nyerte-a-xv-fehervari-versunnepet\/"},"author":{"name":"Marketing","@id":"https:\/\/www.szabadszinhaz.hu\/#\/schema\/person\/adf33eeeb97d5b38b99716d40eac38df"},"headline":"Borb\u00e9ly Levente Mikl\u00f3s nyerte a XV. Feh\u00e9rv\u00e1ri Vers\u00fcnnepet!","datePublished":"2025-04-13T21:56:31+00:00","dateModified":"2025-05-09T04:36:15+00:00","mainEntityOfPage":{"@id":"https:\/\/www.szabadszinhaz.hu\/borbely-levente-miklos-nyerte-a-xv-fehervari-versunnepet\/"},"wordCount":83,"commentCount":0,"publisher":{"@id":"https:\/\/www.szabadszinhaz.hu\/#organization"},"image":{"@id":"https:\/\/www.szabadszinhaz.hu\/borbely-levente-miklos-nyerte-a-xv-fehervari-versunnepet\/#primaryimage"},"thumbnailUrl":"https:\/\/www.szabadszinhaz.hu\/wp-content\/uploads\/2025\/04\/Kepernyokep_13-4-2025_235441_fmc.hu_-1.jpeg","articleSection":["Arch\u00edvum"],"inLanguage":"en-US","potentialAction":[{"@type":"CommentAction","name":"Comment","target":["https:\/\/www.szabadszinhaz.hu\/borbely-levente-miklos-nyerte-a-xv-fehervari-versunnepet\/#respond"]}]},{"@type":"WebPage","@id":"https:\/\/www.szabadszinhaz.hu\/borbely-levente-miklos-nyerte-a-xv-fehervari-versunnepet\/","url":"https:\/\/www.szabadszinhaz.hu\/borbely-levente-miklos-nyerte-a-xv-fehervari-versunnepet\/","name":"Borb\u00e9ly Levente Mikl\u00f3s nyerte a XV. Feh\u00e9rv\u00e1ri Vers\u00fcnnepet! - Szabad Sz\u00ednh\u00e1z","isPartOf":{"@id":"https:\/\/www.szabadszinhaz.hu\/#website"},"primaryImageOfPage":{"@id":"https:\/\/www.szabadszinhaz.hu\/borbely-levente-miklos-nyerte-a-xv-fehervari-versunnepet\/#primaryimage"},"image":{"@id":"https:\/\/www.szabadszinhaz.hu\/borbely-levente-miklos-nyerte-a-xv-fehervari-versunnepet\/#primaryimage"},"thumbnailUrl":"https:\/\/www.szabadszinhaz.hu\/wp-content\/uploads\/2025\/04\/Kepernyokep_13-4-2025_235441_fmc.hu_-1.jpeg","datePublished":"2025-04-13T21:56:31+00:00","dateModified":"2025-05-09T04:36:15+00:00","breadcrumb":{"@id":"https:\/\/www.szabadszinhaz.hu\/borbely-levente-miklos-nyerte-a-xv-fehervari-versunnepet\/#breadcrumb"},"inLanguage":"en-US","potentialAction":[{"@type":"ReadAction","target":["https:\/\/www.szabadszinhaz.hu\/borbely-levente-miklos-nyerte-a-xv-fehervari-versunnepet\/"]}]},{"@type":"ImageObject","inLanguage":"en-US","@id":"https:\/\/www.szabadszinhaz.hu\/borbely-levente-miklos-nyerte-a-xv-fehervari-versunnepet\/#primaryimage","url":"https:\/\/www.szabadszinhaz.hu\/wp-content\/uploads\/2025\/04\/Kepernyokep_13-4-2025_235441_fmc.hu_-1.jpeg","contentUrl":"https:\/\/www.szabadszinhaz.hu\/wp-content\/uploads\/2025\/04\/Kepernyokep_13-4-2025_235441_fmc.hu_-1.jpeg","width":307,"height":346},{"@type":"BreadcrumbList","@id":"https:\/\/www.szabadszinhaz.hu\/borbely-levente-miklos-nyerte-a-xv-fehervari-versunnepet\/#breadcrumb","itemListElement":[{"@type":"ListItem","position":1,"name":"Kezd\u0151lap","item":"https:\/\/www.szabadszinhaz.hu\/"},{"@type":"ListItem","position":2,"name":"Borb\u00e9ly Levente Mikl\u00f3s nyerte a XV. Feh\u00e9rv\u00e1ri Vers\u00fcnnepet!"}]},{"@type":"WebSite","@id":"https:\/\/www.szabadszinhaz.hu\/#website","url":"https:\/\/www.szabadszinhaz.hu\/","name":"Free Theatre - Szabad Sz\u00ednh\u00e1z","description":"Free Theatre - Szabad Sz\u00ednh\u00e1z","publisher":{"@id":"https:\/\/www.szabadszinhaz.hu\/#organization"},"potentialAction":[{"@type":"SearchAction","target":{"@type":"EntryPoint","urlTemplate":"https:\/\/www.szabadszinhaz.hu\/?s={search_term_string}"},"query-input":{"@type":"PropertyValueSpecification","valueRequired":true,"valueName":"search_term_string"}}],"inLanguage":"en-US"},{"@type":"Organization","@id":"https:\/\/www.szabadszinhaz.hu\/#organization","name":"Szabad Sz\u00ednh\u00e1z SZ\u00cdN-T\u00c9R Egyes\u00fclet","url":"https:\/\/www.szabadszinhaz.hu\/","logo":{"@type":"ImageObject","inLanguage":"en-US","@id":"https:\/\/www.szabadszinhaz.hu\/#\/schema\/logo\/image\/","url":"https:\/\/www.szabadszinhaz.hu\/wp-content\/uploads\/2025\/01\/images.jpg","contentUrl":"https:\/\/www.szabadszinhaz.hu\/wp-content\/uploads\/2025\/01\/images.jpg","width":178,"height":284,"caption":"Szabad Sz\u00ednh\u00e1z SZ\u00cdN-T\u00c9R Egyes\u00fclet"},"image":{"@id":"https:\/\/www.szabadszinhaz.hu\/#\/schema\/logo\/image\/"},"sameAs":["https:\/\/www.facebook.com\/szabadszinhaz"]},{"@type":"Person","@id":"https:\/\/www.szabadszinhaz.hu\/#\/schema\/person\/adf33eeeb97d5b38b99716d40eac38df","name":"Marketing","image":{"@type":"ImageObject","inLanguage":"en-US","@id":"https:\/\/www.szabadszinhaz.hu\/#\/schema\/person\/image\/","url":"https:\/\/secure.gravatar.com\/avatar\/91ecf0292b413a0a2d72ed92f55afccfc56972be6fad751c9cb9a9da4afe01ef?s=96&d=mm&r=g","contentUrl":"https:\/\/secure.gravatar.com\/avatar\/91ecf0292b413a0a2d72ed92f55afccfc56972be6fad751c9cb9a9da4afe01ef?s=96&d=mm&r=g","caption":"Marketing"},"url":"https:\/\/www.szabadszinhaz.hu\/en\/author\/marketing_szabszinhaz\/"}]}},"_links":{"self":[{"href":"https:\/\/www.szabadszinhaz.hu\/en\/wp-json\/wp\/v2\/posts\/9359","targetHints":{"allow":["GET"]}}],"collection":[{"href":"https:\/\/www.szabadszinhaz.hu\/en\/wp-json\/wp\/v2\/posts"}],"about":[{"href":"https:\/\/www.szabadszinhaz.hu\/en\/wp-json\/wp\/v2\/types\/post"}],"author":[{"embeddable":true,"href":"https:\/\/www.szabadszinhaz.hu\/en\/wp-json\/wp\/v2\/users\/4"}],"replies":[{"embeddable":true,"href":"https:\/\/www.szabadszinhaz.hu\/en\/wp-json\/wp\/v2\/comments?post=9359"}],"version-history":[{"count":1,"href":"https:\/\/www.szabadszinhaz.hu\/en\/wp-json\/wp\/v2\/posts\/9359\/revisions"}],"predecessor-version":[{"id":9361,"href":"https:\/\/www.szabadszinhaz.hu\/en\/wp-json\/wp\/v2\/posts\/9359\/revisions\/9361"}],"wp:featuredmedia":[{"embeddable":true,"href":"https:\/\/www.szabadszinhaz.hu\/en\/wp-json\/wp\/v2\/media\/9362"}],"wp:attachment":[{"href":"https:\/\/www.szabadszinhaz.hu\/en\/wp-json\/wp\/v2\/media?parent=9359"}],"wp:term":[{"taxonomy":"category","embeddable":true,"href":"https:\/\/www.szabadszinhaz.hu\/en\/wp-json\/wp\/v2\/categories?post=9359"},{"taxonomy":"post_tag","embeddable":true,"href":"https:\/\/www.szabadszinhaz.hu\/en\/wp-json\/wp\/v2\/tags?post=9359"}],"curies":[{"name":"wp","href":"https:\/\/api.w.org\/{rel}","templated":true}]}}