{"id":8288,"date":"2024-08-08T22:52:00","date_gmt":"2024-08-08T20:52:00","guid":{"rendered":"http:\/\/www.szabadszinhaz.hu\/?p=8288"},"modified":"2024-09-02T21:50:50","modified_gmt":"2024-09-02T19:50:50","slug":"ujabb-adomanyt-kapott-a-borcsok-eniko-gyermek-es-ifjusagi-szinhaz-a-hold-antikvarium","status":"publish","type":"post","link":"https:\/\/www.szabadszinhaz.hu\/en\/ujabb-adomanyt-kapott-a-borcsok-eniko-gyermek-es-ifjusagi-szinhaz-a-hold-antikvarium\/","title":{"rendered":"\u00dajabb adom\u00e1nyt kapott a B\u00f6rcs\u00f6k Enik\u0151 Gyermek- \u00e9s Ifj\u00fas\u00e1gi Sz\u00ednh\u00e1z, a @Hold Antikv\u00e1rium"},"content":{"rendered":"<p><span class=\"x193iq5w xeuugli x13faqbe x1vvkbs x1xmvt09 x1lliihq x1s928wv xhkezso x1gmr53x x1cpjm7i x1fgarty x1943h6x xudqn12 x3x7a5m x6prxxf xvq8zen xo1l8bm xzsf02u x1yc453h\" dir=\"auto\">Ma \u00fajabb adom\u00e1nyt kapott a B\u00f6rcs\u00f6k Enik\u0151 Gyermek- \u00e9s Ifj\u00fas\u00e1gi Sz\u00ednh\u00e1z, a @Hold Antikv\u00e1rium j\u00f3volt\u00e1b\u00f3l. Kalandos volt az \u00e1tad\u00f3, mert meg is kellett tal\u00e1lnom az install\u00e1ci\u00f3ban. L\u00e1szl\u00f3 Gyurcsik egy lampionba rejtette a vesp\u00e1k f\u00f6l\u00e9. Ez\u00faton is k\u00f6sz\u00f6n\u00fck Mindenkinek,aki adom\u00e1ny\u00e1val seg\u00edtette a gyermekcsoportok m\u0171k\u00f6d\u00e9s\u00e9t.<span class=\"html-span xdj266r x11i5rnm xat24cr x1mh8g0r xexx8yu x4uap5 x18d9i69 xkhd6sd x1hl2dhg x16tdsg8 x1vvkbs\"><a class=\"x1i10hfl xjbqb8w x1ejq31n xd10rxx x1sy0etr x17r0tee x972fbf xcfux6l x1qhh985 xm0m39n x9f619 x1ypdohk xt0psk2 xe8uvvx xdj266r x11i5rnm xat24cr x1mh8g0r xexx8yu x4uap5 x18d9i69 xkhd6sd x16tdsg8 x1hl2dhg xggy1nq x1a2a7pz x1sur9pj xkrqix3 x1fey0fg xo1l8bm\" tabindex=\"0\" role=\"link\" href=\"https:\/\/www.facebook.com\/hashtag\/sz%C3%A9kesfeh%C3%A9rv%C3%A1r?__eep__=6&amp;__cft__[0]=AZUl3KIsTCwWv8wOrx1rCM74aG8p7aKHbVflCZke0oPUfRkFNV9-LK8wDotx_6kfITe4JqTjuqnSiUiXnLl1UMdF0yz3fT4oPv73Qv-ZaUvljNqu0AKlpG6Y2B0ugVvMGJVB9kfDeT7_eSiEu-WandH1ywohDZjPXWveEmf_osdfWDdCT5ZEH6NNcAuH3-c4L_g&amp;__tn__=*NK-R\">#sz\u00e9kesfeh\u00e9rv\u00e1r<\/a><\/span>,<span class=\"html-span xdj266r x11i5rnm xat24cr x1mh8g0r xexx8yu x4uap5 x18d9i69 xkhd6sd x1hl2dhg x16tdsg8 x1vvkbs\"><a class=\"x1i10hfl xjbqb8w x1ejq31n xd10rxx x1sy0etr x17r0tee x972fbf xcfux6l x1qhh985 xm0m39n x9f619 x1ypdohk xt0psk2 xe8uvvx xdj266r x11i5rnm xat24cr x1mh8g0r xexx8yu x4uap5 x18d9i69 xkhd6sd x16tdsg8 x1hl2dhg xggy1nq x1a2a7pz x1sur9pj xkrqix3 x1fey0fg xo1l8bm\" tabindex=\"0\" role=\"link\" href=\"https:\/\/www.facebook.com\/hashtag\/holdantikv%C3%A1rium?__eep__=6&amp;__cft__[0]=AZUl3KIsTCwWv8wOrx1rCM74aG8p7aKHbVflCZke0oPUfRkFNV9-LK8wDotx_6kfITe4JqTjuqnSiUiXnLl1UMdF0yz3fT4oPv73Qv-ZaUvljNqu0AKlpG6Y2B0ugVvMGJVB9kfDeT7_eSiEu-WandH1ywohDZjPXWveEmf_osdfWDdCT5ZEH6NNcAuH3-c4L_g&amp;__tn__=*NK-R\">#holdantikv\u00e1rium<\/a><\/span>,<span class=\"html-span xdj266r x11i5rnm xat24cr x1mh8g0r xexx8yu x4uap5 x18d9i69 xkhd6sd x1hl2dhg x16tdsg8 x1vvkbs\"><a class=\"x1i10hfl xjbqb8w x1ejq31n xd10rxx x1sy0etr x17r0tee x972fbf xcfux6l x1qhh985 xm0m39n x9f619 x1ypdohk xt0psk2 xe8uvvx xdj266r x11i5rnm xat24cr x1mh8g0r xexx8yu x4uap5 x18d9i69 xkhd6sd x16tdsg8 x1hl2dhg xggy1nq x1a2a7pz x1sur9pj xkrqix3 x1fey0fg xo1l8bm\" tabindex=\"0\" role=\"link\" href=\"https:\/\/www.facebook.com\/hashtag\/szabadsz%C3%ADnh%C3%A1z?__eep__=6&amp;__cft__[0]=AZUl3KIsTCwWv8wOrx1rCM74aG8p7aKHbVflCZke0oPUfRkFNV9-LK8wDotx_6kfITe4JqTjuqnSiUiXnLl1UMdF0yz3fT4oPv73Qv-ZaUvljNqu0AKlpG6Y2B0ugVvMGJVB9kfDeT7_eSiEu-WandH1ywohDZjPXWveEmf_osdfWDdCT5ZEH6NNcAuH3-c4L_g&amp;__tn__=*NK-R\">#szabadsz\u00ednh\u00e1z<\/a><\/span><\/span><\/p>\n<p><img loading=\"lazy\" decoding=\"async\" class=\"alignnone size-medium wp-image-8289\" src=\"\/wp-content\/uploads\/2024\/08\/BE-adomany8.2024-225x300.jpg\" alt=\"\" width=\"225\" height=\"300\" \/><img loading=\"lazy\" decoding=\"async\" class=\"alignnone size-medium wp-image-8291\" src=\"\/wp-content\/uploads\/2024\/08\/BE-adomany6.2024-135x300.jpg\" alt=\"\" width=\"135\" height=\"300\" \/><img loading=\"lazy\" decoding=\"async\" class=\"alignnone size-medium wp-image-8292\" src=\"\/wp-content\/uploads\/2024\/08\/BE-adomany4.2024-135x300.jpg\" alt=\"\" width=\"135\" height=\"300\" \/><img loading=\"lazy\" decoding=\"async\" class=\"alignnone size-medium wp-image-8293\" src=\"\/wp-content\/uploads\/2024\/08\/BE-adomany3.2024-135x300.jpg\" alt=\"\" width=\"135\" height=\"300\" \/><img loading=\"lazy\" decoding=\"async\" class=\"alignnone size-medium wp-image-8294\" src=\"\/wp-content\/uploads\/2024\/08\/BE-adomany1.2024-135x300.jpg\" alt=\"\" width=\"135\" height=\"300\" \/><img loading=\"lazy\" decoding=\"async\" class=\"alignnone size-medium wp-image-8295\" src=\"\/wp-content\/uploads\/2024\/08\/BE-adomany-2024-135x300.jpg\" alt=\"\" width=\"135\" height=\"300\" \/><img loading=\"lazy\" decoding=\"async\" class=\"alignnone size-medium wp-image-8296\" src=\"\/wp-content\/uploads\/2024\/08\/BE-adomeny4.2024-135x300.jpg\" alt=\"\" width=\"135\" height=\"300\" \/><img loading=\"lazy\" decoding=\"async\" class=\"alignnone size-medium wp-image-8290\" src=\"\/wp-content\/uploads\/2024\/08\/BE-adomany2.2024-135x300.jpg\" alt=\"\" width=\"135\" height=\"300\" \/><img loading=\"lazy\" decoding=\"async\" class=\"alignnone size-medium wp-image-8297\" src=\"\/wp-content\/uploads\/2024\/08\/BE-adomany7.2024-135x300.jpg\" alt=\"\" width=\"135\" height=\"300\" \/><\/p>\n<p class=\"hide-if-no-js\">\n","protected":false},"excerpt":{"rendered":"<p>Ma \u00fajabb adom\u00e1nyt kapott a B\u00f6rcs\u00f6k Enik\u0151 Gyermek- \u00e9s Ifj\u00fas\u00e1gi Sz\u00ednh\u00e1z, a @Hold Antikv\u00e1rium j\u00f3volt\u00e1b\u00f3l. Kalandos volt az \u00e1tad\u00f3, mert meg is kellett tal\u00e1lnom az install\u00e1ci\u00f3ban. L\u00e1szl\u00f3 Gyurcsik egy lampionba [&hellip;]<\/p>\n","protected":false},"author":4,"featured_media":8296,"comment_status":"open","ping_status":"open","sticky":false,"template":"","format":"standard","meta":{"_et_pb_use_builder":"","_et_pb_old_content":"","_et_gb_content_width":"","_price":"","_stock":"","_tribe_ticket_header":"","_tribe_default_ticket_provider":"","_ticket_start_date":"","_ticket_end_date":"","_tribe_ticket_show_description":"","_tribe_ticket_show_not_going":false,"_tribe_ticket_use_global_stock":"","_tribe_ticket_global_stock_level":"","_global_stock_mode":"","_global_stock_cap":"","_tribe_rsvp_for_event":"","_tribe_ticket_going_count":"","_tribe_ticket_not_going_count":"","_tribe_tickets_list":"[]","_tribe_ticket_has_attendee_info_fields":false,"footnotes":""},"categories":[13],"tags":[],"class_list":["post-8288","post","type-post","status-publish","format-standard","has-post-thumbnail","hentry","category-archivum"],"yoast_head":"<!-- This site is optimized with the Yoast SEO plugin v25.0 - https:\/\/yoast.com\/wordpress\/plugins\/seo\/ -->\n<title>\u00dajabb adom\u00e1nyt kapott a B\u00f6rcs\u00f6k Enik\u0151 Gyermek- \u00e9s Ifj\u00fas\u00e1gi Sz\u00ednh\u00e1z, a @Hold Antikv\u00e1rium - Szabad Sz\u00ednh\u00e1z<\/title>\n<meta name=\"robots\" content=\"index, follow, max-snippet:-1, max-image-preview:large, max-video-preview:-1\" \/>\n<link rel=\"canonical\" href=\"https:\/\/www.szabadszinhaz.hu\/en\/ujabb-adomanyt-kapott-a-borcsok-eniko-gyermek-es-ifjusagi-szinhaz-a-hold-antikvarium\/\" \/>\n<meta property=\"og:locale\" content=\"en_US\" \/>\n<meta property=\"og:type\" content=\"article\" \/>\n<meta property=\"og:title\" content=\"\u00dajabb adom\u00e1nyt kapott a B\u00f6rcs\u00f6k Enik\u0151 Gyermek- \u00e9s Ifj\u00fas\u00e1gi Sz\u00ednh\u00e1z, a @Hold Antikv\u00e1rium - Szabad Sz\u00ednh\u00e1z\" \/>\n<meta property=\"og:description\" content=\"Ma \u00fajabb adom\u00e1nyt kapott a B\u00f6rcs\u00f6k Enik\u0151 Gyermek- \u00e9s Ifj\u00fas\u00e1gi Sz\u00ednh\u00e1z, a @Hold Antikv\u00e1rium j\u00f3volt\u00e1b\u00f3l. Kalandos volt az \u00e1tad\u00f3, mert meg is kellett tal\u00e1lnom az install\u00e1ci\u00f3ban. L\u00e1szl\u00f3 Gyurcsik egy lampionba [&hellip;]\" \/>\n<meta property=\"og:url\" content=\"https:\/\/www.szabadszinhaz.hu\/en\/ujabb-adomanyt-kapott-a-borcsok-eniko-gyermek-es-ifjusagi-szinhaz-a-hold-antikvarium\/\" \/>\n<meta property=\"og:site_name\" content=\"Szabad Sz\u00ednh\u00e1z\" \/>\n<meta property=\"article:publisher\" content=\"https:\/\/www.facebook.com\/szabadszinhaz\" \/>\n<meta property=\"article:published_time\" content=\"2024-08-08T20:52:00+00:00\" \/>\n<meta property=\"article:modified_time\" content=\"2024-09-02T19:50:50+00:00\" \/>\n<meta property=\"og:image\" content=\"https:\/\/www.szabadszinhaz.hu\/wp-content\/uploads\/2024\/08\/BE-adomeny4.2024-e1723536168110.jpg\" \/>\n\t<meta property=\"og:image:width\" content=\"921\" \/>\n\t<meta property=\"og:image:height\" content=\"1080\" \/>\n\t<meta property=\"og:image:type\" content=\"image\/jpeg\" \/>\n<meta name=\"author\" content=\"Marketing\" \/>\n<meta name=\"twitter:card\" content=\"summary_large_image\" \/>\n<meta name=\"twitter:label1\" content=\"Written by\" \/>\n\t<meta name=\"twitter:data1\" content=\"Marketing\" \/>\n<script type=\"application\/ld+json\" class=\"yoast-schema-graph\">{\"@context\":\"https:\/\/schema.org\",\"@graph\":[{\"@type\":\"Article\",\"@id\":\"https:\/\/www.szabadszinhaz.hu\/ujabb-adomanyt-kapott-a-borcsok-eniko-gyermek-es-ifjusagi-szinhaz-a-hold-antikvarium\/#article\",\"isPartOf\":{\"@id\":\"https:\/\/www.szabadszinhaz.hu\/ujabb-adomanyt-kapott-a-borcsok-eniko-gyermek-es-ifjusagi-szinhaz-a-hold-antikvarium\/\"},\"author\":{\"name\":\"Marketing\",\"@id\":\"https:\/\/www.szabadszinhaz.hu\/#\/schema\/person\/adf33eeeb97d5b38b99716d40eac38df\"},\"headline\":\"\u00dajabb adom\u00e1nyt kapott a B\u00f6rcs\u00f6k Enik\u0151 Gyermek- \u00e9s Ifj\u00fas\u00e1gi Sz\u00ednh\u00e1z, a @Hold Antikv\u00e1rium\",\"datePublished\":\"2024-08-08T20:52:00+00:00\",\"dateModified\":\"2024-09-02T19:50:50+00:00\",\"mainEntityOfPage\":{\"@id\":\"https:\/\/www.szabadszinhaz.hu\/ujabb-adomanyt-kapott-a-borcsok-eniko-gyermek-es-ifjusagi-szinhaz-a-hold-antikvarium\/\"},\"wordCount\":102,\"commentCount\":0,\"publisher\":{\"@id\":\"https:\/\/www.szabadszinhaz.hu\/#organization\"},\"image\":{\"@id\":\"https:\/\/www.szabadszinhaz.hu\/ujabb-adomanyt-kapott-a-borcsok-eniko-gyermek-es-ifjusagi-szinhaz-a-hold-antikvarium\/#primaryimage\"},\"thumbnailUrl\":\"https:\/\/www.szabadszinhaz.hu\/wp-content\/uploads\/2024\/08\/BE-adomeny4.2024-e1723536168110.jpg\",\"articleSection\":[\"Arch\u00edvum\"],\"inLanguage\":\"en-US\",\"potentialAction\":[{\"@type\":\"CommentAction\",\"name\":\"Comment\",\"target\":[\"https:\/\/www.szabadszinhaz.hu\/ujabb-adomanyt-kapott-a-borcsok-eniko-gyermek-es-ifjusagi-szinhaz-a-hold-antikvarium\/#respond\"]}]},{\"@type\":\"WebPage\",\"@id\":\"https:\/\/www.szabadszinhaz.hu\/ujabb-adomanyt-kapott-a-borcsok-eniko-gyermek-es-ifjusagi-szinhaz-a-hold-antikvarium\/\",\"url\":\"https:\/\/www.szabadszinhaz.hu\/ujabb-adomanyt-kapott-a-borcsok-eniko-gyermek-es-ifjusagi-szinhaz-a-hold-antikvarium\/\",\"name\":\"\u00dajabb adom\u00e1nyt kapott a B\u00f6rcs\u00f6k Enik\u0151 Gyermek- \u00e9s Ifj\u00fas\u00e1gi Sz\u00ednh\u00e1z, a @Hold Antikv\u00e1rium - Szabad Sz\u00ednh\u00e1z\",\"isPartOf\":{\"@id\":\"https:\/\/www.szabadszinhaz.hu\/#website\"},\"primaryImageOfPage\":{\"@id\":\"https:\/\/www.szabadszinhaz.hu\/ujabb-adomanyt-kapott-a-borcsok-eniko-gyermek-es-ifjusagi-szinhaz-a-hold-antikvarium\/#primaryimage\"},\"image\":{\"@id\":\"https:\/\/www.szabadszinhaz.hu\/ujabb-adomanyt-kapott-a-borcsok-eniko-gyermek-es-ifjusagi-szinhaz-a-hold-antikvarium\/#primaryimage\"},\"thumbnailUrl\":\"https:\/\/www.szabadszinhaz.hu\/wp-content\/uploads\/2024\/08\/BE-adomeny4.2024-e1723536168110.jpg\",\"datePublished\":\"2024-08-08T20:52:00+00:00\",\"dateModified\":\"2024-09-02T19:50:50+00:00\",\"breadcrumb\":{\"@id\":\"https:\/\/www.szabadszinhaz.hu\/ujabb-adomanyt-kapott-a-borcsok-eniko-gyermek-es-ifjusagi-szinhaz-a-hold-antikvarium\/#breadcrumb\"},\"inLanguage\":\"en-US\",\"potentialAction\":[{\"@type\":\"ReadAction\",\"target\":[\"https:\/\/www.szabadszinhaz.hu\/ujabb-adomanyt-kapott-a-borcsok-eniko-gyermek-es-ifjusagi-szinhaz-a-hold-antikvarium\/\"]}]},{\"@type\":\"ImageObject\",\"inLanguage\":\"en-US\",\"@id\":\"https:\/\/www.szabadszinhaz.hu\/ujabb-adomanyt-kapott-a-borcsok-eniko-gyermek-es-ifjusagi-szinhaz-a-hold-antikvarium\/#primaryimage\",\"url\":\"https:\/\/www.szabadszinhaz.hu\/wp-content\/uploads\/2024\/08\/BE-adomeny4.2024-e1723536168110.jpg\",\"contentUrl\":\"https:\/\/www.szabadszinhaz.hu\/wp-content\/uploads\/2024\/08\/BE-adomeny4.2024-e1723536168110.jpg\",\"width\":921,\"height\":1080},{\"@type\":\"BreadcrumbList\",\"@id\":\"https:\/\/www.szabadszinhaz.hu\/ujabb-adomanyt-kapott-a-borcsok-eniko-gyermek-es-ifjusagi-szinhaz-a-hold-antikvarium\/#breadcrumb\",\"itemListElement\":[{\"@type\":\"ListItem\",\"position\":1,\"name\":\"Kezd\u0151lap\",\"item\":\"https:\/\/www.szabadszinhaz.hu\/\"},{\"@type\":\"ListItem\",\"position\":2,\"name\":\"\u00dajabb adom\u00e1nyt kapott a B\u00f6rcs\u00f6k Enik\u0151 Gyermek- \u00e9s Ifj\u00fas\u00e1gi Sz\u00ednh\u00e1z, a @Hold Antikv\u00e1rium\"}]},{\"@type\":\"WebSite\",\"@id\":\"https:\/\/www.szabadszinhaz.hu\/#website\",\"url\":\"https:\/\/www.szabadszinhaz.hu\/\",\"name\":\"Szabad Sz\u00ednh\u00e1z\",\"description\":\"Szabad Sz\u00ednh\u00e1z\",\"publisher\":{\"@id\":\"https:\/\/www.szabadszinhaz.hu\/#organization\"},\"potentialAction\":[{\"@type\":\"SearchAction\",\"target\":{\"@type\":\"EntryPoint\",\"urlTemplate\":\"https:\/\/www.szabadszinhaz.hu\/?s={search_term_string}\"},\"query-input\":{\"@type\":\"PropertyValueSpecification\",\"valueRequired\":true,\"valueName\":\"search_term_string\"}}],\"inLanguage\":\"en-US\"},{\"@type\":\"Organization\",\"@id\":\"https:\/\/www.szabadszinhaz.hu\/#organization\",\"name\":\"Szabad Sz\u00ednh\u00e1z SZ\u00cdN-T\u00c9R Egyes\u00fclet\",\"url\":\"https:\/\/www.szabadszinhaz.hu\/\",\"logo\":{\"@type\":\"ImageObject\",\"inLanguage\":\"en-US\",\"@id\":\"https:\/\/www.szabadszinhaz.hu\/#\/schema\/logo\/image\/\",\"url\":\"https:\/\/www.szabadszinhaz.hu\/wp-content\/uploads\/2025\/01\/images.jpg\",\"contentUrl\":\"https:\/\/www.szabadszinhaz.hu\/wp-content\/uploads\/2025\/01\/images.jpg\",\"width\":178,\"height\":284,\"caption\":\"Szabad Sz\u00ednh\u00e1z SZ\u00cdN-T\u00c9R Egyes\u00fclet\"},\"image\":{\"@id\":\"https:\/\/www.szabadszinhaz.hu\/#\/schema\/logo\/image\/\"},\"sameAs\":[\"https:\/\/www.facebook.com\/szabadszinhaz\"]},{\"@type\":\"Person\",\"@id\":\"https:\/\/www.szabadszinhaz.hu\/#\/schema\/person\/adf33eeeb97d5b38b99716d40eac38df\",\"name\":\"Marketing\",\"image\":{\"@type\":\"ImageObject\",\"inLanguage\":\"en-US\",\"@id\":\"https:\/\/www.szabadszinhaz.hu\/#\/schema\/person\/image\/\",\"url\":\"https:\/\/secure.gravatar.com\/avatar\/91ecf0292b413a0a2d72ed92f55afccfc56972be6fad751c9cb9a9da4afe01ef?s=96&d=mm&r=g\",\"contentUrl\":\"https:\/\/secure.gravatar.com\/avatar\/91ecf0292b413a0a2d72ed92f55afccfc56972be6fad751c9cb9a9da4afe01ef?s=96&d=mm&r=g\",\"caption\":\"Marketing\"},\"url\":\"https:\/\/www.szabadszinhaz.hu\/en\/author\/marketing_szabszinhaz\/\"}]}<\/script>\n<!-- \/ Yoast SEO plugin. -->","yoast_head_json":{"title":"\u00dajabb adom\u00e1nyt kapott a B\u00f6rcs\u00f6k Enik\u0151 Gyermek- \u00e9s Ifj\u00fas\u00e1gi Sz\u00ednh\u00e1z, a @Hold Antikv\u00e1rium - Szabad Sz\u00ednh\u00e1z","robots":{"index":"index","follow":"follow","max-snippet":"max-snippet:-1","max-image-preview":"max-image-preview:large","max-video-preview":"max-video-preview:-1"},"canonical":"https:\/\/www.szabadszinhaz.hu\/en\/ujabb-adomanyt-kapott-a-borcsok-eniko-gyermek-es-ifjusagi-szinhaz-a-hold-antikvarium\/","og_locale":"en_US","og_type":"article","og_title":"\u00dajabb adom\u00e1nyt kapott a B\u00f6rcs\u00f6k Enik\u0151 Gyermek- \u00e9s Ifj\u00fas\u00e1gi Sz\u00ednh\u00e1z, a @Hold Antikv\u00e1rium - Szabad Sz\u00ednh\u00e1z","og_description":"Ma \u00fajabb adom\u00e1nyt kapott a B\u00f6rcs\u00f6k Enik\u0151 Gyermek- \u00e9s Ifj\u00fas\u00e1gi Sz\u00ednh\u00e1z, a @Hold Antikv\u00e1rium j\u00f3volt\u00e1b\u00f3l. Kalandos volt az \u00e1tad\u00f3, mert meg is kellett tal\u00e1lnom az install\u00e1ci\u00f3ban. L\u00e1szl\u00f3 Gyurcsik egy lampionba [&hellip;]","og_url":"https:\/\/www.szabadszinhaz.hu\/en\/ujabb-adomanyt-kapott-a-borcsok-eniko-gyermek-es-ifjusagi-szinhaz-a-hold-antikvarium\/","og_site_name":"Szabad Sz\u00ednh\u00e1z","article_publisher":"https:\/\/www.facebook.com\/szabadszinhaz","article_published_time":"2024-08-08T20:52:00+00:00","article_modified_time":"2024-09-02T19:50:50+00:00","og_image":[{"width":921,"height":1080,"url":"https:\/\/www.szabadszinhaz.hu\/wp-content\/uploads\/2024\/08\/BE-adomeny4.2024-e1723536168110.jpg","type":"image\/jpeg"}],"author":"Marketing","twitter_card":"summary_large_image","twitter_misc":{"Written by":"Marketing"},"schema":{"@context":"https:\/\/schema.org","@graph":[{"@type":"Article","@id":"https:\/\/www.szabadszinhaz.hu\/ujabb-adomanyt-kapott-a-borcsok-eniko-gyermek-es-ifjusagi-szinhaz-a-hold-antikvarium\/#article","isPartOf":{"@id":"https:\/\/www.szabadszinhaz.hu\/ujabb-adomanyt-kapott-a-borcsok-eniko-gyermek-es-ifjusagi-szinhaz-a-hold-antikvarium\/"},"author":{"name":"Marketing","@id":"https:\/\/www.szabadszinhaz.hu\/#\/schema\/person\/adf33eeeb97d5b38b99716d40eac38df"},"headline":"\u00dajabb adom\u00e1nyt kapott a B\u00f6rcs\u00f6k Enik\u0151 Gyermek- \u00e9s Ifj\u00fas\u00e1gi Sz\u00ednh\u00e1z, a @Hold Antikv\u00e1rium","datePublished":"2024-08-08T20:52:00+00:00","dateModified":"2024-09-02T19:50:50+00:00","mainEntityOfPage":{"@id":"https:\/\/www.szabadszinhaz.hu\/ujabb-adomanyt-kapott-a-borcsok-eniko-gyermek-es-ifjusagi-szinhaz-a-hold-antikvarium\/"},"wordCount":102,"commentCount":0,"publisher":{"@id":"https:\/\/www.szabadszinhaz.hu\/#organization"},"image":{"@id":"https:\/\/www.szabadszinhaz.hu\/ujabb-adomanyt-kapott-a-borcsok-eniko-gyermek-es-ifjusagi-szinhaz-a-hold-antikvarium\/#primaryimage"},"thumbnailUrl":"https:\/\/www.szabadszinhaz.hu\/wp-content\/uploads\/2024\/08\/BE-adomeny4.2024-e1723536168110.jpg","articleSection":["Arch\u00edvum"],"inLanguage":"en-US","potentialAction":[{"@type":"CommentAction","name":"Comment","target":["https:\/\/www.szabadszinhaz.hu\/ujabb-adomanyt-kapott-a-borcsok-eniko-gyermek-es-ifjusagi-szinhaz-a-hold-antikvarium\/#respond"]}]},{"@type":"WebPage","@id":"https:\/\/www.szabadszinhaz.hu\/ujabb-adomanyt-kapott-a-borcsok-eniko-gyermek-es-ifjusagi-szinhaz-a-hold-antikvarium\/","url":"https:\/\/www.szabadszinhaz.hu\/ujabb-adomanyt-kapott-a-borcsok-eniko-gyermek-es-ifjusagi-szinhaz-a-hold-antikvarium\/","name":"\u00dajabb adom\u00e1nyt kapott a B\u00f6rcs\u00f6k Enik\u0151 Gyermek- \u00e9s Ifj\u00fas\u00e1gi Sz\u00ednh\u00e1z, a @Hold Antikv\u00e1rium - Szabad Sz\u00ednh\u00e1z","isPartOf":{"@id":"https:\/\/www.szabadszinhaz.hu\/#website"},"primaryImageOfPage":{"@id":"https:\/\/www.szabadszinhaz.hu\/ujabb-adomanyt-kapott-a-borcsok-eniko-gyermek-es-ifjusagi-szinhaz-a-hold-antikvarium\/#primaryimage"},"image":{"@id":"https:\/\/www.szabadszinhaz.hu\/ujabb-adomanyt-kapott-a-borcsok-eniko-gyermek-es-ifjusagi-szinhaz-a-hold-antikvarium\/#primaryimage"},"thumbnailUrl":"https:\/\/www.szabadszinhaz.hu\/wp-content\/uploads\/2024\/08\/BE-adomeny4.2024-e1723536168110.jpg","datePublished":"2024-08-08T20:52:00+00:00","dateModified":"2024-09-02T19:50:50+00:00","breadcrumb":{"@id":"https:\/\/www.szabadszinhaz.hu\/ujabb-adomanyt-kapott-a-borcsok-eniko-gyermek-es-ifjusagi-szinhaz-a-hold-antikvarium\/#breadcrumb"},"inLanguage":"en-US","potentialAction":[{"@type":"ReadAction","target":["https:\/\/www.szabadszinhaz.hu\/ujabb-adomanyt-kapott-a-borcsok-eniko-gyermek-es-ifjusagi-szinhaz-a-hold-antikvarium\/"]}]},{"@type":"ImageObject","inLanguage":"en-US","@id":"https:\/\/www.szabadszinhaz.hu\/ujabb-adomanyt-kapott-a-borcsok-eniko-gyermek-es-ifjusagi-szinhaz-a-hold-antikvarium\/#primaryimage","url":"https:\/\/www.szabadszinhaz.hu\/wp-content\/uploads\/2024\/08\/BE-adomeny4.2024-e1723536168110.jpg","contentUrl":"https:\/\/www.szabadszinhaz.hu\/wp-content\/uploads\/2024\/08\/BE-adomeny4.2024-e1723536168110.jpg","width":921,"height":1080},{"@type":"BreadcrumbList","@id":"https:\/\/www.szabadszinhaz.hu\/ujabb-adomanyt-kapott-a-borcsok-eniko-gyermek-es-ifjusagi-szinhaz-a-hold-antikvarium\/#breadcrumb","itemListElement":[{"@type":"ListItem","position":1,"name":"Kezd\u0151lap","item":"https:\/\/www.szabadszinhaz.hu\/"},{"@type":"ListItem","position":2,"name":"\u00dajabb adom\u00e1nyt kapott a B\u00f6rcs\u00f6k Enik\u0151 Gyermek- \u00e9s Ifj\u00fas\u00e1gi Sz\u00ednh\u00e1z, a @Hold Antikv\u00e1rium"}]},{"@type":"WebSite","@id":"https:\/\/www.szabadszinhaz.hu\/#website","url":"https:\/\/www.szabadszinhaz.hu\/","name":"Free Theatre - Szabad Sz\u00ednh\u00e1z","description":"Free Theatre - Szabad Sz\u00ednh\u00e1z","publisher":{"@id":"https:\/\/www.szabadszinhaz.hu\/#organization"},"potentialAction":[{"@type":"SearchAction","target":{"@type":"EntryPoint","urlTemplate":"https:\/\/www.szabadszinhaz.hu\/?s={search_term_string}"},"query-input":{"@type":"PropertyValueSpecification","valueRequired":true,"valueName":"search_term_string"}}],"inLanguage":"en-US"},{"@type":"Organization","@id":"https:\/\/www.szabadszinhaz.hu\/#organization","name":"Szabad Sz\u00ednh\u00e1z SZ\u00cdN-T\u00c9R Egyes\u00fclet","url":"https:\/\/www.szabadszinhaz.hu\/","logo":{"@type":"ImageObject","inLanguage":"en-US","@id":"https:\/\/www.szabadszinhaz.hu\/#\/schema\/logo\/image\/","url":"https:\/\/www.szabadszinhaz.hu\/wp-content\/uploads\/2025\/01\/images.jpg","contentUrl":"https:\/\/www.szabadszinhaz.hu\/wp-content\/uploads\/2025\/01\/images.jpg","width":178,"height":284,"caption":"Szabad Sz\u00ednh\u00e1z SZ\u00cdN-T\u00c9R Egyes\u00fclet"},"image":{"@id":"https:\/\/www.szabadszinhaz.hu\/#\/schema\/logo\/image\/"},"sameAs":["https:\/\/www.facebook.com\/szabadszinhaz"]},{"@type":"Person","@id":"https:\/\/www.szabadszinhaz.hu\/#\/schema\/person\/adf33eeeb97d5b38b99716d40eac38df","name":"Marketing","image":{"@type":"ImageObject","inLanguage":"en-US","@id":"https:\/\/www.szabadszinhaz.hu\/#\/schema\/person\/image\/","url":"https:\/\/secure.gravatar.com\/avatar\/91ecf0292b413a0a2d72ed92f55afccfc56972be6fad751c9cb9a9da4afe01ef?s=96&d=mm&r=g","contentUrl":"https:\/\/secure.gravatar.com\/avatar\/91ecf0292b413a0a2d72ed92f55afccfc56972be6fad751c9cb9a9da4afe01ef?s=96&d=mm&r=g","caption":"Marketing"},"url":"https:\/\/www.szabadszinhaz.hu\/en\/author\/marketing_szabszinhaz\/"}]}},"_links":{"self":[{"href":"https:\/\/www.szabadszinhaz.hu\/en\/wp-json\/wp\/v2\/posts\/8288","targetHints":{"allow":["GET"]}}],"collection":[{"href":"https:\/\/www.szabadszinhaz.hu\/en\/wp-json\/wp\/v2\/posts"}],"about":[{"href":"https:\/\/www.szabadszinhaz.hu\/en\/wp-json\/wp\/v2\/types\/post"}],"author":[{"embeddable":true,"href":"https:\/\/www.szabadszinhaz.hu\/en\/wp-json\/wp\/v2\/users\/4"}],"replies":[{"embeddable":true,"href":"https:\/\/www.szabadszinhaz.hu\/en\/wp-json\/wp\/v2\/comments?post=8288"}],"version-history":[{"count":2,"href":"https:\/\/www.szabadszinhaz.hu\/en\/wp-json\/wp\/v2\/posts\/8288\/revisions"}],"predecessor-version":[{"id":8299,"href":"https:\/\/www.szabadszinhaz.hu\/en\/wp-json\/wp\/v2\/posts\/8288\/revisions\/8299"}],"wp:featuredmedia":[{"embeddable":true,"href":"https:\/\/www.szabadszinhaz.hu\/en\/wp-json\/wp\/v2\/media\/8296"}],"wp:attachment":[{"href":"https:\/\/www.szabadszinhaz.hu\/en\/wp-json\/wp\/v2\/media?parent=8288"}],"wp:term":[{"taxonomy":"category","embeddable":true,"href":"https:\/\/www.szabadszinhaz.hu\/en\/wp-json\/wp\/v2\/categories?post=8288"},{"taxonomy":"post_tag","embeddable":true,"href":"https:\/\/www.szabadszinhaz.hu\/en\/wp-json\/wp\/v2\/tags?post=8288"}],"curies":[{"name":"wp","href":"https:\/\/api.w.org\/{rel}","templated":true}]}}