{"id":6303,"date":"2023-01-28T23:11:51","date_gmt":"2023-01-28T22:11:51","guid":{"rendered":"http:\/\/www.szabadszinhaz.hu\/igezo-februari-gyermek-es-felnott-eloadasaink-2\/"},"modified":"2023-03-01T16:50:53","modified_gmt":"2023-03-01T15:50:53","slug":"borcsok-enikore-emlekezunk","status":"publish","type":"post","link":"https:\/\/www.szabadszinhaz.hu\/en\/borcsok-enikore-emlekezunk\/","title":{"rendered":"Szabad Sz\u00ednh\u00e1z &#8211; B\u00f6rcs\u00f6k Enik\u0151re eml\u00e9kez\u00fcnk"},"content":{"rendered":"<p>[et_pb_section fb_built=&#8221;1&#8243; _builder_version=&#8221;4.18.0&#8243; _module_preset=&#8221;default&#8221; global_colors_info=&#8221;{}&#8221;][et_pb_row _builder_version=&#8221;4.18.0&#8243; _module_preset=&#8221;default&#8221; global_colors_info=&#8221;{}&#8221;][et_pb_column type=&#8221;4_4&#8243; _builder_version=&#8221;4.18.0&#8243; _module_preset=&#8221;default&#8221; global_colors_info=&#8221;{}&#8221;][et_pb_text _builder_version=&#8221;4.18.0&#8243; _module_preset=&#8221;default&#8221; global_colors_info=&#8221;{}&#8221;]Kett\u0151s \u00e9vfordul\u00f3: B\u00f6rcs\u00f6k Enik\u0151 feh\u00e9rv\u00e1ri sz\u00edn\u00e9szn\u0151re eml\u00e9kez\u00fcnk<\/p>\n<p>\u00d6tven\u00f6t \u00e9ve, 1968. janu\u00e1r 28-\u00e1n Mez\u0151t\u00faron megsz\u00fcletett B\u00f6rcs\u00f6k Enik\u0151 J\u00e1szai Mari-d\u00edjas sz\u00edn\u00e9sz, \u00e9rdemes \u00e9s kiv\u00e1l\u00f3 m\u0171v\u00e9sz. K\u00e9t \u00e9ve, 2021. janu\u00e1r 28-\u00e1n Budapesten elhunyt a Sz\u00e9kesfeh\u00e9rv\u00e1rhoz is nagyban k\u00f6t\u0151d\u0151 sz\u00edn\u00e9szn\u0151.<\/p>\n<p>B\u00f6rcs\u00f6k Enik\u0151 p\u00e1lyafut\u00e1s\u00e1t a Videoton Sz\u00ednpadn\u00e1l, k\u00e9s\u0151bb a Szabad Sz\u00ednh\u00e1z t\u00e1rsulat\u00e1n\u00e1l kezdte, m\u00e9g telekis gimnazistak\u00e9nt. 1984 \u00e9s 1991 k\u00f6z\u00f6tt sz\u00e1mos sz\u00e9kesfeh\u00e9rv\u00e1ri sz\u00ednh\u00e1zi el\u0151ad\u00e1sban szerepelt, emellett p\u00e1ly\u00e1j\u00e1b\u00f3l 27 \u00e9vet a f\u0151v\u00e1rosi V\u00edgsz\u00ednh\u00e1zban t\u00f6lt\u00f6tt.<\/p>\n<p>Eml\u00e9k\u00e9t a f\u0151v\u00e1ros mellett szeretett v\u00e1ros\u00e1ban, Sz\u00e9kesfeh\u00e9rv\u00e1ron is tov\u00e1bb \u0151rzik. A sz\u00edn\u00e9szn\u0151t itt helyezt\u00e9k \u00f6r\u00f6k nyugalomra 2021. febru\u00e1r 11-\u00e9n; nev\u00e9vel f\u00e9mjelezve pedig a Szabad Sz\u00ednh\u00e1z t\u00e1rsulata \u00e9s a m\u00f6g\u00f6tt\u00fck \u00e1ll\u00f3 SZ\u00cdN-T\u00c9R Egyes\u00fclet a B\u00f6rcs\u00f6k Enik\u0151 Gyermek- \u00e9s Ifj\u00fas\u00e1gi Sz\u00ednh\u00e1z l\u00e9trej\u00f6tt\u00e9t kezdem\u00e9nyezte, amely az \u00e9rdemes m\u0171v\u00e9sz egyik nagy v\u00e1gya volt. (feol.hu)[\/et_pb_text][\/et_pb_column][\/et_pb_row][\/et_pb_section]<\/p>\n","protected":false},"excerpt":{"rendered":"<p>Kett\u0151s \u00e9vfordul\u00f3: B\u00f6rcs\u00f6k Enik\u0151 feh\u00e9rv\u00e1ri sz\u00edn\u00e9szn\u0151re eml\u00e9kez\u00fcnk \u00d6tven\u00f6t \u00e9ve, 1968. janu\u00e1r 28-\u00e1n Mez\u0151t\u00faron megsz\u00fcletett B\u00f6rcs\u00f6k Enik\u0151 J\u00e1szai Mari-d\u00edjas sz\u00edn\u00e9sz, \u00e9rdemes \u00e9s kiv\u00e1l\u00f3 m\u0171v\u00e9sz. K\u00e9t \u00e9ve, 2021. janu\u00e1r 28-\u00e1n Budapesten elhunyt [&hellip;]<\/p>\n","protected":false},"author":4,"featured_media":6305,"comment_status":"open","ping_status":"open","sticky":false,"template":"","format":"standard","meta":{"_et_pb_use_builder":"on","_et_pb_old_content":"","_et_gb_content_width":"","_price":"","_stock":"","_tribe_ticket_header":"","_tribe_default_ticket_provider":"","_ticket_start_date":"","_ticket_end_date":"","_tribe_ticket_show_description":"","_tribe_ticket_show_not_going":false,"_tribe_ticket_use_global_stock":"","_tribe_ticket_global_stock_level":"","_global_stock_mode":"","_global_stock_cap":"","_tribe_rsvp_for_event":"","_tribe_ticket_going_count":"","_tribe_ticket_not_going_count":"","_tribe_tickets_list":"[]","_tribe_ticket_has_attendee_info_fields":false,"footnotes":""},"categories":[13],"tags":[],"class_list":["post-6303","post","type-post","status-publish","format-standard","has-post-thumbnail","hentry","category-archivum"],"yoast_head":"<!-- This site is optimized with the Yoast SEO plugin v25.0 - https:\/\/yoast.com\/wordpress\/plugins\/seo\/ -->\n<title>Szabad Sz\u00ednh\u00e1z - B\u00f6rcs\u00f6k Enik\u0151re eml\u00e9kez\u00fcnk - Szabad Sz\u00ednh\u00e1z<\/title>\n<meta name=\"robots\" content=\"index, follow, max-snippet:-1, max-image-preview:large, max-video-preview:-1\" \/>\n<link rel=\"canonical\" href=\"https:\/\/www.szabadszinhaz.hu\/en\/borcsok-enikore-emlekezunk\/\" \/>\n<meta property=\"og:locale\" content=\"en_US\" \/>\n<meta property=\"og:type\" content=\"article\" \/>\n<meta property=\"og:title\" content=\"Szabad Sz\u00ednh\u00e1z - B\u00f6rcs\u00f6k Enik\u0151re eml\u00e9kez\u00fcnk - Szabad Sz\u00ednh\u00e1z\" \/>\n<meta property=\"og:description\" content=\"Kett\u0151s \u00e9vfordul\u00f3: B\u00f6rcs\u00f6k Enik\u0151 feh\u00e9rv\u00e1ri sz\u00edn\u00e9szn\u0151re eml\u00e9kez\u00fcnk \u00d6tven\u00f6t \u00e9ve, 1968. janu\u00e1r 28-\u00e1n Mez\u0151t\u00faron megsz\u00fcletett B\u00f6rcs\u00f6k Enik\u0151 J\u00e1szai Mari-d\u00edjas sz\u00edn\u00e9sz, \u00e9rdemes \u00e9s kiv\u00e1l\u00f3 m\u0171v\u00e9sz. K\u00e9t \u00e9ve, 2021. janu\u00e1r 28-\u00e1n Budapesten elhunyt [&hellip;]\" \/>\n<meta property=\"og:url\" content=\"https:\/\/www.szabadszinhaz.hu\/en\/borcsok-enikore-emlekezunk\/\" \/>\n<meta property=\"og:site_name\" content=\"Szabad Sz\u00ednh\u00e1z\" \/>\n<meta property=\"article:publisher\" content=\"https:\/\/www.facebook.com\/szabadszinhaz\" \/>\n<meta property=\"article:published_time\" content=\"2023-01-28T22:11:51+00:00\" \/>\n<meta property=\"article:modified_time\" content=\"2023-03-01T15:50:53+00:00\" \/>\n<meta property=\"og:image\" content=\"https:\/\/www.szabadszinhaz.hu\/wp-content\/uploads\/2023\/01\/7A7E97CD-7718-44D8-9166-3D92F5EB7319.jpeg\" \/>\n\t<meta property=\"og:image:width\" content=\"1242\" \/>\n\t<meta property=\"og:image:height\" content=\"984\" \/>\n\t<meta property=\"og:image:type\" content=\"image\/jpeg\" \/>\n<meta name=\"author\" content=\"Marketing\" \/>\n<meta name=\"twitter:card\" content=\"summary_large_image\" \/>\n<meta name=\"twitter:label1\" content=\"Written by\" \/>\n\t<meta name=\"twitter:data1\" content=\"Marketing\" \/>\n\t<meta name=\"twitter:label2\" content=\"Est. reading time\" \/>\n\t<meta name=\"twitter:data2\" content=\"1 minute\" \/>\n<script type=\"application\/ld+json\" class=\"yoast-schema-graph\">{\"@context\":\"https:\/\/schema.org\",\"@graph\":[{\"@type\":\"Article\",\"@id\":\"https:\/\/www.szabadszinhaz.hu\/borcsok-enikore-emlekezunk\/#article\",\"isPartOf\":{\"@id\":\"https:\/\/www.szabadszinhaz.hu\/borcsok-enikore-emlekezunk\/\"},\"author\":{\"name\":\"Marketing\",\"@id\":\"https:\/\/www.szabadszinhaz.hu\/#\/schema\/person\/adf33eeeb97d5b38b99716d40eac38df\"},\"headline\":\"Szabad Sz\u00ednh\u00e1z &#8211; B\u00f6rcs\u00f6k Enik\u0151re eml\u00e9kez\u00fcnk\",\"datePublished\":\"2023-01-28T22:11:51+00:00\",\"dateModified\":\"2023-03-01T15:50:53+00:00\",\"mainEntityOfPage\":{\"@id\":\"https:\/\/www.szabadszinhaz.hu\/borcsok-enikore-emlekezunk\/\"},\"wordCount\":298,\"commentCount\":0,\"publisher\":{\"@id\":\"https:\/\/www.szabadszinhaz.hu\/#organization\"},\"image\":{\"@id\":\"https:\/\/www.szabadszinhaz.hu\/borcsok-enikore-emlekezunk\/#primaryimage\"},\"thumbnailUrl\":\"https:\/\/www.szabadszinhaz.hu\/wp-content\/uploads\/2023\/01\/7A7E97CD-7718-44D8-9166-3D92F5EB7319.jpeg\",\"articleSection\":[\"Arch\u00edvum\"],\"inLanguage\":\"en-US\",\"potentialAction\":[{\"@type\":\"CommentAction\",\"name\":\"Comment\",\"target\":[\"https:\/\/www.szabadszinhaz.hu\/borcsok-enikore-emlekezunk\/#respond\"]}]},{\"@type\":\"WebPage\",\"@id\":\"https:\/\/www.szabadszinhaz.hu\/borcsok-enikore-emlekezunk\/\",\"url\":\"https:\/\/www.szabadszinhaz.hu\/borcsok-enikore-emlekezunk\/\",\"name\":\"Szabad Sz\u00ednh\u00e1z - B\u00f6rcs\u00f6k Enik\u0151re eml\u00e9kez\u00fcnk - Szabad Sz\u00ednh\u00e1z\",\"isPartOf\":{\"@id\":\"https:\/\/www.szabadszinhaz.hu\/#website\"},\"primaryImageOfPage\":{\"@id\":\"https:\/\/www.szabadszinhaz.hu\/borcsok-enikore-emlekezunk\/#primaryimage\"},\"image\":{\"@id\":\"https:\/\/www.szabadszinhaz.hu\/borcsok-enikore-emlekezunk\/#primaryimage\"},\"thumbnailUrl\":\"https:\/\/www.szabadszinhaz.hu\/wp-content\/uploads\/2023\/01\/7A7E97CD-7718-44D8-9166-3D92F5EB7319.jpeg\",\"datePublished\":\"2023-01-28T22:11:51+00:00\",\"dateModified\":\"2023-03-01T15:50:53+00:00\",\"breadcrumb\":{\"@id\":\"https:\/\/www.szabadszinhaz.hu\/borcsok-enikore-emlekezunk\/#breadcrumb\"},\"inLanguage\":\"en-US\",\"potentialAction\":[{\"@type\":\"ReadAction\",\"target\":[\"https:\/\/www.szabadszinhaz.hu\/borcsok-enikore-emlekezunk\/\"]}]},{\"@type\":\"ImageObject\",\"inLanguage\":\"en-US\",\"@id\":\"https:\/\/www.szabadszinhaz.hu\/borcsok-enikore-emlekezunk\/#primaryimage\",\"url\":\"https:\/\/www.szabadszinhaz.hu\/wp-content\/uploads\/2023\/01\/7A7E97CD-7718-44D8-9166-3D92F5EB7319.jpeg\",\"contentUrl\":\"https:\/\/www.szabadszinhaz.hu\/wp-content\/uploads\/2023\/01\/7A7E97CD-7718-44D8-9166-3D92F5EB7319.jpeg\",\"width\":1242,\"height\":984},{\"@type\":\"BreadcrumbList\",\"@id\":\"https:\/\/www.szabadszinhaz.hu\/borcsok-enikore-emlekezunk\/#breadcrumb\",\"itemListElement\":[{\"@type\":\"ListItem\",\"position\":1,\"name\":\"Kezd\u0151lap\",\"item\":\"https:\/\/www.szabadszinhaz.hu\/\"},{\"@type\":\"ListItem\",\"position\":2,\"name\":\"Szabad Sz\u00ednh\u00e1z &#8211; B\u00f6rcs\u00f6k Enik\u0151re eml\u00e9kez\u00fcnk\"}]},{\"@type\":\"WebSite\",\"@id\":\"https:\/\/www.szabadszinhaz.hu\/#website\",\"url\":\"https:\/\/www.szabadszinhaz.hu\/\",\"name\":\"Szabad Sz\u00ednh\u00e1z\",\"description\":\"Szabad Sz\u00ednh\u00e1z\",\"publisher\":{\"@id\":\"https:\/\/www.szabadszinhaz.hu\/#organization\"},\"potentialAction\":[{\"@type\":\"SearchAction\",\"target\":{\"@type\":\"EntryPoint\",\"urlTemplate\":\"https:\/\/www.szabadszinhaz.hu\/?s={search_term_string}\"},\"query-input\":{\"@type\":\"PropertyValueSpecification\",\"valueRequired\":true,\"valueName\":\"search_term_string\"}}],\"inLanguage\":\"en-US\"},{\"@type\":\"Organization\",\"@id\":\"https:\/\/www.szabadszinhaz.hu\/#organization\",\"name\":\"Szabad Sz\u00ednh\u00e1z SZ\u00cdN-T\u00c9R Egyes\u00fclet\",\"url\":\"https:\/\/www.szabadszinhaz.hu\/\",\"logo\":{\"@type\":\"ImageObject\",\"inLanguage\":\"en-US\",\"@id\":\"https:\/\/www.szabadszinhaz.hu\/#\/schema\/logo\/image\/\",\"url\":\"https:\/\/www.szabadszinhaz.hu\/wp-content\/uploads\/2025\/01\/images.jpg\",\"contentUrl\":\"https:\/\/www.szabadszinhaz.hu\/wp-content\/uploads\/2025\/01\/images.jpg\",\"width\":178,\"height\":284,\"caption\":\"Szabad Sz\u00ednh\u00e1z SZ\u00cdN-T\u00c9R Egyes\u00fclet\"},\"image\":{\"@id\":\"https:\/\/www.szabadszinhaz.hu\/#\/schema\/logo\/image\/\"},\"sameAs\":[\"https:\/\/www.facebook.com\/szabadszinhaz\"]},{\"@type\":\"Person\",\"@id\":\"https:\/\/www.szabadszinhaz.hu\/#\/schema\/person\/adf33eeeb97d5b38b99716d40eac38df\",\"name\":\"Marketing\",\"image\":{\"@type\":\"ImageObject\",\"inLanguage\":\"en-US\",\"@id\":\"https:\/\/www.szabadszinhaz.hu\/#\/schema\/person\/image\/\",\"url\":\"https:\/\/secure.gravatar.com\/avatar\/91ecf0292b413a0a2d72ed92f55afccfc56972be6fad751c9cb9a9da4afe01ef?s=96&d=mm&r=g\",\"contentUrl\":\"https:\/\/secure.gravatar.com\/avatar\/91ecf0292b413a0a2d72ed92f55afccfc56972be6fad751c9cb9a9da4afe01ef?s=96&d=mm&r=g\",\"caption\":\"Marketing\"},\"url\":\"https:\/\/www.szabadszinhaz.hu\/en\/author\/marketing_szabszinhaz\/\"}]}<\/script>\n<!-- \/ Yoast SEO plugin. -->","yoast_head_json":{"title":"Szabad Sz\u00ednh\u00e1z - B\u00f6rcs\u00f6k Enik\u0151re eml\u00e9kez\u00fcnk - Szabad Sz\u00ednh\u00e1z","robots":{"index":"index","follow":"follow","max-snippet":"max-snippet:-1","max-image-preview":"max-image-preview:large","max-video-preview":"max-video-preview:-1"},"canonical":"https:\/\/www.szabadszinhaz.hu\/en\/borcsok-enikore-emlekezunk\/","og_locale":"en_US","og_type":"article","og_title":"Szabad Sz\u00ednh\u00e1z - B\u00f6rcs\u00f6k Enik\u0151re eml\u00e9kez\u00fcnk - Szabad Sz\u00ednh\u00e1z","og_description":"Kett\u0151s \u00e9vfordul\u00f3: B\u00f6rcs\u00f6k Enik\u0151 feh\u00e9rv\u00e1ri sz\u00edn\u00e9szn\u0151re eml\u00e9kez\u00fcnk \u00d6tven\u00f6t \u00e9ve, 1968. janu\u00e1r 28-\u00e1n Mez\u0151t\u00faron megsz\u00fcletett B\u00f6rcs\u00f6k Enik\u0151 J\u00e1szai Mari-d\u00edjas sz\u00edn\u00e9sz, \u00e9rdemes \u00e9s kiv\u00e1l\u00f3 m\u0171v\u00e9sz. K\u00e9t \u00e9ve, 2021. janu\u00e1r 28-\u00e1n Budapesten elhunyt [&hellip;]","og_url":"https:\/\/www.szabadszinhaz.hu\/en\/borcsok-enikore-emlekezunk\/","og_site_name":"Szabad Sz\u00ednh\u00e1z","article_publisher":"https:\/\/www.facebook.com\/szabadszinhaz","article_published_time":"2023-01-28T22:11:51+00:00","article_modified_time":"2023-03-01T15:50:53+00:00","og_image":[{"width":1242,"height":984,"url":"https:\/\/www.szabadszinhaz.hu\/wp-content\/uploads\/2023\/01\/7A7E97CD-7718-44D8-9166-3D92F5EB7319.jpeg","type":"image\/jpeg"}],"author":"Marketing","twitter_card":"summary_large_image","twitter_misc":{"Written by":"Marketing","Est. reading time":"1 minute"},"schema":{"@context":"https:\/\/schema.org","@graph":[{"@type":"Article","@id":"https:\/\/www.szabadszinhaz.hu\/borcsok-enikore-emlekezunk\/#article","isPartOf":{"@id":"https:\/\/www.szabadszinhaz.hu\/borcsok-enikore-emlekezunk\/"},"author":{"name":"Marketing","@id":"https:\/\/www.szabadszinhaz.hu\/#\/schema\/person\/adf33eeeb97d5b38b99716d40eac38df"},"headline":"Szabad Sz\u00ednh\u00e1z &#8211; B\u00f6rcs\u00f6k Enik\u0151re eml\u00e9kez\u00fcnk","datePublished":"2023-01-28T22:11:51+00:00","dateModified":"2023-03-01T15:50:53+00:00","mainEntityOfPage":{"@id":"https:\/\/www.szabadszinhaz.hu\/borcsok-enikore-emlekezunk\/"},"wordCount":298,"commentCount":0,"publisher":{"@id":"https:\/\/www.szabadszinhaz.hu\/#organization"},"image":{"@id":"https:\/\/www.szabadszinhaz.hu\/borcsok-enikore-emlekezunk\/#primaryimage"},"thumbnailUrl":"https:\/\/www.szabadszinhaz.hu\/wp-content\/uploads\/2023\/01\/7A7E97CD-7718-44D8-9166-3D92F5EB7319.jpeg","articleSection":["Arch\u00edvum"],"inLanguage":"en-US","potentialAction":[{"@type":"CommentAction","name":"Comment","target":["https:\/\/www.szabadszinhaz.hu\/borcsok-enikore-emlekezunk\/#respond"]}]},{"@type":"WebPage","@id":"https:\/\/www.szabadszinhaz.hu\/borcsok-enikore-emlekezunk\/","url":"https:\/\/www.szabadszinhaz.hu\/borcsok-enikore-emlekezunk\/","name":"Szabad Sz\u00ednh\u00e1z - B\u00f6rcs\u00f6k Enik\u0151re eml\u00e9kez\u00fcnk - Szabad Sz\u00ednh\u00e1z","isPartOf":{"@id":"https:\/\/www.szabadszinhaz.hu\/#website"},"primaryImageOfPage":{"@id":"https:\/\/www.szabadszinhaz.hu\/borcsok-enikore-emlekezunk\/#primaryimage"},"image":{"@id":"https:\/\/www.szabadszinhaz.hu\/borcsok-enikore-emlekezunk\/#primaryimage"},"thumbnailUrl":"https:\/\/www.szabadszinhaz.hu\/wp-content\/uploads\/2023\/01\/7A7E97CD-7718-44D8-9166-3D92F5EB7319.jpeg","datePublished":"2023-01-28T22:11:51+00:00","dateModified":"2023-03-01T15:50:53+00:00","breadcrumb":{"@id":"https:\/\/www.szabadszinhaz.hu\/borcsok-enikore-emlekezunk\/#breadcrumb"},"inLanguage":"en-US","potentialAction":[{"@type":"ReadAction","target":["https:\/\/www.szabadszinhaz.hu\/borcsok-enikore-emlekezunk\/"]}]},{"@type":"ImageObject","inLanguage":"en-US","@id":"https:\/\/www.szabadszinhaz.hu\/borcsok-enikore-emlekezunk\/#primaryimage","url":"https:\/\/www.szabadszinhaz.hu\/wp-content\/uploads\/2023\/01\/7A7E97CD-7718-44D8-9166-3D92F5EB7319.jpeg","contentUrl":"https:\/\/www.szabadszinhaz.hu\/wp-content\/uploads\/2023\/01\/7A7E97CD-7718-44D8-9166-3D92F5EB7319.jpeg","width":1242,"height":984},{"@type":"BreadcrumbList","@id":"https:\/\/www.szabadszinhaz.hu\/borcsok-enikore-emlekezunk\/#breadcrumb","itemListElement":[{"@type":"ListItem","position":1,"name":"Kezd\u0151lap","item":"https:\/\/www.szabadszinhaz.hu\/"},{"@type":"ListItem","position":2,"name":"Szabad Sz\u00ednh\u00e1z &#8211; B\u00f6rcs\u00f6k Enik\u0151re eml\u00e9kez\u00fcnk"}]},{"@type":"WebSite","@id":"https:\/\/www.szabadszinhaz.hu\/#website","url":"https:\/\/www.szabadszinhaz.hu\/","name":"Free Theatre - Szabad Sz\u00ednh\u00e1z","description":"Free Theatre - Szabad Sz\u00ednh\u00e1z","publisher":{"@id":"https:\/\/www.szabadszinhaz.hu\/#organization"},"potentialAction":[{"@type":"SearchAction","target":{"@type":"EntryPoint","urlTemplate":"https:\/\/www.szabadszinhaz.hu\/?s={search_term_string}"},"query-input":{"@type":"PropertyValueSpecification","valueRequired":true,"valueName":"search_term_string"}}],"inLanguage":"en-US"},{"@type":"Organization","@id":"https:\/\/www.szabadszinhaz.hu\/#organization","name":"Szabad Sz\u00ednh\u00e1z SZ\u00cdN-T\u00c9R Egyes\u00fclet","url":"https:\/\/www.szabadszinhaz.hu\/","logo":{"@type":"ImageObject","inLanguage":"en-US","@id":"https:\/\/www.szabadszinhaz.hu\/#\/schema\/logo\/image\/","url":"https:\/\/www.szabadszinhaz.hu\/wp-content\/uploads\/2025\/01\/images.jpg","contentUrl":"https:\/\/www.szabadszinhaz.hu\/wp-content\/uploads\/2025\/01\/images.jpg","width":178,"height":284,"caption":"Szabad Sz\u00ednh\u00e1z SZ\u00cdN-T\u00c9R Egyes\u00fclet"},"image":{"@id":"https:\/\/www.szabadszinhaz.hu\/#\/schema\/logo\/image\/"},"sameAs":["https:\/\/www.facebook.com\/szabadszinhaz"]},{"@type":"Person","@id":"https:\/\/www.szabadszinhaz.hu\/#\/schema\/person\/adf33eeeb97d5b38b99716d40eac38df","name":"Marketing","image":{"@type":"ImageObject","inLanguage":"en-US","@id":"https:\/\/www.szabadszinhaz.hu\/#\/schema\/person\/image\/","url":"https:\/\/secure.gravatar.com\/avatar\/91ecf0292b413a0a2d72ed92f55afccfc56972be6fad751c9cb9a9da4afe01ef?s=96&d=mm&r=g","contentUrl":"https:\/\/secure.gravatar.com\/avatar\/91ecf0292b413a0a2d72ed92f55afccfc56972be6fad751c9cb9a9da4afe01ef?s=96&d=mm&r=g","caption":"Marketing"},"url":"https:\/\/www.szabadszinhaz.hu\/en\/author\/marketing_szabszinhaz\/"}]}},"_links":{"self":[{"href":"https:\/\/www.szabadszinhaz.hu\/en\/wp-json\/wp\/v2\/posts\/6303","targetHints":{"allow":["GET"]}}],"collection":[{"href":"https:\/\/www.szabadszinhaz.hu\/en\/wp-json\/wp\/v2\/posts"}],"about":[{"href":"https:\/\/www.szabadszinhaz.hu\/en\/wp-json\/wp\/v2\/types\/post"}],"author":[{"embeddable":true,"href":"https:\/\/www.szabadszinhaz.hu\/en\/wp-json\/wp\/v2\/users\/4"}],"replies":[{"embeddable":true,"href":"https:\/\/www.szabadszinhaz.hu\/en\/wp-json\/wp\/v2\/comments?post=6303"}],"version-history":[{"count":5,"href":"https:\/\/www.szabadszinhaz.hu\/en\/wp-json\/wp\/v2\/posts\/6303\/revisions"}],"predecessor-version":[{"id":6312,"href":"https:\/\/www.szabadszinhaz.hu\/en\/wp-json\/wp\/v2\/posts\/6303\/revisions\/6312"}],"wp:featuredmedia":[{"embeddable":true,"href":"https:\/\/www.szabadszinhaz.hu\/en\/wp-json\/wp\/v2\/media\/6305"}],"wp:attachment":[{"href":"https:\/\/www.szabadszinhaz.hu\/en\/wp-json\/wp\/v2\/media?parent=6303"}],"wp:term":[{"taxonomy":"category","embeddable":true,"href":"https:\/\/www.szabadszinhaz.hu\/en\/wp-json\/wp\/v2\/categories?post=6303"},{"taxonomy":"post_tag","embeddable":true,"href":"https:\/\/www.szabadszinhaz.hu\/en\/wp-json\/wp\/v2\/tags?post=6303"}],"curies":[{"name":"wp","href":"https:\/\/api.w.org\/{rel}","templated":true}]}}