{"id":6122,"date":"2022-07-05T16:10:31","date_gmt":"2022-07-05T14:10:31","guid":{"rendered":"http:\/\/www.szabadszinhaz.hu\/taroltak-a-fehervariak-vasvaron-2\/"},"modified":"2023-01-24T22:24:24","modified_gmt":"2023-01-24T21:24:24","slug":"taroltak-a-fehervariak-vasvaron-2","status":"publish","type":"post","link":"https:\/\/www.szabadszinhaz.hu\/en\/taroltak-a-fehervariak-vasvaron-2\/","title":{"rendered":"TAROLTAK A FEH\u00c9RV\u00c1RIAK VASV\u00c1RON"},"content":{"rendered":"<p>[et_pb_section fb_built=&#8221;1&#8243; _builder_version=&#8221;4.16&#8243; _module_preset=&#8221;default&#8221; background_color=&#8221;#fff1d0&#8243; width=&#8221;100%&#8221; custom_padding=&#8221;0px|||||&#8221; global_colors_info=&#8221;{}&#8221;][et_pb_row _builder_version=&#8221;4.16&#8243; _module_preset=&#8221;default&#8221; width=&#8221;100%&#8221; global_colors_info=&#8221;{}&#8221;][et_pb_column type=&#8221;4_4&#8243; _builder_version=&#8221;4.16&#8243; _module_preset=&#8221;default&#8221; global_colors_info=&#8221;{}&#8221;][et_pb_text _builder_version=&#8221;4.16&#8243; _module_preset=&#8221;default&#8221; text_font_size=&#8221;17px&#8221; text_line_height=&#8221;1.5em&#8221; width=&#8221;100%&#8221; global_colors_info=&#8221;{}&#8221;]<\/p>\n<p>Taroltak a feh\u00e9rv\u00e1ri sz\u00ednj\u00e1tsz\u00f3k a h\u00e9tv\u00e9g\u00e9n megrendezett Vasv\u00e1ri Nemzetk\u00f6zi Sz\u00ednj\u00e1tsz\u00f3 Fesztiv\u00e1lon. A Szabad Sz\u00ednh\u00e1z, a k\u00fcl\u00f6nb\u00f6z\u0151 feh\u00e9rv\u00e1ri f\u00fcggetlenekb\u0151l verbuv\u00e1l\u00f3dott \u201e\u00d6r\u00f6ks\u00e9g csoport\u201d \u00e9s a Prospero Sz\u00ednk\u00f6r, szinte minden l\u00e9tez\u0151 d\u00edjat hazahozott a h\u00e9tv\u00e9gi tal\u00e1lkoz\u00f3r\u00f3l, mely egyben nemzetk\u00f6zi min\u0151s\u00edt\u0151 fesztiv\u00e1l is volt<\/p>\n<p>[\/et_pb_text][et_pb_image src=&#8221;\/wp-content\/uploads\/2022\/05\/dijazottak_lead.jpg&#8221; title_text=&#8221;d\u00edjazottak_lead&#8221; _builder_version=&#8221;4.17.4&#8243; _module_preset=&#8221;default&#8221; global_colors_info=&#8221;{}&#8221;][\/et_pb_image][et_pb_text _builder_version=&#8221;4.16&#8243; _module_preset=&#8221;default&#8221; text_font_size=&#8221;21px&#8221; text_line_height=&#8221;1em&#8221; global_colors_info=&#8221;{}&#8221;]<\/p>\n<p style=\"text-align: center;\">H\u00e9t d\u00edj, k\u00e9t arany \u00e9s egy bronz min\u0151s\u00edt\u00e9s \u2013 ez a feh\u00e9rv\u00e1ri kort\u00e1rs m\u0171v\u00e9szeti k\u00f6z\u00f6ss\u00e9gek m\u00e9rlege a nemzetk\u00f6zi min\u0151s\u00edt\u0151 fesztiv\u00e1lon.<\/p>\n<p>[\/et_pb_text][et_pb_text _builder_version=&#8221;4.16&#8243; _module_preset=&#8221;default&#8221; text_font_size=&#8221;17px&#8221; text_line_height=&#8221;1.5em&#8221; global_colors_info=&#8221;{}&#8221;]<\/p>\n<p>&nbsp;<\/p>\n<p>A Szabad Sz\u00ednh\u00e1z, Mesteremberek (r.: Nagy Judit) c\u00edm\u0171 el\u0151ad\u00e1sa, a \u201eFesztiv\u00e1l legjobb el\u0151ad\u00e1sa\u201d d\u00edjat nyerte. A \u201eLegjobb n\u0151i alak\u00edt\u00e1s\u201d d\u00edj\u00e1t Cseh Kata, a \u201dLegjobb f\u00e9rfi alak\u00edt\u00e1s\u201d d\u00edj\u00e1t Balogh Mih\u00e1ly, m\u00edg a \u201eSz\u00edn\u00e9szi k\u00fcl\u00f6nd\u00edjat\u201d Szab\u00f3 Mikl\u00f3s Bence vihette haza a nemzetk\u00f6zi min\u0151s\u00edt\u0151 fesztiv\u00e1lr\u00f3l. Az \u00f6ttag\u00fa zs\u0171ri a \u201eLegjobb n\u0151i epiz\u00f3dalak\u00edt\u00e1s\u201d d\u00edj\u00e1t Csille Ildik\u00f3nak, m\u00edg a \u201eLegjobb f\u00e9rfi epiz\u00f3dalak\u00edt\u00e1s\u201d d\u00edj\u00e1t Czeller P\u00e9ternek \u00edt\u00e9lte oda. A k\u00fcl\u00f6nb\u00f6z\u0151, feh\u00e9rv\u00e1ri f\u00fcggetlenekb\u0151l verbuv\u00e1l\u00f3dott \u201e\u00d6r\u00f6ks\u00e9g csoport\u201d, Az \u00f6r\u00f6ks\u00e9g c\u00edm\u0171 el\u0151ad\u00e1sa (r.: Somos \u00c1kos) pedig elnyerte a \u201eFesztiv\u00e1l f\u0151d\u00edj\u00e1t\u201d.<\/p>\n<p>[\/et_pb_text][et_pb_image src=&#8221;\/wp-content\/uploads\/2022\/07\/Szabad_Szinhaz_dijak.jpg&#8221; title_text=&#8221;Szabad_Szinhaz_d\u00edjak&#8221; _builder_version=&#8221;4.17.4&#8243; _module_preset=&#8221;default&#8221; global_colors_info=&#8221;{}&#8221;][\/et_pb_image][et_pb_text _builder_version=&#8221;4.17.4&#8243; _module_preset=&#8221;default&#8221; text_font_size=&#8221;21px&#8221; text_line_height=&#8221;1.5em&#8221; global_colors_info=&#8221;{}&#8221;]<\/p>\n<p style=\"text-align: center;\">Min\u0151s\u00edt\u0151 fesztiv\u00e1l volt\u00a0<\/p>\n<p style=\"text-align: center;\">\n<p>[\/et_pb_text][et_pb_text _builder_version=&#8221;4.16&#8243; _module_preset=&#8221;default&#8221; text_font_size=&#8221;17px&#8221; text_line_height=&#8221;1.5em&#8221; global_colors_info=&#8221;{}&#8221;]<\/p>\n<p>A Vasv\u00e1ri Nemzetk\u00f6zi Sz\u00ednj\u00e1tsz\u00f3 Fesztiv\u00e1l egyben min\u0151s\u00edt\u0151 fesztiv\u00e1l is volt a h\u00e9tv\u00e9g\u00e9n. A Mesteremberek \u00e9s Az \u00f6r\u00f6ks\u00e9g c\u00edm\u0171 el\u0151ad\u00e1s egy- egy arany, m\u00edg a Prospero Sz\u00ednk\u00f6r A d\u00f6g c\u00edm\u0171 el\u0151ad\u00e1sa (r.: Micsk\u00f3 Zolt\u00e1n), bronz min\u0151s\u00edt\u00e9st kapott a zs\u0171rit\u0151l, melyet ez \u00e9vben Sztarek Andrea, sz\u00edn\u00e9szn\u0151, Sz\u0171cs Katalin \u00c1gnes, rendez\u0151, sz\u00ednikritikus, Kov\u00e1cs Nemes Andor, sz\u00ednm\u0171v\u00e9sz, Gr\u00f3sz Arthur Valentin, zeneszerz\u0151 \u00e9s Reg\u0151s J\u00e1nos, rendez\u0151, a Magyar Sz\u00edn-J\u00e1t\u00e9kos Sz\u00f6vets\u00e9g eln\u00f6ke alkotott.<\/p>\n<p>[\/et_pb_text][\/et_pb_column][\/et_pb_row][\/et_pb_section]<\/p>\n","protected":false},"excerpt":{"rendered":"<p>Taroltak a feh\u00e9rv\u00e1ri sz\u00ednj\u00e1tsz\u00f3k a h\u00e9tv\u00e9g\u00e9n megrendezett Vasv\u00e1ri Nemzetk\u00f6zi Sz\u00ednj\u00e1tsz\u00f3 Fesztiv\u00e1lon. A Szabad Sz\u00ednh\u00e1z, a k\u00fcl\u00f6nb\u00f6z\u0151 feh\u00e9rv\u00e1ri f\u00fcggetlenekb\u0151l verbuv\u00e1l\u00f3dott \u201e\u00d6r\u00f6ks\u00e9g csoport\u201d \u00e9s a Prospero Sz\u00ednk\u00f6r, szinte minden l\u00e9tez\u0151 d\u00edjat hazahozott [&hellip;]<\/p>\n","protected":false},"author":2,"featured_media":5989,"comment_status":"open","ping_status":"open","sticky":false,"template":"","format":"standard","meta":{"_et_pb_use_builder":"on","_et_pb_old_content":"","_et_gb_content_width":"","_price":"","_stock":"","_tribe_ticket_header":"","_tribe_default_ticket_provider":"","_ticket_start_date":"","_ticket_end_date":"","_tribe_ticket_show_description":"","_tribe_ticket_show_not_going":false,"_tribe_ticket_use_global_stock":"","_tribe_ticket_global_stock_level":"","_global_stock_mode":"","_global_stock_cap":"","_tribe_rsvp_for_event":"","_tribe_ticket_going_count":"","_tribe_ticket_not_going_count":"","_tribe_tickets_list":"[]","_tribe_ticket_has_attendee_info_fields":false,"footnotes":""},"categories":[13],"tags":[],"class_list":["post-6122","post","type-post","status-publish","format-standard","has-post-thumbnail","hentry","category-archivum"],"yoast_head":"<!-- This site is optimized with the Yoast SEO plugin v25.0 - https:\/\/yoast.com\/wordpress\/plugins\/seo\/ -->\n<title>TAROLTAK A FEH\u00c9RV\u00c1RIAK VASV\u00c1RON - Szabad Sz\u00ednh\u00e1z<\/title>\n<meta name=\"robots\" content=\"index, follow, max-snippet:-1, max-image-preview:large, max-video-preview:-1\" \/>\n<link rel=\"canonical\" href=\"https:\/\/www.szabadszinhaz.hu\/en\/taroltak-a-fehervariak-vasvaron-2\/\" \/>\n<meta property=\"og:locale\" content=\"en_US\" \/>\n<meta property=\"og:type\" content=\"article\" \/>\n<meta property=\"og:title\" content=\"TAROLTAK A FEH\u00c9RV\u00c1RIAK VASV\u00c1RON - Szabad Sz\u00ednh\u00e1z\" \/>\n<meta property=\"og:description\" content=\"Taroltak a feh\u00e9rv\u00e1ri sz\u00ednj\u00e1tsz\u00f3k a h\u00e9tv\u00e9g\u00e9n megrendezett Vasv\u00e1ri Nemzetk\u00f6zi Sz\u00ednj\u00e1tsz\u00f3 Fesztiv\u00e1lon. A Szabad Sz\u00ednh\u00e1z, a k\u00fcl\u00f6nb\u00f6z\u0151 feh\u00e9rv\u00e1ri f\u00fcggetlenekb\u0151l verbuv\u00e1l\u00f3dott \u201e\u00d6r\u00f6ks\u00e9g csoport\u201d \u00e9s a Prospero Sz\u00ednk\u00f6r, szinte minden l\u00e9tez\u0151 d\u00edjat hazahozott [&hellip;]\" \/>\n<meta property=\"og:url\" content=\"https:\/\/www.szabadszinhaz.hu\/en\/taroltak-a-fehervariak-vasvaron-2\/\" \/>\n<meta property=\"og:site_name\" content=\"Szabad Sz\u00ednh\u00e1z\" \/>\n<meta property=\"article:publisher\" content=\"https:\/\/www.facebook.com\/szabadszinhaz\" \/>\n<meta property=\"article:published_time\" content=\"2022-07-05T14:10:31+00:00\" \/>\n<meta property=\"article:modified_time\" content=\"2023-01-24T21:24:24+00:00\" \/>\n<meta property=\"og:image\" content=\"https:\/\/www.szabadszinhaz.hu\/wp-content\/uploads\/2022\/05\/dijazottak_lead.jpg\" \/>\n\t<meta property=\"og:image:width\" content=\"960\" \/>\n\t<meta property=\"og:image:height\" content=\"541\" \/>\n\t<meta property=\"og:image:type\" content=\"image\/jpeg\" \/>\n<meta name=\"author\" content=\"Torma Tam\u00e1s\" \/>\n<meta name=\"twitter:card\" content=\"summary_large_image\" \/>\n<meta name=\"twitter:label1\" content=\"Written by\" \/>\n\t<meta name=\"twitter:data1\" content=\"Torma Tam\u00e1s\" \/>\n\t<meta name=\"twitter:label2\" content=\"Est. reading time\" \/>\n\t<meta name=\"twitter:data2\" content=\"3 minutes\" \/>\n<script type=\"application\/ld+json\" class=\"yoast-schema-graph\">{\"@context\":\"https:\/\/schema.org\",\"@graph\":[{\"@type\":\"Article\",\"@id\":\"https:\/\/www.szabadszinhaz.hu\/taroltak-a-fehervariak-vasvaron-2\/#article\",\"isPartOf\":{\"@id\":\"https:\/\/www.szabadszinhaz.hu\/taroltak-a-fehervariak-vasvaron-2\/\"},\"author\":{\"name\":\"Torma Tam\u00e1s\",\"@id\":\"https:\/\/www.szabadszinhaz.hu\/#\/schema\/person\/f073068e07078a7485de7e4cb9b477f5\"},\"headline\":\"TAROLTAK A FEH\u00c9RV\u00c1RIAK VASV\u00c1RON\",\"datePublished\":\"2022-07-05T14:10:31+00:00\",\"dateModified\":\"2023-01-24T21:24:24+00:00\",\"mainEntityOfPage\":{\"@id\":\"https:\/\/www.szabadszinhaz.hu\/taroltak-a-fehervariak-vasvaron-2\/\"},\"wordCount\":611,\"commentCount\":0,\"publisher\":{\"@id\":\"https:\/\/www.szabadszinhaz.hu\/#organization\"},\"image\":{\"@id\":\"https:\/\/www.szabadszinhaz.hu\/taroltak-a-fehervariak-vasvaron-2\/#primaryimage\"},\"thumbnailUrl\":\"https:\/\/www.szabadszinhaz.hu\/wp-content\/uploads\/2022\/05\/dijazottak_lead.jpg\",\"articleSection\":[\"Arch\u00edvum\"],\"inLanguage\":\"en-US\",\"potentialAction\":[{\"@type\":\"CommentAction\",\"name\":\"Comment\",\"target\":[\"https:\/\/www.szabadszinhaz.hu\/taroltak-a-fehervariak-vasvaron-2\/#respond\"]}]},{\"@type\":\"WebPage\",\"@id\":\"https:\/\/www.szabadszinhaz.hu\/taroltak-a-fehervariak-vasvaron-2\/\",\"url\":\"https:\/\/www.szabadszinhaz.hu\/taroltak-a-fehervariak-vasvaron-2\/\",\"name\":\"TAROLTAK A FEH\u00c9RV\u00c1RIAK VASV\u00c1RON - Szabad Sz\u00ednh\u00e1z\",\"isPartOf\":{\"@id\":\"https:\/\/www.szabadszinhaz.hu\/#website\"},\"primaryImageOfPage\":{\"@id\":\"https:\/\/www.szabadszinhaz.hu\/taroltak-a-fehervariak-vasvaron-2\/#primaryimage\"},\"image\":{\"@id\":\"https:\/\/www.szabadszinhaz.hu\/taroltak-a-fehervariak-vasvaron-2\/#primaryimage\"},\"thumbnailUrl\":\"https:\/\/www.szabadszinhaz.hu\/wp-content\/uploads\/2022\/05\/dijazottak_lead.jpg\",\"datePublished\":\"2022-07-05T14:10:31+00:00\",\"dateModified\":\"2023-01-24T21:24:24+00:00\",\"breadcrumb\":{\"@id\":\"https:\/\/www.szabadszinhaz.hu\/taroltak-a-fehervariak-vasvaron-2\/#breadcrumb\"},\"inLanguage\":\"en-US\",\"potentialAction\":[{\"@type\":\"ReadAction\",\"target\":[\"https:\/\/www.szabadszinhaz.hu\/taroltak-a-fehervariak-vasvaron-2\/\"]}]},{\"@type\":\"ImageObject\",\"inLanguage\":\"en-US\",\"@id\":\"https:\/\/www.szabadszinhaz.hu\/taroltak-a-fehervariak-vasvaron-2\/#primaryimage\",\"url\":\"https:\/\/www.szabadszinhaz.hu\/wp-content\/uploads\/2022\/05\/dijazottak_lead.jpg\",\"contentUrl\":\"https:\/\/www.szabadszinhaz.hu\/wp-content\/uploads\/2022\/05\/dijazottak_lead.jpg\",\"width\":960,\"height\":541},{\"@type\":\"BreadcrumbList\",\"@id\":\"https:\/\/www.szabadszinhaz.hu\/taroltak-a-fehervariak-vasvaron-2\/#breadcrumb\",\"itemListElement\":[{\"@type\":\"ListItem\",\"position\":1,\"name\":\"Kezd\u0151lap\",\"item\":\"https:\/\/www.szabadszinhaz.hu\/\"},{\"@type\":\"ListItem\",\"position\":2,\"name\":\"TAROLTAK A FEH\u00c9RV\u00c1RIAK VASV\u00c1RON\"}]},{\"@type\":\"WebSite\",\"@id\":\"https:\/\/www.szabadszinhaz.hu\/#website\",\"url\":\"https:\/\/www.szabadszinhaz.hu\/\",\"name\":\"Szabad Sz\u00ednh\u00e1z\",\"description\":\"Szabad Sz\u00ednh\u00e1z\",\"publisher\":{\"@id\":\"https:\/\/www.szabadszinhaz.hu\/#organization\"},\"potentialAction\":[{\"@type\":\"SearchAction\",\"target\":{\"@type\":\"EntryPoint\",\"urlTemplate\":\"https:\/\/www.szabadszinhaz.hu\/?s={search_term_string}\"},\"query-input\":{\"@type\":\"PropertyValueSpecification\",\"valueRequired\":true,\"valueName\":\"search_term_string\"}}],\"inLanguage\":\"en-US\"},{\"@type\":\"Organization\",\"@id\":\"https:\/\/www.szabadszinhaz.hu\/#organization\",\"name\":\"Szabad Sz\u00ednh\u00e1z SZ\u00cdN-T\u00c9R Egyes\u00fclet\",\"url\":\"https:\/\/www.szabadszinhaz.hu\/\",\"logo\":{\"@type\":\"ImageObject\",\"inLanguage\":\"en-US\",\"@id\":\"https:\/\/www.szabadszinhaz.hu\/#\/schema\/logo\/image\/\",\"url\":\"https:\/\/www.szabadszinhaz.hu\/wp-content\/uploads\/2025\/01\/images.jpg\",\"contentUrl\":\"https:\/\/www.szabadszinhaz.hu\/wp-content\/uploads\/2025\/01\/images.jpg\",\"width\":178,\"height\":284,\"caption\":\"Szabad Sz\u00ednh\u00e1z SZ\u00cdN-T\u00c9R Egyes\u00fclet\"},\"image\":{\"@id\":\"https:\/\/www.szabadszinhaz.hu\/#\/schema\/logo\/image\/\"},\"sameAs\":[\"https:\/\/www.facebook.com\/szabadszinhaz\"]},{\"@type\":\"Person\",\"@id\":\"https:\/\/www.szabadszinhaz.hu\/#\/schema\/person\/f073068e07078a7485de7e4cb9b477f5\",\"name\":\"Torma Tam\u00e1s\",\"image\":{\"@type\":\"ImageObject\",\"inLanguage\":\"en-US\",\"@id\":\"https:\/\/www.szabadszinhaz.hu\/#\/schema\/person\/image\/\",\"url\":\"https:\/\/secure.gravatar.com\/avatar\/70aab4237fcbdfeefaf6fa1f88503d4ea3023ed33c2ea5b4acebb5baa95f2143?s=96&d=mm&r=g\",\"contentUrl\":\"https:\/\/secure.gravatar.com\/avatar\/70aab4237fcbdfeefaf6fa1f88503d4ea3023ed33c2ea5b4acebb5baa95f2143?s=96&d=mm&r=g\",\"caption\":\"Torma Tam\u00e1s\"},\"url\":\"https:\/\/www.szabadszinhaz.hu\/en\/author\/tormatomi\/\"}]}<\/script>\n<!-- \/ Yoast SEO plugin. -->","yoast_head_json":{"title":"TAROLTAK A FEH\u00c9RV\u00c1RIAK VASV\u00c1RON - Szabad Sz\u00ednh\u00e1z","robots":{"index":"index","follow":"follow","max-snippet":"max-snippet:-1","max-image-preview":"max-image-preview:large","max-video-preview":"max-video-preview:-1"},"canonical":"https:\/\/www.szabadszinhaz.hu\/en\/taroltak-a-fehervariak-vasvaron-2\/","og_locale":"en_US","og_type":"article","og_title":"TAROLTAK A FEH\u00c9RV\u00c1RIAK VASV\u00c1RON - Szabad Sz\u00ednh\u00e1z","og_description":"Taroltak a feh\u00e9rv\u00e1ri sz\u00ednj\u00e1tsz\u00f3k a h\u00e9tv\u00e9g\u00e9n megrendezett Vasv\u00e1ri Nemzetk\u00f6zi Sz\u00ednj\u00e1tsz\u00f3 Fesztiv\u00e1lon. A Szabad Sz\u00ednh\u00e1z, a k\u00fcl\u00f6nb\u00f6z\u0151 feh\u00e9rv\u00e1ri f\u00fcggetlenekb\u0151l verbuv\u00e1l\u00f3dott \u201e\u00d6r\u00f6ks\u00e9g csoport\u201d \u00e9s a Prospero Sz\u00ednk\u00f6r, szinte minden l\u00e9tez\u0151 d\u00edjat hazahozott [&hellip;]","og_url":"https:\/\/www.szabadszinhaz.hu\/en\/taroltak-a-fehervariak-vasvaron-2\/","og_site_name":"Szabad Sz\u00ednh\u00e1z","article_publisher":"https:\/\/www.facebook.com\/szabadszinhaz","article_published_time":"2022-07-05T14:10:31+00:00","article_modified_time":"2023-01-24T21:24:24+00:00","og_image":[{"width":960,"height":541,"url":"https:\/\/www.szabadszinhaz.hu\/wp-content\/uploads\/2022\/05\/dijazottak_lead.jpg","type":"image\/jpeg"}],"author":"Torma Tam\u00e1s","twitter_card":"summary_large_image","twitter_misc":{"Written by":"Torma Tam\u00e1s","Est. reading time":"3 minutes"},"schema":{"@context":"https:\/\/schema.org","@graph":[{"@type":"Article","@id":"https:\/\/www.szabadszinhaz.hu\/taroltak-a-fehervariak-vasvaron-2\/#article","isPartOf":{"@id":"https:\/\/www.szabadszinhaz.hu\/taroltak-a-fehervariak-vasvaron-2\/"},"author":{"name":"Torma Tam\u00e1s","@id":"https:\/\/www.szabadszinhaz.hu\/#\/schema\/person\/f073068e07078a7485de7e4cb9b477f5"},"headline":"TAROLTAK A FEH\u00c9RV\u00c1RIAK VASV\u00c1RON","datePublished":"2022-07-05T14:10:31+00:00","dateModified":"2023-01-24T21:24:24+00:00","mainEntityOfPage":{"@id":"https:\/\/www.szabadszinhaz.hu\/taroltak-a-fehervariak-vasvaron-2\/"},"wordCount":611,"commentCount":0,"publisher":{"@id":"https:\/\/www.szabadszinhaz.hu\/#organization"},"image":{"@id":"https:\/\/www.szabadszinhaz.hu\/taroltak-a-fehervariak-vasvaron-2\/#primaryimage"},"thumbnailUrl":"https:\/\/www.szabadszinhaz.hu\/wp-content\/uploads\/2022\/05\/dijazottak_lead.jpg","articleSection":["Arch\u00edvum"],"inLanguage":"en-US","potentialAction":[{"@type":"CommentAction","name":"Comment","target":["https:\/\/www.szabadszinhaz.hu\/taroltak-a-fehervariak-vasvaron-2\/#respond"]}]},{"@type":"WebPage","@id":"https:\/\/www.szabadszinhaz.hu\/taroltak-a-fehervariak-vasvaron-2\/","url":"https:\/\/www.szabadszinhaz.hu\/taroltak-a-fehervariak-vasvaron-2\/","name":"TAROLTAK A FEH\u00c9RV\u00c1RIAK VASV\u00c1RON - Szabad Sz\u00ednh\u00e1z","isPartOf":{"@id":"https:\/\/www.szabadszinhaz.hu\/#website"},"primaryImageOfPage":{"@id":"https:\/\/www.szabadszinhaz.hu\/taroltak-a-fehervariak-vasvaron-2\/#primaryimage"},"image":{"@id":"https:\/\/www.szabadszinhaz.hu\/taroltak-a-fehervariak-vasvaron-2\/#primaryimage"},"thumbnailUrl":"https:\/\/www.szabadszinhaz.hu\/wp-content\/uploads\/2022\/05\/dijazottak_lead.jpg","datePublished":"2022-07-05T14:10:31+00:00","dateModified":"2023-01-24T21:24:24+00:00","breadcrumb":{"@id":"https:\/\/www.szabadszinhaz.hu\/taroltak-a-fehervariak-vasvaron-2\/#breadcrumb"},"inLanguage":"en-US","potentialAction":[{"@type":"ReadAction","target":["https:\/\/www.szabadszinhaz.hu\/taroltak-a-fehervariak-vasvaron-2\/"]}]},{"@type":"ImageObject","inLanguage":"en-US","@id":"https:\/\/www.szabadszinhaz.hu\/taroltak-a-fehervariak-vasvaron-2\/#primaryimage","url":"https:\/\/www.szabadszinhaz.hu\/wp-content\/uploads\/2022\/05\/dijazottak_lead.jpg","contentUrl":"https:\/\/www.szabadszinhaz.hu\/wp-content\/uploads\/2022\/05\/dijazottak_lead.jpg","width":960,"height":541},{"@type":"BreadcrumbList","@id":"https:\/\/www.szabadszinhaz.hu\/taroltak-a-fehervariak-vasvaron-2\/#breadcrumb","itemListElement":[{"@type":"ListItem","position":1,"name":"Kezd\u0151lap","item":"https:\/\/www.szabadszinhaz.hu\/"},{"@type":"ListItem","position":2,"name":"TAROLTAK A FEH\u00c9RV\u00c1RIAK VASV\u00c1RON"}]},{"@type":"WebSite","@id":"https:\/\/www.szabadszinhaz.hu\/#website","url":"https:\/\/www.szabadszinhaz.hu\/","name":"Free Theatre - Szabad Sz\u00ednh\u00e1z","description":"Free Theatre - Szabad Sz\u00ednh\u00e1z","publisher":{"@id":"https:\/\/www.szabadszinhaz.hu\/#organization"},"potentialAction":[{"@type":"SearchAction","target":{"@type":"EntryPoint","urlTemplate":"https:\/\/www.szabadszinhaz.hu\/?s={search_term_string}"},"query-input":{"@type":"PropertyValueSpecification","valueRequired":true,"valueName":"search_term_string"}}],"inLanguage":"en-US"},{"@type":"Organization","@id":"https:\/\/www.szabadszinhaz.hu\/#organization","name":"Szabad Sz\u00ednh\u00e1z SZ\u00cdN-T\u00c9R Egyes\u00fclet","url":"https:\/\/www.szabadszinhaz.hu\/","logo":{"@type":"ImageObject","inLanguage":"en-US","@id":"https:\/\/www.szabadszinhaz.hu\/#\/schema\/logo\/image\/","url":"https:\/\/www.szabadszinhaz.hu\/wp-content\/uploads\/2025\/01\/images.jpg","contentUrl":"https:\/\/www.szabadszinhaz.hu\/wp-content\/uploads\/2025\/01\/images.jpg","width":178,"height":284,"caption":"Szabad Sz\u00ednh\u00e1z SZ\u00cdN-T\u00c9R Egyes\u00fclet"},"image":{"@id":"https:\/\/www.szabadszinhaz.hu\/#\/schema\/logo\/image\/"},"sameAs":["https:\/\/www.facebook.com\/szabadszinhaz"]},{"@type":"Person","@id":"https:\/\/www.szabadszinhaz.hu\/#\/schema\/person\/f073068e07078a7485de7e4cb9b477f5","name":"Torma Tam\u00e1s","image":{"@type":"ImageObject","inLanguage":"en-US","@id":"https:\/\/www.szabadszinhaz.hu\/#\/schema\/person\/image\/","url":"https:\/\/secure.gravatar.com\/avatar\/70aab4237fcbdfeefaf6fa1f88503d4ea3023ed33c2ea5b4acebb5baa95f2143?s=96&d=mm&r=g","contentUrl":"https:\/\/secure.gravatar.com\/avatar\/70aab4237fcbdfeefaf6fa1f88503d4ea3023ed33c2ea5b4acebb5baa95f2143?s=96&d=mm&r=g","caption":"Torma Tam\u00e1s"},"url":"https:\/\/www.szabadszinhaz.hu\/en\/author\/tormatomi\/"}]}},"_links":{"self":[{"href":"https:\/\/www.szabadszinhaz.hu\/en\/wp-json\/wp\/v2\/posts\/6122","targetHints":{"allow":["GET"]}}],"collection":[{"href":"https:\/\/www.szabadszinhaz.hu\/en\/wp-json\/wp\/v2\/posts"}],"about":[{"href":"https:\/\/www.szabadszinhaz.hu\/en\/wp-json\/wp\/v2\/types\/post"}],"author":[{"embeddable":true,"href":"https:\/\/www.szabadszinhaz.hu\/en\/wp-json\/wp\/v2\/users\/2"}],"replies":[{"embeddable":true,"href":"https:\/\/www.szabadszinhaz.hu\/en\/wp-json\/wp\/v2\/comments?post=6122"}],"version-history":[{"count":1,"href":"https:\/\/www.szabadszinhaz.hu\/en\/wp-json\/wp\/v2\/posts\/6122\/revisions"}],"predecessor-version":[{"id":6289,"href":"https:\/\/www.szabadszinhaz.hu\/en\/wp-json\/wp\/v2\/posts\/6122\/revisions\/6289"}],"wp:featuredmedia":[{"embeddable":true,"href":"https:\/\/www.szabadszinhaz.hu\/en\/wp-json\/wp\/v2\/media\/5989"}],"wp:attachment":[{"href":"https:\/\/www.szabadszinhaz.hu\/en\/wp-json\/wp\/v2\/media?parent=6122"}],"wp:term":[{"taxonomy":"category","embeddable":true,"href":"https:\/\/www.szabadszinhaz.hu\/en\/wp-json\/wp\/v2\/categories?post=6122"},{"taxonomy":"post_tag","embeddable":true,"href":"https:\/\/www.szabadszinhaz.hu\/en\/wp-json\/wp\/v2\/tags?post=6122"}],"curies":[{"name":"wp","href":"https:\/\/api.w.org\/{rel}","templated":true}]}}