{"id":5970,"date":"2022-05-20T16:10:31","date_gmt":"2022-05-20T14:10:31","guid":{"rendered":"http:\/\/www.szabadszinhaz.hu\/?p=5970"},"modified":"2023-01-24T22:39:59","modified_gmt":"2023-01-24T21:39:59","slug":"mesteremberek-uj-bemutatora-keszul-a-szabad-szinhaz-szekesfehervaron","status":"publish","type":"post","link":"https:\/\/www.szabadszinhaz.hu\/en\/mesteremberek-uj-bemutatora-keszul-a-szabad-szinhaz-szekesfehervaron\/","title":{"rendered":"MESTEREMBEREK \u2013 \u00daJ BEMUTAT\u00d3RA K\u00c9SZ\u00dcL A SZABAD SZ\u00cdNH\u00c1Z SZ\u00c9KESFEH\u00c9RV\u00c1RON"},"content":{"rendered":"<p>[et_pb_section fb_built=&#8221;1&#8243; _builder_version=&#8221;4.15.1&#8243; _module_preset=&#8221;default&#8221; background_color=&#8221;#fff1d0&#8243; custom_padding=&#8221;0px|||||&#8221; hover_enabled=&#8221;0&#8243; global_colors_info=&#8221;{}&#8221; width=&#8221;100%&#8221; sticky_enabled=&#8221;0&#8243;][et_pb_row _builder_version=&#8221;4.15.1&#8243; _module_preset=&#8221;default&#8221; width=&#8221;100%&#8221; global_colors_info=&#8221;{}&#8221;][et_pb_column type=&#8221;4_4&#8243; _builder_version=&#8221;4.15.1&#8243; _module_preset=&#8221;default&#8221; global_colors_info=&#8221;{}&#8221;][et_pb_text _builder_version=&#8221;4.15.1&#8243; _module_preset=&#8221;default&#8221; text_font_size=&#8221;17px&#8221; text_line_height=&#8221;1.5em&#8221; hover_enabled=&#8221;0&#8243; global_colors_info=&#8221;{}&#8221; width=&#8221;100%&#8221; sticky_enabled=&#8221;0&#8243;]<\/p>\n<p><a class=\" \" href=\"https:\/\/www.facebook.com\/events\/1214335645974725\" target=\"_blank\" rel=\"noopener noreferrer\">A Mesteremberek c\u00edm\u0171 sz\u00edndarabot mutatja<span>\u00a0<\/span><\/a><span>be m\u00e1jus 21-\u00e9n, szombaton a\u00a0<\/span><a class=\" \" href=\"https:\/\/www.facebook.com\/szabadszinhaz\" target=\"_blank\" rel=\"noopener noreferrer\">Szabad Sz\u00ednh\u00e1z<\/a><span>\u00a0az\u00a0<\/span><a class=\" \" href=\"https:\/\/www.facebook.com\/igezo\" target=\"_blank\" rel=\"noopener noreferrer\">Ig\u00e9z\u0151ben<\/a><span>. A t\u00e1rsulat tagjai ez\u00fattal a kor felborult szakmai \u00e9rt\u00e9krendszer\u00e9r\u0151l \u00e9s az emberek k\u00f6z\u00f6tti kapcsolatokr\u00f3l mes\u00e9lnek. Igazi helyzetkomikumokra \u00e9p\u00edtett katasztr\u00f3fasz\u00ednh\u00e1zi \u00e9lm\u00e9nyt l\u00e1that, aki jegyet v\u00e1lt a 19 \u00f3rakor kezd\u0151d\u0151 el\u0151ad\u00e1sra.<\/span><\/p>\n<p>[\/et_pb_text][et_pb_image src=&#8221;\/wp-content\/uploads\/2022\/05\/mesteremberek.jpg&#8221; title_text=&#8221;mesteremberek&#8221; _builder_version=&#8221;4.15.1&#8243; _module_preset=&#8221;default&#8221; global_colors_info=&#8221;{}&#8221;][\/et_pb_image][et_pb_text _builder_version=&#8221;4.15.1&#8243; _module_preset=&#8221;default&#8221; text_font_size=&#8221;21px&#8221; text_line_height=&#8221;1em&#8221; global_colors_info=&#8221;{}&#8221;]<\/p>\n<p style=\"text-align: center;\"><em>&#8221; &#8211; K\u00e9t h\u00e9ttel ezel\u0151tt is ezt mondta&#8230;k\u00e9t h\u00e9ttel ezel\u0151tt is szombatot mondott!!!<\/em><\/p>\n<p style=\"text-align: center;\"><em>&#8211; Hmmmm- ezt mondtam volna&#8230;?!&#8221;<\/em><\/p>\n<p>[\/et_pb_text][et_pb_text _builder_version=&#8221;4.15.1&#8243; _module_preset=&#8221;default&#8221; text_font_size=&#8221;17px&#8221; text_line_height=&#8221;1.5em&#8221; global_colors_info=&#8221;{}&#8221;]<\/p>\n<p><span>Ugye mindenkinek ismer\u0151s ez az \u00fagynevezett &#8222;mesteremberekkel&#8221; folytatott p\u00e1rbesz\u00e9d? Ugye m\u00e1sokkal is el\u0151fordult m\u00e1r &#8211; \u00e9p\u00edtkez\u00e9sen k\u00edv\u00fcl is -, hogy \u00fagy n\u00e9zt\u00e9k mad\u00e1rnak, mintha ez volna a vil\u00e1g legterm\u00e9szetesebb dolga? Ilyenkor a legt\u00f6bben csak \u00e1llunk, hol megsemmis\u00fclve, hol szalonk\u00e9ptelen helyzeteket fontolgatva&#8230; azt\u00e1n egyszer csak t\u00e9nyleg kij\u00f6v\u00fcnk a sodrunkb\u00f3l&#8230;\u201d<\/span><\/p>\n<p>[\/et_pb_text][et_pb_text _builder_version=&#8221;4.15.1&#8243; _module_preset=&#8221;default&#8221; text_font_size=&#8221;21px&#8221; text_line_height=&#8221;1.5em&#8221; global_colors_info=&#8221;{}&#8221;]<\/p>\n<p style=\"text-align: center;\"><span>\u00daj sz\u00edndarabbemutat\u00f3ra k\u00e9sz\u00fcl a\u00a0<\/span><a class=\" \" href=\"https:\/\/www.facebook.com\/szabadszinhaz\" target=\"_blank\" rel=\"noopener noreferrer\">Szabad Sz\u00ednh\u00e1z t\u00e1rsulata<\/a><span>.<\/span><\/p>\n<p>[\/et_pb_text][et_pb_text _builder_version=&#8221;4.15.1&#8243; _module_preset=&#8221;default&#8221; text_font_size=&#8221;17px&#8221; text_line_height=&#8221;1.5em&#8221; global_colors_info=&#8221;{}&#8221;]<\/p>\n<p><span>A\u00a0<\/span><a class=\" \" href=\"https:\/\/www.facebook.com\/events\/1214335645974725\" target=\"_blank\" rel=\"noopener noreferrer\">Mesteremberek c\u00edm\u0171 el\u0151ad\u00e1sban<\/a><span>\u00a0ez\u00fattal korunk felborult szakmai\u00e9rt \u00e9krendszer\u00e9r\u0151l \u00e9s az emberek k\u00f6z\u00f6tti kapcsolatokr\u00f3l mes\u00e9lnek a t\u00e1rsulat tagai:\u00a0<\/span><em>Cseh Katalin, Csille Ildik\u00f3, Kov\u00e1cs M\u00e1t\u00e9, Balogh Mih\u00e1ly, Szab\u00f3 Mikl\u00f3s, Szab\u00f3 Mikl\u00f3s Bence, N\u00e9meth D\u00e1vid\/Csizmadia M\u00e1t\u00e9, Megyeri Maja, Solymossy Zolt\u00e1n, St\u00e9ger Ildik\u00f3 \u00e9s B\u00f6rcs\u00f6k G\u00e1bor,<\/em><span>\u00a0<\/span><em>Nagy Judit<\/em><span>\u00a0rendez\u00e9s\u00e9ben. Igazi helyzetkomikumokra \u00e9p\u00edtett katasztr\u00f3fasz\u00ednh\u00e1zi \u00e9lm\u00e9nyt l\u00e1that, aki jegyet v\u00e1lt a\u00a0<\/span><strong>m\u00e1jus 21-\u00e9n, szombaton 19 \u00f3rakor kezd\u0151d\u0151 el\u0151ad\u00e1sra<\/strong><span>\u00a0az<\/span><a class=\" \" href=\"https:\/\/www.facebook.com\/igezo\" target=\"_blank\" rel=\"noopener noreferrer\"><span>\u00a0<\/span>Ig\u00e9z\u0151be<\/a><span>! A korl\u00e1tozott helyek miatt el\u0151zetes regisztr\u00e1ci\u00f3 &#8211; helyfoglal\u00e1s sz\u00fcks\u00e9ges. Szeretettel v\u00e1rj\u00e1k a sz\u00ednh\u00e1zszeret\u0151 k\u00f6z\u00f6ns\u00e9get!<\/span><\/p>\n<p>[\/et_pb_text][\/et_pb_column][\/et_pb_row][\/et_pb_section]<\/p>\n","protected":false},"excerpt":{"rendered":"<p>A Mesteremberek c\u00edm\u0171 sz\u00edndarabot mutatja\u00a0be m\u00e1jus 21-\u00e9n, szombaton a\u00a0Szabad Sz\u00ednh\u00e1z\u00a0az\u00a0Ig\u00e9z\u0151ben. A t\u00e1rsulat tagjai ez\u00fattal a kor felborult szakmai \u00e9rt\u00e9krendszer\u00e9r\u0151l \u00e9s az emberek k\u00f6z\u00f6tti kapcsolatokr\u00f3l mes\u00e9lnek. Igazi helyzetkomikumokra \u00e9p\u00edtett katasztr\u00f3fasz\u00ednh\u00e1zi \u00e9lm\u00e9nyt [&hellip;]<\/p>\n","protected":false},"author":2,"featured_media":5969,"comment_status":"open","ping_status":"open","sticky":false,"template":"","format":"standard","meta":{"_et_pb_use_builder":"on","_et_pb_old_content":"","_et_gb_content_width":"","_price":"","_stock":"","_tribe_ticket_header":"","_tribe_default_ticket_provider":"","_ticket_start_date":"","_ticket_end_date":"","_tribe_ticket_show_description":"","_tribe_ticket_show_not_going":false,"_tribe_ticket_use_global_stock":"","_tribe_ticket_global_stock_level":"","_global_stock_mode":"","_global_stock_cap":"","_tribe_rsvp_for_event":"","_tribe_ticket_going_count":"","_tribe_ticket_not_going_count":"","_tribe_tickets_list":"[]","_tribe_ticket_has_attendee_info_fields":false,"footnotes":""},"categories":[13],"tags":[],"class_list":["post-5970","post","type-post","status-publish","format-standard","has-post-thumbnail","hentry","category-archivum"],"yoast_head":"<!-- This site is optimized with the Yoast SEO plugin v25.0 - https:\/\/yoast.com\/wordpress\/plugins\/seo\/ -->\n<title>MESTEREMBEREK \u2013 \u00daJ BEMUTAT\u00d3RA K\u00c9SZ\u00dcL A SZABAD SZ\u00cdNH\u00c1Z SZ\u00c9KESFEH\u00c9RV\u00c1RON - Szabad Sz\u00ednh\u00e1z<\/title>\n<meta name=\"robots\" content=\"index, follow, max-snippet:-1, max-image-preview:large, max-video-preview:-1\" \/>\n<link rel=\"canonical\" href=\"https:\/\/www.szabadszinhaz.hu\/en\/mesteremberek-uj-bemutatora-keszul-a-szabad-szinhaz-szekesfehervaron\/\" \/>\n<meta property=\"og:locale\" content=\"en_US\" \/>\n<meta property=\"og:type\" content=\"article\" \/>\n<meta property=\"og:title\" content=\"MESTEREMBEREK \u2013 \u00daJ BEMUTAT\u00d3RA K\u00c9SZ\u00dcL A SZABAD SZ\u00cdNH\u00c1Z SZ\u00c9KESFEH\u00c9RV\u00c1RON - Szabad Sz\u00ednh\u00e1z\" \/>\n<meta property=\"og:description\" content=\"A Mesteremberek c\u00edm\u0171 sz\u00edndarabot mutatja\u00a0be m\u00e1jus 21-\u00e9n, szombaton a\u00a0Szabad Sz\u00ednh\u00e1z\u00a0az\u00a0Ig\u00e9z\u0151ben. A t\u00e1rsulat tagjai ez\u00fattal a kor felborult szakmai \u00e9rt\u00e9krendszer\u00e9r\u0151l \u00e9s az emberek k\u00f6z\u00f6tti kapcsolatokr\u00f3l mes\u00e9lnek. Igazi helyzetkomikumokra \u00e9p\u00edtett katasztr\u00f3fasz\u00ednh\u00e1zi \u00e9lm\u00e9nyt [&hellip;]\" \/>\n<meta property=\"og:url\" content=\"https:\/\/www.szabadszinhaz.hu\/en\/mesteremberek-uj-bemutatora-keszul-a-szabad-szinhaz-szekesfehervaron\/\" \/>\n<meta property=\"og:site_name\" content=\"Szabad Sz\u00ednh\u00e1z\" \/>\n<meta property=\"article:publisher\" content=\"https:\/\/www.facebook.com\/szabadszinhaz\" \/>\n<meta property=\"article:published_time\" content=\"2022-05-20T14:10:31+00:00\" \/>\n<meta property=\"article:modified_time\" content=\"2023-01-24T21:39:59+00:00\" \/>\n<meta property=\"og:image\" content=\"https:\/\/www.szabadszinhaz.hu\/wp-content\/uploads\/2022\/05\/mesteremberek.jpg\" \/>\n\t<meta property=\"og:image:width\" content=\"1008\" \/>\n\t<meta property=\"og:image:height\" content=\"1344\" \/>\n\t<meta property=\"og:image:type\" content=\"image\/jpeg\" \/>\n<meta name=\"author\" content=\"Torma Tam\u00e1s\" \/>\n<meta name=\"twitter:card\" content=\"summary_large_image\" \/>\n<meta name=\"twitter:label1\" content=\"Written by\" \/>\n\t<meta name=\"twitter:data1\" content=\"Torma Tam\u00e1s\" \/>\n\t<meta name=\"twitter:label2\" content=\"Est. reading time\" \/>\n\t<meta name=\"twitter:data2\" content=\"3 minutes\" \/>\n<script type=\"application\/ld+json\" class=\"yoast-schema-graph\">{\"@context\":\"https:\/\/schema.org\",\"@graph\":[{\"@type\":\"Article\",\"@id\":\"https:\/\/www.szabadszinhaz.hu\/mesteremberek-uj-bemutatora-keszul-a-szabad-szinhaz-szekesfehervaron\/#article\",\"isPartOf\":{\"@id\":\"https:\/\/www.szabadszinhaz.hu\/mesteremberek-uj-bemutatora-keszul-a-szabad-szinhaz-szekesfehervaron\/\"},\"author\":{\"name\":\"Torma Tam\u00e1s\",\"@id\":\"https:\/\/www.szabadszinhaz.hu\/#\/schema\/person\/f073068e07078a7485de7e4cb9b477f5\"},\"headline\":\"MESTEREMBEREK \u2013 \u00daJ BEMUTAT\u00d3RA K\u00c9SZ\u00dcL A SZABAD SZ\u00cdNH\u00c1Z SZ\u00c9KESFEH\u00c9RV\u00c1RON\",\"datePublished\":\"2022-05-20T14:10:31+00:00\",\"dateModified\":\"2023-01-24T21:39:59+00:00\",\"mainEntityOfPage\":{\"@id\":\"https:\/\/www.szabadszinhaz.hu\/mesteremberek-uj-bemutatora-keszul-a-szabad-szinhaz-szekesfehervaron\/\"},\"wordCount\":522,\"commentCount\":0,\"publisher\":{\"@id\":\"https:\/\/www.szabadszinhaz.hu\/#organization\"},\"image\":{\"@id\":\"https:\/\/www.szabadszinhaz.hu\/mesteremberek-uj-bemutatora-keszul-a-szabad-szinhaz-szekesfehervaron\/#primaryimage\"},\"thumbnailUrl\":\"https:\/\/www.szabadszinhaz.hu\/wp-content\/uploads\/2022\/05\/mesteremberek.jpg\",\"articleSection\":[\"Arch\u00edvum\"],\"inLanguage\":\"en-US\",\"potentialAction\":[{\"@type\":\"CommentAction\",\"name\":\"Comment\",\"target\":[\"https:\/\/www.szabadszinhaz.hu\/mesteremberek-uj-bemutatora-keszul-a-szabad-szinhaz-szekesfehervaron\/#respond\"]}]},{\"@type\":\"WebPage\",\"@id\":\"https:\/\/www.szabadszinhaz.hu\/mesteremberek-uj-bemutatora-keszul-a-szabad-szinhaz-szekesfehervaron\/\",\"url\":\"https:\/\/www.szabadszinhaz.hu\/mesteremberek-uj-bemutatora-keszul-a-szabad-szinhaz-szekesfehervaron\/\",\"name\":\"MESTEREMBEREK \u2013 \u00daJ BEMUTAT\u00d3RA K\u00c9SZ\u00dcL A SZABAD SZ\u00cdNH\u00c1Z SZ\u00c9KESFEH\u00c9RV\u00c1RON - Szabad Sz\u00ednh\u00e1z\",\"isPartOf\":{\"@id\":\"https:\/\/www.szabadszinhaz.hu\/#website\"},\"primaryImageOfPage\":{\"@id\":\"https:\/\/www.szabadszinhaz.hu\/mesteremberek-uj-bemutatora-keszul-a-szabad-szinhaz-szekesfehervaron\/#primaryimage\"},\"image\":{\"@id\":\"https:\/\/www.szabadszinhaz.hu\/mesteremberek-uj-bemutatora-keszul-a-szabad-szinhaz-szekesfehervaron\/#primaryimage\"},\"thumbnailUrl\":\"https:\/\/www.szabadszinhaz.hu\/wp-content\/uploads\/2022\/05\/mesteremberek.jpg\",\"datePublished\":\"2022-05-20T14:10:31+00:00\",\"dateModified\":\"2023-01-24T21:39:59+00:00\",\"breadcrumb\":{\"@id\":\"https:\/\/www.szabadszinhaz.hu\/mesteremberek-uj-bemutatora-keszul-a-szabad-szinhaz-szekesfehervaron\/#breadcrumb\"},\"inLanguage\":\"en-US\",\"potentialAction\":[{\"@type\":\"ReadAction\",\"target\":[\"https:\/\/www.szabadszinhaz.hu\/mesteremberek-uj-bemutatora-keszul-a-szabad-szinhaz-szekesfehervaron\/\"]}]},{\"@type\":\"ImageObject\",\"inLanguage\":\"en-US\",\"@id\":\"https:\/\/www.szabadszinhaz.hu\/mesteremberek-uj-bemutatora-keszul-a-szabad-szinhaz-szekesfehervaron\/#primaryimage\",\"url\":\"https:\/\/www.szabadszinhaz.hu\/wp-content\/uploads\/2022\/05\/mesteremberek.jpg\",\"contentUrl\":\"https:\/\/www.szabadszinhaz.hu\/wp-content\/uploads\/2022\/05\/mesteremberek.jpg\",\"width\":1008,\"height\":1344},{\"@type\":\"BreadcrumbList\",\"@id\":\"https:\/\/www.szabadszinhaz.hu\/mesteremberek-uj-bemutatora-keszul-a-szabad-szinhaz-szekesfehervaron\/#breadcrumb\",\"itemListElement\":[{\"@type\":\"ListItem\",\"position\":1,\"name\":\"Kezd\u0151lap\",\"item\":\"https:\/\/www.szabadszinhaz.hu\/\"},{\"@type\":\"ListItem\",\"position\":2,\"name\":\"MESTEREMBEREK \u2013 \u00daJ BEMUTAT\u00d3RA K\u00c9SZ\u00dcL A SZABAD SZ\u00cdNH\u00c1Z SZ\u00c9KESFEH\u00c9RV\u00c1RON\"}]},{\"@type\":\"WebSite\",\"@id\":\"https:\/\/www.szabadszinhaz.hu\/#website\",\"url\":\"https:\/\/www.szabadszinhaz.hu\/\",\"name\":\"Szabad Sz\u00ednh\u00e1z\",\"description\":\"Szabad Sz\u00ednh\u00e1z\",\"publisher\":{\"@id\":\"https:\/\/www.szabadszinhaz.hu\/#organization\"},\"potentialAction\":[{\"@type\":\"SearchAction\",\"target\":{\"@type\":\"EntryPoint\",\"urlTemplate\":\"https:\/\/www.szabadszinhaz.hu\/?s={search_term_string}\"},\"query-input\":{\"@type\":\"PropertyValueSpecification\",\"valueRequired\":true,\"valueName\":\"search_term_string\"}}],\"inLanguage\":\"en-US\"},{\"@type\":\"Organization\",\"@id\":\"https:\/\/www.szabadszinhaz.hu\/#organization\",\"name\":\"Szabad Sz\u00ednh\u00e1z SZ\u00cdN-T\u00c9R Egyes\u00fclet\",\"url\":\"https:\/\/www.szabadszinhaz.hu\/\",\"logo\":{\"@type\":\"ImageObject\",\"inLanguage\":\"en-US\",\"@id\":\"https:\/\/www.szabadszinhaz.hu\/#\/schema\/logo\/image\/\",\"url\":\"https:\/\/www.szabadszinhaz.hu\/wp-content\/uploads\/2025\/01\/images.jpg\",\"contentUrl\":\"https:\/\/www.szabadszinhaz.hu\/wp-content\/uploads\/2025\/01\/images.jpg\",\"width\":178,\"height\":284,\"caption\":\"Szabad Sz\u00ednh\u00e1z SZ\u00cdN-T\u00c9R Egyes\u00fclet\"},\"image\":{\"@id\":\"https:\/\/www.szabadszinhaz.hu\/#\/schema\/logo\/image\/\"},\"sameAs\":[\"https:\/\/www.facebook.com\/szabadszinhaz\"]},{\"@type\":\"Person\",\"@id\":\"https:\/\/www.szabadszinhaz.hu\/#\/schema\/person\/f073068e07078a7485de7e4cb9b477f5\",\"name\":\"Torma Tam\u00e1s\",\"image\":{\"@type\":\"ImageObject\",\"inLanguage\":\"en-US\",\"@id\":\"https:\/\/www.szabadszinhaz.hu\/#\/schema\/person\/image\/\",\"url\":\"https:\/\/secure.gravatar.com\/avatar\/70aab4237fcbdfeefaf6fa1f88503d4ea3023ed33c2ea5b4acebb5baa95f2143?s=96&d=mm&r=g\",\"contentUrl\":\"https:\/\/secure.gravatar.com\/avatar\/70aab4237fcbdfeefaf6fa1f88503d4ea3023ed33c2ea5b4acebb5baa95f2143?s=96&d=mm&r=g\",\"caption\":\"Torma Tam\u00e1s\"},\"url\":\"https:\/\/www.szabadszinhaz.hu\/en\/author\/tormatomi\/\"}]}<\/script>\n<!-- \/ Yoast SEO plugin. -->","yoast_head_json":{"title":"MESTEREMBEREK \u2013 \u00daJ BEMUTAT\u00d3RA K\u00c9SZ\u00dcL A SZABAD SZ\u00cdNH\u00c1Z SZ\u00c9KESFEH\u00c9RV\u00c1RON - Szabad Sz\u00ednh\u00e1z","robots":{"index":"index","follow":"follow","max-snippet":"max-snippet:-1","max-image-preview":"max-image-preview:large","max-video-preview":"max-video-preview:-1"},"canonical":"https:\/\/www.szabadszinhaz.hu\/en\/mesteremberek-uj-bemutatora-keszul-a-szabad-szinhaz-szekesfehervaron\/","og_locale":"en_US","og_type":"article","og_title":"MESTEREMBEREK \u2013 \u00daJ BEMUTAT\u00d3RA K\u00c9SZ\u00dcL A SZABAD SZ\u00cdNH\u00c1Z SZ\u00c9KESFEH\u00c9RV\u00c1RON - Szabad Sz\u00ednh\u00e1z","og_description":"A Mesteremberek c\u00edm\u0171 sz\u00edndarabot mutatja\u00a0be m\u00e1jus 21-\u00e9n, szombaton a\u00a0Szabad Sz\u00ednh\u00e1z\u00a0az\u00a0Ig\u00e9z\u0151ben. A t\u00e1rsulat tagjai ez\u00fattal a kor felborult szakmai \u00e9rt\u00e9krendszer\u00e9r\u0151l \u00e9s az emberek k\u00f6z\u00f6tti kapcsolatokr\u00f3l mes\u00e9lnek. Igazi helyzetkomikumokra \u00e9p\u00edtett katasztr\u00f3fasz\u00ednh\u00e1zi \u00e9lm\u00e9nyt [&hellip;]","og_url":"https:\/\/www.szabadszinhaz.hu\/en\/mesteremberek-uj-bemutatora-keszul-a-szabad-szinhaz-szekesfehervaron\/","og_site_name":"Szabad Sz\u00ednh\u00e1z","article_publisher":"https:\/\/www.facebook.com\/szabadszinhaz","article_published_time":"2022-05-20T14:10:31+00:00","article_modified_time":"2023-01-24T21:39:59+00:00","og_image":[{"width":1008,"height":1344,"url":"https:\/\/www.szabadszinhaz.hu\/wp-content\/uploads\/2022\/05\/mesteremberek.jpg","type":"image\/jpeg"}],"author":"Torma Tam\u00e1s","twitter_card":"summary_large_image","twitter_misc":{"Written by":"Torma Tam\u00e1s","Est. reading time":"3 minutes"},"schema":{"@context":"https:\/\/schema.org","@graph":[{"@type":"Article","@id":"https:\/\/www.szabadszinhaz.hu\/mesteremberek-uj-bemutatora-keszul-a-szabad-szinhaz-szekesfehervaron\/#article","isPartOf":{"@id":"https:\/\/www.szabadszinhaz.hu\/mesteremberek-uj-bemutatora-keszul-a-szabad-szinhaz-szekesfehervaron\/"},"author":{"name":"Torma Tam\u00e1s","@id":"https:\/\/www.szabadszinhaz.hu\/#\/schema\/person\/f073068e07078a7485de7e4cb9b477f5"},"headline":"MESTEREMBEREK \u2013 \u00daJ BEMUTAT\u00d3RA K\u00c9SZ\u00dcL A SZABAD SZ\u00cdNH\u00c1Z SZ\u00c9KESFEH\u00c9RV\u00c1RON","datePublished":"2022-05-20T14:10:31+00:00","dateModified":"2023-01-24T21:39:59+00:00","mainEntityOfPage":{"@id":"https:\/\/www.szabadszinhaz.hu\/mesteremberek-uj-bemutatora-keszul-a-szabad-szinhaz-szekesfehervaron\/"},"wordCount":522,"commentCount":0,"publisher":{"@id":"https:\/\/www.szabadszinhaz.hu\/#organization"},"image":{"@id":"https:\/\/www.szabadszinhaz.hu\/mesteremberek-uj-bemutatora-keszul-a-szabad-szinhaz-szekesfehervaron\/#primaryimage"},"thumbnailUrl":"https:\/\/www.szabadszinhaz.hu\/wp-content\/uploads\/2022\/05\/mesteremberek.jpg","articleSection":["Arch\u00edvum"],"inLanguage":"en-US","potentialAction":[{"@type":"CommentAction","name":"Comment","target":["https:\/\/www.szabadszinhaz.hu\/mesteremberek-uj-bemutatora-keszul-a-szabad-szinhaz-szekesfehervaron\/#respond"]}]},{"@type":"WebPage","@id":"https:\/\/www.szabadszinhaz.hu\/mesteremberek-uj-bemutatora-keszul-a-szabad-szinhaz-szekesfehervaron\/","url":"https:\/\/www.szabadszinhaz.hu\/mesteremberek-uj-bemutatora-keszul-a-szabad-szinhaz-szekesfehervaron\/","name":"MESTEREMBEREK \u2013 \u00daJ BEMUTAT\u00d3RA K\u00c9SZ\u00dcL A SZABAD SZ\u00cdNH\u00c1Z SZ\u00c9KESFEH\u00c9RV\u00c1RON - Szabad Sz\u00ednh\u00e1z","isPartOf":{"@id":"https:\/\/www.szabadszinhaz.hu\/#website"},"primaryImageOfPage":{"@id":"https:\/\/www.szabadszinhaz.hu\/mesteremberek-uj-bemutatora-keszul-a-szabad-szinhaz-szekesfehervaron\/#primaryimage"},"image":{"@id":"https:\/\/www.szabadszinhaz.hu\/mesteremberek-uj-bemutatora-keszul-a-szabad-szinhaz-szekesfehervaron\/#primaryimage"},"thumbnailUrl":"https:\/\/www.szabadszinhaz.hu\/wp-content\/uploads\/2022\/05\/mesteremberek.jpg","datePublished":"2022-05-20T14:10:31+00:00","dateModified":"2023-01-24T21:39:59+00:00","breadcrumb":{"@id":"https:\/\/www.szabadszinhaz.hu\/mesteremberek-uj-bemutatora-keszul-a-szabad-szinhaz-szekesfehervaron\/#breadcrumb"},"inLanguage":"en-US","potentialAction":[{"@type":"ReadAction","target":["https:\/\/www.szabadszinhaz.hu\/mesteremberek-uj-bemutatora-keszul-a-szabad-szinhaz-szekesfehervaron\/"]}]},{"@type":"ImageObject","inLanguage":"en-US","@id":"https:\/\/www.szabadszinhaz.hu\/mesteremberek-uj-bemutatora-keszul-a-szabad-szinhaz-szekesfehervaron\/#primaryimage","url":"https:\/\/www.szabadszinhaz.hu\/wp-content\/uploads\/2022\/05\/mesteremberek.jpg","contentUrl":"https:\/\/www.szabadszinhaz.hu\/wp-content\/uploads\/2022\/05\/mesteremberek.jpg","width":1008,"height":1344},{"@type":"BreadcrumbList","@id":"https:\/\/www.szabadszinhaz.hu\/mesteremberek-uj-bemutatora-keszul-a-szabad-szinhaz-szekesfehervaron\/#breadcrumb","itemListElement":[{"@type":"ListItem","position":1,"name":"Kezd\u0151lap","item":"https:\/\/www.szabadszinhaz.hu\/"},{"@type":"ListItem","position":2,"name":"MESTEREMBEREK \u2013 \u00daJ BEMUTAT\u00d3RA K\u00c9SZ\u00dcL A SZABAD SZ\u00cdNH\u00c1Z SZ\u00c9KESFEH\u00c9RV\u00c1RON"}]},{"@type":"WebSite","@id":"https:\/\/www.szabadszinhaz.hu\/#website","url":"https:\/\/www.szabadszinhaz.hu\/","name":"Free Theatre - Szabad Sz\u00ednh\u00e1z","description":"Free Theatre - Szabad Sz\u00ednh\u00e1z","publisher":{"@id":"https:\/\/www.szabadszinhaz.hu\/#organization"},"potentialAction":[{"@type":"SearchAction","target":{"@type":"EntryPoint","urlTemplate":"https:\/\/www.szabadszinhaz.hu\/?s={search_term_string}"},"query-input":{"@type":"PropertyValueSpecification","valueRequired":true,"valueName":"search_term_string"}}],"inLanguage":"en-US"},{"@type":"Organization","@id":"https:\/\/www.szabadszinhaz.hu\/#organization","name":"Szabad Sz\u00ednh\u00e1z SZ\u00cdN-T\u00c9R Egyes\u00fclet","url":"https:\/\/www.szabadszinhaz.hu\/","logo":{"@type":"ImageObject","inLanguage":"en-US","@id":"https:\/\/www.szabadszinhaz.hu\/#\/schema\/logo\/image\/","url":"https:\/\/www.szabadszinhaz.hu\/wp-content\/uploads\/2025\/01\/images.jpg","contentUrl":"https:\/\/www.szabadszinhaz.hu\/wp-content\/uploads\/2025\/01\/images.jpg","width":178,"height":284,"caption":"Szabad Sz\u00ednh\u00e1z SZ\u00cdN-T\u00c9R Egyes\u00fclet"},"image":{"@id":"https:\/\/www.szabadszinhaz.hu\/#\/schema\/logo\/image\/"},"sameAs":["https:\/\/www.facebook.com\/szabadszinhaz"]},{"@type":"Person","@id":"https:\/\/www.szabadszinhaz.hu\/#\/schema\/person\/f073068e07078a7485de7e4cb9b477f5","name":"Torma Tam\u00e1s","image":{"@type":"ImageObject","inLanguage":"en-US","@id":"https:\/\/www.szabadszinhaz.hu\/#\/schema\/person\/image\/","url":"https:\/\/secure.gravatar.com\/avatar\/70aab4237fcbdfeefaf6fa1f88503d4ea3023ed33c2ea5b4acebb5baa95f2143?s=96&d=mm&r=g","contentUrl":"https:\/\/secure.gravatar.com\/avatar\/70aab4237fcbdfeefaf6fa1f88503d4ea3023ed33c2ea5b4acebb5baa95f2143?s=96&d=mm&r=g","caption":"Torma Tam\u00e1s"},"url":"https:\/\/www.szabadszinhaz.hu\/en\/author\/tormatomi\/"}]}},"_links":{"self":[{"href":"https:\/\/www.szabadszinhaz.hu\/en\/wp-json\/wp\/v2\/posts\/5970","targetHints":{"allow":["GET"]}}],"collection":[{"href":"https:\/\/www.szabadszinhaz.hu\/en\/wp-json\/wp\/v2\/posts"}],"about":[{"href":"https:\/\/www.szabadszinhaz.hu\/en\/wp-json\/wp\/v2\/types\/post"}],"author":[{"embeddable":true,"href":"https:\/\/www.szabadszinhaz.hu\/en\/wp-json\/wp\/v2\/users\/2"}],"replies":[{"embeddable":true,"href":"https:\/\/www.szabadszinhaz.hu\/en\/wp-json\/wp\/v2\/comments?post=5970"}],"version-history":[{"count":5,"href":"https:\/\/www.szabadszinhaz.hu\/en\/wp-json\/wp\/v2\/posts\/5970\/revisions"}],"predecessor-version":[{"id":5979,"href":"https:\/\/www.szabadszinhaz.hu\/en\/wp-json\/wp\/v2\/posts\/5970\/revisions\/5979"}],"wp:featuredmedia":[{"embeddable":true,"href":"https:\/\/www.szabadszinhaz.hu\/en\/wp-json\/wp\/v2\/media\/5969"}],"wp:attachment":[{"href":"https:\/\/www.szabadszinhaz.hu\/en\/wp-json\/wp\/v2\/media?parent=5970"}],"wp:term":[{"taxonomy":"category","embeddable":true,"href":"https:\/\/www.szabadszinhaz.hu\/en\/wp-json\/wp\/v2\/categories?post=5970"},{"taxonomy":"post_tag","embeddable":true,"href":"https:\/\/www.szabadszinhaz.hu\/en\/wp-json\/wp\/v2\/tags?post=5970"}],"curies":[{"name":"wp","href":"https:\/\/api.w.org\/{rel}","templated":true}]}}