{"id":5947,"date":"2022-04-19T09:02:27","date_gmt":"2022-04-19T07:02:27","guid":{"rendered":"http:\/\/www.szabadszinhaz.hu\/szombaton-kaosz-az-igezoben-2-2-2\/"},"modified":"2023-01-24T22:42:15","modified_gmt":"2023-01-24T21:42:15","slug":"a-het-minden-napjan-eloadas-az-igezoben-2-2-2","status":"publish","type":"post","link":"https:\/\/www.szabadszinhaz.hu\/en\/a-het-minden-napjan-eloadas-az-igezoben-2-2-2\/","title":{"rendered":"DR\u00c1M\u00c1K \u00c9S MESE &#8211; A H\u00c9T MINDEN NAPJ\u00c1RA AJ\u00c1NLUNK EL\u0150AD\u00c1ST AZ IG\u00c9Z\u0150BEN"},"content":{"rendered":"<p>[et_pb_section fb_built=&#8221;1&#8243; _builder_version=&#8221;4.15.1&#8243; _module_preset=&#8221;default&#8221; background_color=&#8221;RGBA(255,255,255,0)&#8221; custom_padding=&#8221;2px||0px|||&#8221; global_colors_info=&#8221;{}&#8221;][et_pb_row _builder_version=&#8221;4.15.1&#8243; _module_preset=&#8221;default&#8221; custom_margin=&#8221;|98px||-1px||&#8221; custom_padding=&#8221;5px||0px|||&#8221; global_colors_info=&#8221;{}&#8221;][et_pb_column type=&#8221;4_4&#8243; _builder_version=&#8221;4.15.1&#8243; _module_preset=&#8221;default&#8221; global_colors_info=&#8221;{}&#8221;][et_pb_text _builder_version=&#8221;4.15.1&#8243; _module_preset=&#8221;default&#8221; text_font_size=&#8221;18px&#8221; text_line_height=&#8221;1.5em&#8221; custom_margin=&#8221;|-180px||||&#8221; global_colors_info=&#8221;{}&#8221;]<\/p>\n<p style=\"text-align: justify;\">Cs\u00fct\u00f6rt\u00f6k\u00f6n, <a href=\"https:\/\/www.facebook.com\/events\/1491708984559491?acontext=%7B%22event_action_history%22%3A[%7B%22mechanism%22%3A%22search_results%22%2C%22surface%22%3A%22search%22%7D]%2C%22ref_notif_type%22%3Anull%7D\">Schwechtje Mih\u00e1ly: Az \u00f6r\u00f6ks\u00e9g c\u00edm\u0171 dr\u00e1m\u00e1j\u00e1val indul<\/a> az el\u0151ad\u00e1s maraton az Ig\u00e9z\u0151ben. \u00c1prilis 22. p\u00e9nteken m\u00e1r a <a href=\"https:\/\/www.facebook.com\/events\/1071604423389787?acontext=%7B%22event_action_history%22%3A[%7B%22extra_data%22%3A%22%22%2C%22mechanism%22%3A%22search_results%22%2C%22surface%22%3A%22search%22%7D%2C%7B%22extra_data%22%3A%22%22%2C%22mechanism%22%3A%22your_upcoming_events_unit%22%2C%22surface%22%3A%22bookmark%22%7D]%2C%22ref_notif_type%22%3Anull%7D\">V\u00e1l\u00e1s Veron\u00e1ban c\u00edm\u0171 darabot<\/a> l\u00e1thatja a k\u00f6z\u00f6ns\u00e9g a Vasv\u00e1ri di\u00e1ksz\u00ednpad el\u0151ad\u00e1s\u00e1ban, m\u00edg a szombat m\u00e1r az ideg\u00f6sszeoml\u00e1s sz\u00e9l\u00e9n l\u00e9v\u0151 f\u00e9rfiak\u00e9, ism\u00e9t m\u0171sorra t\u0171zi a <a href=\"https:\/\/www.facebook.com\/events\/511236647038673?acontext=%7B%22event_action_history%22%3A[%7B%22extra_data%22%3A%22%22%2C%22mechanism%22%3A%22search_results%22%2C%22surface%22%3A%22search%22%7D%2C%7B%22extra_data%22%3A%22%22%2C%22mechanism%22%3A%22your_upcoming_events_unit%22%2C%22surface%22%3A%22bookmark%22%7D%2C%7B%22extra_data%22%3A%22%22%2C%22mechanism%22%3A%22your_upcoming_events_unit%22%2C%22surface%22%3A%22bookmark%22%7D]%2C%22ref_notif_type%22%3Anull%7D\">Szabad Sz\u00ednh\u00e1z, P\u00e1nik c\u00edm\u0171 el\u0151ad\u00e1s\u00e1t<\/a>. Vas\u00e1rnap pedig m\u00e1r a gyerekeknek kedveznek, 11 \u00f3r\u00e1t\u00f3l <a href=\"https:\/\/www.facebook.com\/events\/325045449597949\/?acontext=%7B%22event_action_history%22%3A[%7B%22mechanism%22%3A%22search_results%22%2C%22surface%22%3A%22search%22%7D]%2C%22ref_notif_type%22%3Anull%7D\">Kacor kir\u00e1ly l\u00e1togat az Ig\u00e9z\u0151be.<\/a><\/p>\n<p>[\/et_pb_text][et_pb_image src=&#8221;\/wp-content\/uploads\/2022\/04\/orokseg_21.jpg&#8221; title_text=&#8221;orokseg_21&#8243; src_tablet=&#8221;http:\/\/www.szabadszinhaz.hu\/wp-content\/uploads\/2022\/03\/kaosz_-1.jpg&#8221; src_phone=&#8221;http:\/\/www.szabadszinhaz.hu\/wp-content\/uploads\/2022\/03\/kaosz_-1.jpg&#8221; src_last_edited=&#8221;on|desktop&#8221; _builder_version=&#8221;4.15.1&#8243; _module_preset=&#8221;default&#8221; global_colors_info=&#8221;{}&#8221;][\/et_pb_image][et_pb_text _builder_version=&#8221;4.15.1&#8243; _module_preset=&#8221;default&#8221; text_font_size=&#8221;18px&#8221; text_line_height=&#8221;1.5em&#8221; custom_margin=&#8221;|-180px||||&#8221; global_colors_info=&#8221;{}&#8221;]<\/p>\n<blockquote>\n<p><span style=\"color: #000000;\"><a href=\"https:\/\/www.facebook.com\/events\/476790780809169\" style=\"font-size: 18px; color: #000000;\"><strong>2022. \u00e1prilis 21., cs\u00fct\u00f6rt\u00f6k, 19 \u00f3ra &#8211; Schwechtje Mih\u00e1ly: Az \u00f6r\u00f6ks\u00e9g<\/strong> &#8211; Az \u00d6r\u00f6ks\u00e9g Csoport el\u0151ad\u00e1sa.<\/a><\/span><\/p>\n<\/blockquote>\n<p style=\"text-align: justify;\">Egy kis borsodi faluban, Seholsincs-orsz\u00e1gban, egy hazal\u00e1togat\u00f3 orvos komoly dilemm\u00e1k el\u00e9 ker\u00fcl, amikor fokozatosan szembes\u00fcl a m\u00falt t\u00f6rt\u00e9n\u00e9seivel \u00e9s fokozatosan h\u00fazza befel\u00e9 a cinkos-cinikus k\u00f6zeg. Lehet ilyenkor erk\u00f6lcsileg helyes, \u00e9rv\u00e9nyes d\u00f6nt\u00e9st hozni? Az el\u0151ad\u00e1s elnyerte a sz\u00e9kesfeh\u00e9rv\u00e1ri Pa\u00e1l Istv\u00e1n Fesztiv\u00e1l f\u0151d\u00edj\u00e1t \u00e9s a balassagyarmati Mad\u00e1ch Imre Irodalmi \u00e9s Sz\u00ednj\u00e1tsz\u00f3 Fesztiv\u00e1l k\u00fcl\u00f6nd\u00edj\u00e1t.<\/p>\n<p>[\/et_pb_text][et_pb_image src=&#8221;\/wp-content\/uploads\/2022\/04\/valas_veronaban_22.jpg&#8221; title_text=&#8221;valas_veronaban_22&#8243; align=&#8221;center&#8221; _builder_version=&#8221;4.15.1&#8243; _module_preset=&#8221;default&#8221; custom_margin=&#8221;|-170px||||&#8221; global_colors_info=&#8221;{}&#8221;][\/et_pb_image][et_pb_text _builder_version=&#8221;4.15.1&#8243; _module_preset=&#8221;default&#8221; text_font_size=&#8221;18px&#8221; text_line_height=&#8221;1.5em&#8221; custom_margin=&#8221;|-180px|72px|||&#8221; global_colors_info=&#8221;{}&#8221;]<\/p>\n<blockquote>\n<h3><strong>2022. \u00e1prilis 22., p\u00e9ntek, 19 \u00f3ra- G\u00e1li J\u00f3zsef: V\u00e1l\u00e1s Veron\u00e1ban<\/strong> &#8211; bemutatja a Vasv\u00e1ri Di\u00e1ksz\u00ednpad<\/h3>\n<\/blockquote>\n<p style=\"text-align: justify;\">A V\u00e1l\u00e1s Veron\u00e1ban Shakespeare R\u00f3me\u00f3 \u00e9s J\u00fali\u00e1j\u00e1nak k\u00fcl\u00f6n\u00f6s, abszurd elemekkel \u00e1titatott parafr\u00e1zisa. A huszadik sz\u00e1zadi Veron\u00e1ban, t\u00edz \u00e9vvel a darabbeli cselekm\u00e9nyt megel\u0151z\u0151en, egy archeol\u00f3gus megtal\u00e1lja a legend\u00e1s szerelmesp\u00e1r kript\u00e1j\u00e1t, \u00e9s ki\u00e1ssa a halottakat. R\u00f3me\u00f3 \u00e9s J\u00falia \u00e9letre kelnek, \u00e9s imm\u00e1r t\u00edz \u00e9ve \u00e9lnek h\u00e1zass\u00e1gban. A v\u00e1ros vezet\u00e9se az eszm\u00e9nyi szerelem halhatatlans\u00e1g\u00e1t saj\u00e1t politikai hatalm\u00e1nak legitimiz\u00e1l\u00e1s\u00e1ra haszn\u00e1lja. A konfliktust, ak\u00e1rcsak a XVI. sz\u00e1zadi eredeti m\u0171ben, R\u00f3me\u00f3 \u00e9s J\u00falia engedetlens\u00e9ge okozza. A modern szitu\u00e1ci\u00f3ban azonban l\u00e1zad\u00e1suk ind\u00edt\u00e9ka nem a sz\u00fcl\u0151i akarattal val\u00f3 szembeker\u00fcl\u00e9s, a mindent els\u00f6pr\u0151 igaz szerelem, hanem a hatalom befoly\u00e1s\u00e1val \u00e9s ellen\u0151rz\u00e9s\u00e9vel val\u00f3 szembefordul\u00e1s.\u00a0<\/p>\n<p>[\/et_pb_text][et_pb_image src=&#8221;\/wp-content\/uploads\/2022\/03\/panik_1.jpg&#8221; title_text=&#8221;panik_1&#8243; _builder_version=&#8221;4.15.1&#8243; _module_preset=&#8221;default&#8221; global_colors_info=&#8221;{}&#8221;][\/et_pb_image][et_pb_text _builder_version=&#8221;4.15.1&#8243; _module_preset=&#8221;default&#8221; text_font_size=&#8221;18px&#8221; text_line_height=&#8221;1.5em&#8221; custom_margin=&#8221;|-180px||||&#8221; global_colors_info=&#8221;{}&#8221;]<\/p>\n<blockquote>\n<p><strong>2022. \u00e1prilis 23., szombat, 19:00 &#8211; P\u00e1nik, avagy f\u00e9rfiak az ideg\u00f6sszeoml\u00e1s sz\u00e9l\u00e9n<\/strong> &#8211; a Szabad Sz\u00ednh\u00e1z el\u0151ad\u00e1sa<\/p>\n<p>&nbsp;<\/p>\n<\/blockquote>\n<p style=\"text-align: justify;\">Mika Myllyaho &#8211; Nagy Judit: P\u00e1nik, avagy f\u00e9rfiak az ideg\u00f6sszeoml\u00e1s sz\u00e9l\u00e9n c\u00edm\u0171 fekete kom\u00e9dia arr\u00f3l sz\u00f3l, hogyan reag\u00e1lnak a 30-as \u00e9veikben j\u00e1r\u00f3 f\u00e9rfiak a h\u00e9tk\u00f6znapok k\u00fcl\u00f6nb\u00f6z\u0151 kih\u00edv\u00e1saira. L\u00e1tsz\u00f3lag sikeresek ugyan, de nagy rajtuk a nyom\u00e1s, a probl\u00e9m\u00e1ikat egy\u00e9ni ter\u00e1pi\u00e1kkal igyekeznek kezelni, de kider\u00fcl, hogy a m\u00f3dszereik nem igaz\u00e1n hat\u00e9konyak. Az Szabad Sz\u00ednh\u00e1z el\u0151ad\u00e1s\u00e1t, Nagy Judit rendez\u00e9s\u00e9ben l\u00e1thatja a k\u00f6z\u00f6ns\u00e9g. A tervez\u0151grafikus, a m\u00e9rn\u00f6k \u00e9s a telev\u00edzi\u00f3s m\u0171sorvezet\u0151 szerepeiben Balogh Mih\u00e1ly, Kov\u00e1cs M\u00e1t\u00e9 \u00e9s Szab\u00f3 Mikl\u00f3s Bence l\u00e9pnek sz\u00ednpadra. Az \u00e1prilis 23-\u00e1n, szombaton 19 \u00f3rakor kezd\u0151d\u0151 el\u0151ad\u00e1s vid\u00f3aj\u00e1nl\u00f3ja, itt tekinthet\u0151 meg!<\/p>\n<blockquote><\/blockquote>\n<p>[\/et_pb_text][et_pb_image src=&#8221;\/wp-content\/uploads\/2022\/04\/kacor_kiraly.jpg&#8221; title_text=&#8221;kacor_kiraly&#8221; _builder_version=&#8221;4.15.1&#8243; _module_preset=&#8221;default&#8221; global_colors_info=&#8221;{}&#8221;][\/et_pb_image][et_pb_text _builder_version=&#8221;4.15.1&#8243; _module_preset=&#8221;default&#8221; text_font_size=&#8221;18px&#8221; text_line_height=&#8221;1.5em&#8221; custom_margin=&#8221;|-180px||||&#8221; global_colors_info=&#8221;{}&#8221;]<\/p>\n<blockquote>\n<p style=\"text-align: justify;\"><strong>2022. \u00e1prilis 24., vas\u00e1rnap, 11 \u00f3ra &#8211; Kacor Kir\u00e1ly<\/strong> &#8211; A Meseerd\u0151 B\u00e1bsz\u00ednh\u00e1z b\u00e1bel\u0151ad\u00e1sa<\/p>\n<\/blockquote>\n<p style=\"text-align: justify;\">Zen\u00e9s b\u00e1bj\u00e1t\u00e9k egy r\u00e9szben. Mihez kezd egy fal\u00e1nk macska, ha elkergeti a gazdaasszonya? Err\u0151l sz\u00f3l az ismert n\u00e9pmese saj\u00e1t b\u00e1bsz\u00ednpadi feldolgoz\u00e1sa. A hagyom\u00e1nyos parav\u00e1nos el\u0151ad\u00e1s 45 percben vid\u00e1m sz\u00f3rakoz\u00e1st \u00edg\u00e9r kicsiknek \u00e9s nagyoknak.<\/p>\n<blockquote>\n<p style=\"text-align: justify;\">Az egyes el\u0151ad\u00e1sokra \u00e9rdemes el\u0151re jegyet foglalni az<a href=\"https:\/\/www.facebook.com\/igezo\"> Ig\u00e9z\u0151 facebook oldal\u00e1n<\/a>, a <strong>06 22\/790-758-s telefonsz\u00e1mon<\/strong>, vagy a<a href=\"igezo2014@gmail.com\"> igezo2014@gmail.com<\/a> email c\u00edmen!<\/p>\n<\/blockquote>\n<p>[\/et_pb_text][\/et_pb_column][\/et_pb_row][\/et_pb_section]<\/p>\n","protected":false},"excerpt":{"rendered":"<p>Cs\u00fct\u00f6rt\u00f6k\u00f6n, Schwechtje Mih\u00e1ly: Az \u00f6r\u00f6ks\u00e9g c\u00edm\u0171 dr\u00e1m\u00e1j\u00e1val indul az el\u0151ad\u00e1s maraton az Ig\u00e9z\u0151ben. \u00c1prilis 22. p\u00e9nteken m\u00e1r a V\u00e1l\u00e1s Veron\u00e1ban c\u00edm\u0171 darabot l\u00e1thatja a k\u00f6z\u00f6ns\u00e9g a Vasv\u00e1ri di\u00e1ksz\u00ednpad el\u0151ad\u00e1s\u00e1ban, m\u00edg [&hellip;]<\/p>\n","protected":false},"author":2,"featured_media":5950,"comment_status":"open","ping_status":"open","sticky":false,"template":"","format":"standard","meta":{"_et_pb_use_builder":"on","_et_pb_old_content":"","_et_gb_content_width":"","_price":"","_stock":"","_tribe_ticket_header":"","_tribe_default_ticket_provider":"","_ticket_start_date":"","_ticket_end_date":"","_tribe_ticket_show_description":"","_tribe_ticket_show_not_going":false,"_tribe_ticket_use_global_stock":"","_tribe_ticket_global_stock_level":"","_global_stock_mode":"","_global_stock_cap":"","_tribe_rsvp_for_event":"","_tribe_ticket_going_count":"","_tribe_ticket_not_going_count":"","_tribe_tickets_list":"[]","_tribe_ticket_has_attendee_info_fields":false,"footnotes":""},"categories":[13],"tags":[],"class_list":["post-5947","post","type-post","status-publish","format-standard","has-post-thumbnail","hentry","category-archivum"],"yoast_head":"<!-- This site is optimized with the Yoast SEO plugin v25.0 - https:\/\/yoast.com\/wordpress\/plugins\/seo\/ -->\n<title>DR\u00c1M\u00c1K \u00c9S MESE - A H\u00c9T MINDEN NAPJ\u00c1RA AJ\u00c1NLUNK EL\u0150AD\u00c1ST AZ IG\u00c9Z\u0150BEN - Szabad Sz\u00ednh\u00e1z<\/title>\n<meta name=\"robots\" content=\"index, follow, max-snippet:-1, max-image-preview:large, max-video-preview:-1\" \/>\n<link rel=\"canonical\" href=\"https:\/\/www.szabadszinhaz.hu\/en\/a-het-minden-napjan-eloadas-az-igezoben-2-2-2\/\" \/>\n<meta property=\"og:locale\" content=\"en_US\" \/>\n<meta property=\"og:type\" content=\"article\" \/>\n<meta property=\"og:title\" content=\"DR\u00c1M\u00c1K \u00c9S MESE - A H\u00c9T MINDEN NAPJ\u00c1RA AJ\u00c1NLUNK EL\u0150AD\u00c1ST AZ IG\u00c9Z\u0150BEN - Szabad Sz\u00ednh\u00e1z\" \/>\n<meta property=\"og:description\" content=\"Cs\u00fct\u00f6rt\u00f6k\u00f6n, Schwechtje Mih\u00e1ly: Az \u00f6r\u00f6ks\u00e9g c\u00edm\u0171 dr\u00e1m\u00e1j\u00e1val indul az el\u0151ad\u00e1s maraton az Ig\u00e9z\u0151ben. \u00c1prilis 22. p\u00e9nteken m\u00e1r a V\u00e1l\u00e1s Veron\u00e1ban c\u00edm\u0171 darabot l\u00e1thatja a k\u00f6z\u00f6ns\u00e9g a Vasv\u00e1ri di\u00e1ksz\u00ednpad el\u0151ad\u00e1s\u00e1ban, m\u00edg [&hellip;]\" \/>\n<meta property=\"og:url\" content=\"https:\/\/www.szabadszinhaz.hu\/en\/a-het-minden-napjan-eloadas-az-igezoben-2-2-2\/\" \/>\n<meta property=\"og:site_name\" content=\"Szabad Sz\u00ednh\u00e1z\" \/>\n<meta property=\"article:publisher\" content=\"https:\/\/www.facebook.com\/szabadszinhaz\" \/>\n<meta property=\"article:published_time\" content=\"2022-04-19T07:02:27+00:00\" \/>\n<meta property=\"article:modified_time\" content=\"2023-01-24T21:42:15+00:00\" \/>\n<meta property=\"og:image\" content=\"https:\/\/www.szabadszinhaz.hu\/wp-content\/uploads\/2022\/04\/orokseg_21.jpg\" \/>\n\t<meta property=\"og:image:width\" content=\"2048\" \/>\n\t<meta property=\"og:image:height\" content=\"1448\" \/>\n\t<meta property=\"og:image:type\" content=\"image\/jpeg\" \/>\n<meta name=\"author\" content=\"Torma Tam\u00e1s\" \/>\n<meta name=\"twitter:card\" content=\"summary_large_image\" \/>\n<meta name=\"twitter:label1\" content=\"Written by\" \/>\n\t<meta name=\"twitter:data1\" content=\"Torma Tam\u00e1s\" \/>\n\t<meta name=\"twitter:label2\" content=\"Est. reading time\" \/>\n\t<meta name=\"twitter:data2\" content=\"5 minutes\" \/>\n<script type=\"application\/ld+json\" class=\"yoast-schema-graph\">{\"@context\":\"https:\/\/schema.org\",\"@graph\":[{\"@type\":\"Article\",\"@id\":\"https:\/\/www.szabadszinhaz.hu\/a-het-minden-napjan-eloadas-az-igezoben-2-2-2\/#article\",\"isPartOf\":{\"@id\":\"https:\/\/www.szabadszinhaz.hu\/a-het-minden-napjan-eloadas-az-igezoben-2-2-2\/\"},\"author\":{\"name\":\"Torma Tam\u00e1s\",\"@id\":\"https:\/\/www.szabadszinhaz.hu\/#\/schema\/person\/f073068e07078a7485de7e4cb9b477f5\"},\"headline\":\"DR\u00c1M\u00c1K \u00c9S MESE &#8211; A H\u00c9T MINDEN NAPJ\u00c1RA AJ\u00c1NLUNK EL\u0150AD\u00c1ST AZ IG\u00c9Z\u0150BEN\",\"datePublished\":\"2022-04-19T07:02:27+00:00\",\"dateModified\":\"2023-01-24T21:42:15+00:00\",\"mainEntityOfPage\":{\"@id\":\"https:\/\/www.szabadszinhaz.hu\/a-het-minden-napjan-eloadas-az-igezoben-2-2-2\/\"},\"wordCount\":1017,\"commentCount\":0,\"publisher\":{\"@id\":\"https:\/\/www.szabadszinhaz.hu\/#organization\"},\"image\":{\"@id\":\"https:\/\/www.szabadszinhaz.hu\/a-het-minden-napjan-eloadas-az-igezoben-2-2-2\/#primaryimage\"},\"thumbnailUrl\":\"https:\/\/www.szabadszinhaz.hu\/wp-content\/uploads\/2022\/04\/orokseg_21.jpg\",\"articleSection\":[\"Arch\u00edvum\"],\"inLanguage\":\"en-US\",\"potentialAction\":[{\"@type\":\"CommentAction\",\"name\":\"Comment\",\"target\":[\"https:\/\/www.szabadszinhaz.hu\/a-het-minden-napjan-eloadas-az-igezoben-2-2-2\/#respond\"]}]},{\"@type\":\"WebPage\",\"@id\":\"https:\/\/www.szabadszinhaz.hu\/a-het-minden-napjan-eloadas-az-igezoben-2-2-2\/\",\"url\":\"https:\/\/www.szabadszinhaz.hu\/a-het-minden-napjan-eloadas-az-igezoben-2-2-2\/\",\"name\":\"DR\u00c1M\u00c1K \u00c9S MESE - A H\u00c9T MINDEN NAPJ\u00c1RA AJ\u00c1NLUNK EL\u0150AD\u00c1ST AZ IG\u00c9Z\u0150BEN - Szabad Sz\u00ednh\u00e1z\",\"isPartOf\":{\"@id\":\"https:\/\/www.szabadszinhaz.hu\/#website\"},\"primaryImageOfPage\":{\"@id\":\"https:\/\/www.szabadszinhaz.hu\/a-het-minden-napjan-eloadas-az-igezoben-2-2-2\/#primaryimage\"},\"image\":{\"@id\":\"https:\/\/www.szabadszinhaz.hu\/a-het-minden-napjan-eloadas-az-igezoben-2-2-2\/#primaryimage\"},\"thumbnailUrl\":\"https:\/\/www.szabadszinhaz.hu\/wp-content\/uploads\/2022\/04\/orokseg_21.jpg\",\"datePublished\":\"2022-04-19T07:02:27+00:00\",\"dateModified\":\"2023-01-24T21:42:15+00:00\",\"breadcrumb\":{\"@id\":\"https:\/\/www.szabadszinhaz.hu\/a-het-minden-napjan-eloadas-az-igezoben-2-2-2\/#breadcrumb\"},\"inLanguage\":\"en-US\",\"potentialAction\":[{\"@type\":\"ReadAction\",\"target\":[\"https:\/\/www.szabadszinhaz.hu\/a-het-minden-napjan-eloadas-az-igezoben-2-2-2\/\"]}]},{\"@type\":\"ImageObject\",\"inLanguage\":\"en-US\",\"@id\":\"https:\/\/www.szabadszinhaz.hu\/a-het-minden-napjan-eloadas-az-igezoben-2-2-2\/#primaryimage\",\"url\":\"https:\/\/www.szabadszinhaz.hu\/wp-content\/uploads\/2022\/04\/orokseg_21.jpg\",\"contentUrl\":\"https:\/\/www.szabadszinhaz.hu\/wp-content\/uploads\/2022\/04\/orokseg_21.jpg\",\"width\":2048,\"height\":1448},{\"@type\":\"BreadcrumbList\",\"@id\":\"https:\/\/www.szabadszinhaz.hu\/a-het-minden-napjan-eloadas-az-igezoben-2-2-2\/#breadcrumb\",\"itemListElement\":[{\"@type\":\"ListItem\",\"position\":1,\"name\":\"Kezd\u0151lap\",\"item\":\"https:\/\/www.szabadszinhaz.hu\/\"},{\"@type\":\"ListItem\",\"position\":2,\"name\":\"DR\u00c1M\u00c1K \u00c9S MESE &#8211; A H\u00c9T MINDEN NAPJ\u00c1RA AJ\u00c1NLUNK EL\u0150AD\u00c1ST AZ IG\u00c9Z\u0150BEN\"}]},{\"@type\":\"WebSite\",\"@id\":\"https:\/\/www.szabadszinhaz.hu\/#website\",\"url\":\"https:\/\/www.szabadszinhaz.hu\/\",\"name\":\"Szabad Sz\u00ednh\u00e1z\",\"description\":\"Szabad Sz\u00ednh\u00e1z\",\"publisher\":{\"@id\":\"https:\/\/www.szabadszinhaz.hu\/#organization\"},\"potentialAction\":[{\"@type\":\"SearchAction\",\"target\":{\"@type\":\"EntryPoint\",\"urlTemplate\":\"https:\/\/www.szabadszinhaz.hu\/?s={search_term_string}\"},\"query-input\":{\"@type\":\"PropertyValueSpecification\",\"valueRequired\":true,\"valueName\":\"search_term_string\"}}],\"inLanguage\":\"en-US\"},{\"@type\":\"Organization\",\"@id\":\"https:\/\/www.szabadszinhaz.hu\/#organization\",\"name\":\"Szabad Sz\u00ednh\u00e1z SZ\u00cdN-T\u00c9R Egyes\u00fclet\",\"url\":\"https:\/\/www.szabadszinhaz.hu\/\",\"logo\":{\"@type\":\"ImageObject\",\"inLanguage\":\"en-US\",\"@id\":\"https:\/\/www.szabadszinhaz.hu\/#\/schema\/logo\/image\/\",\"url\":\"https:\/\/www.szabadszinhaz.hu\/wp-content\/uploads\/2025\/01\/images.jpg\",\"contentUrl\":\"https:\/\/www.szabadszinhaz.hu\/wp-content\/uploads\/2025\/01\/images.jpg\",\"width\":178,\"height\":284,\"caption\":\"Szabad Sz\u00ednh\u00e1z SZ\u00cdN-T\u00c9R Egyes\u00fclet\"},\"image\":{\"@id\":\"https:\/\/www.szabadszinhaz.hu\/#\/schema\/logo\/image\/\"},\"sameAs\":[\"https:\/\/www.facebook.com\/szabadszinhaz\"]},{\"@type\":\"Person\",\"@id\":\"https:\/\/www.szabadszinhaz.hu\/#\/schema\/person\/f073068e07078a7485de7e4cb9b477f5\",\"name\":\"Torma Tam\u00e1s\",\"image\":{\"@type\":\"ImageObject\",\"inLanguage\":\"en-US\",\"@id\":\"https:\/\/www.szabadszinhaz.hu\/#\/schema\/person\/image\/\",\"url\":\"https:\/\/secure.gravatar.com\/avatar\/70aab4237fcbdfeefaf6fa1f88503d4ea3023ed33c2ea5b4acebb5baa95f2143?s=96&d=mm&r=g\",\"contentUrl\":\"https:\/\/secure.gravatar.com\/avatar\/70aab4237fcbdfeefaf6fa1f88503d4ea3023ed33c2ea5b4acebb5baa95f2143?s=96&d=mm&r=g\",\"caption\":\"Torma Tam\u00e1s\"},\"url\":\"https:\/\/www.szabadszinhaz.hu\/en\/author\/tormatomi\/\"}]}<\/script>\n<!-- \/ Yoast SEO plugin. -->","yoast_head_json":{"title":"DR\u00c1M\u00c1K \u00c9S MESE - A H\u00c9T MINDEN NAPJ\u00c1RA AJ\u00c1NLUNK EL\u0150AD\u00c1ST AZ IG\u00c9Z\u0150BEN - Szabad Sz\u00ednh\u00e1z","robots":{"index":"index","follow":"follow","max-snippet":"max-snippet:-1","max-image-preview":"max-image-preview:large","max-video-preview":"max-video-preview:-1"},"canonical":"https:\/\/www.szabadszinhaz.hu\/en\/a-het-minden-napjan-eloadas-az-igezoben-2-2-2\/","og_locale":"en_US","og_type":"article","og_title":"DR\u00c1M\u00c1K \u00c9S MESE - A H\u00c9T MINDEN NAPJ\u00c1RA AJ\u00c1NLUNK EL\u0150AD\u00c1ST AZ IG\u00c9Z\u0150BEN - Szabad Sz\u00ednh\u00e1z","og_description":"Cs\u00fct\u00f6rt\u00f6k\u00f6n, Schwechtje Mih\u00e1ly: Az \u00f6r\u00f6ks\u00e9g c\u00edm\u0171 dr\u00e1m\u00e1j\u00e1val indul az el\u0151ad\u00e1s maraton az Ig\u00e9z\u0151ben. \u00c1prilis 22. p\u00e9nteken m\u00e1r a V\u00e1l\u00e1s Veron\u00e1ban c\u00edm\u0171 darabot l\u00e1thatja a k\u00f6z\u00f6ns\u00e9g a Vasv\u00e1ri di\u00e1ksz\u00ednpad el\u0151ad\u00e1s\u00e1ban, m\u00edg [&hellip;]","og_url":"https:\/\/www.szabadszinhaz.hu\/en\/a-het-minden-napjan-eloadas-az-igezoben-2-2-2\/","og_site_name":"Szabad Sz\u00ednh\u00e1z","article_publisher":"https:\/\/www.facebook.com\/szabadszinhaz","article_published_time":"2022-04-19T07:02:27+00:00","article_modified_time":"2023-01-24T21:42:15+00:00","og_image":[{"width":2048,"height":1448,"url":"https:\/\/www.szabadszinhaz.hu\/wp-content\/uploads\/2022\/04\/orokseg_21.jpg","type":"image\/jpeg"}],"author":"Torma Tam\u00e1s","twitter_card":"summary_large_image","twitter_misc":{"Written by":"Torma Tam\u00e1s","Est. reading time":"5 minutes"},"schema":{"@context":"https:\/\/schema.org","@graph":[{"@type":"Article","@id":"https:\/\/www.szabadszinhaz.hu\/a-het-minden-napjan-eloadas-az-igezoben-2-2-2\/#article","isPartOf":{"@id":"https:\/\/www.szabadszinhaz.hu\/a-het-minden-napjan-eloadas-az-igezoben-2-2-2\/"},"author":{"name":"Torma Tam\u00e1s","@id":"https:\/\/www.szabadszinhaz.hu\/#\/schema\/person\/f073068e07078a7485de7e4cb9b477f5"},"headline":"DR\u00c1M\u00c1K \u00c9S MESE &#8211; A H\u00c9T MINDEN NAPJ\u00c1RA AJ\u00c1NLUNK EL\u0150AD\u00c1ST AZ IG\u00c9Z\u0150BEN","datePublished":"2022-04-19T07:02:27+00:00","dateModified":"2023-01-24T21:42:15+00:00","mainEntityOfPage":{"@id":"https:\/\/www.szabadszinhaz.hu\/a-het-minden-napjan-eloadas-az-igezoben-2-2-2\/"},"wordCount":1017,"commentCount":0,"publisher":{"@id":"https:\/\/www.szabadszinhaz.hu\/#organization"},"image":{"@id":"https:\/\/www.szabadszinhaz.hu\/a-het-minden-napjan-eloadas-az-igezoben-2-2-2\/#primaryimage"},"thumbnailUrl":"https:\/\/www.szabadszinhaz.hu\/wp-content\/uploads\/2022\/04\/orokseg_21.jpg","articleSection":["Arch\u00edvum"],"inLanguage":"en-US","potentialAction":[{"@type":"CommentAction","name":"Comment","target":["https:\/\/www.szabadszinhaz.hu\/a-het-minden-napjan-eloadas-az-igezoben-2-2-2\/#respond"]}]},{"@type":"WebPage","@id":"https:\/\/www.szabadszinhaz.hu\/a-het-minden-napjan-eloadas-az-igezoben-2-2-2\/","url":"https:\/\/www.szabadszinhaz.hu\/a-het-minden-napjan-eloadas-az-igezoben-2-2-2\/","name":"DR\u00c1M\u00c1K \u00c9S MESE - A H\u00c9T MINDEN NAPJ\u00c1RA AJ\u00c1NLUNK EL\u0150AD\u00c1ST AZ IG\u00c9Z\u0150BEN - Szabad Sz\u00ednh\u00e1z","isPartOf":{"@id":"https:\/\/www.szabadszinhaz.hu\/#website"},"primaryImageOfPage":{"@id":"https:\/\/www.szabadszinhaz.hu\/a-het-minden-napjan-eloadas-az-igezoben-2-2-2\/#primaryimage"},"image":{"@id":"https:\/\/www.szabadszinhaz.hu\/a-het-minden-napjan-eloadas-az-igezoben-2-2-2\/#primaryimage"},"thumbnailUrl":"https:\/\/www.szabadszinhaz.hu\/wp-content\/uploads\/2022\/04\/orokseg_21.jpg","datePublished":"2022-04-19T07:02:27+00:00","dateModified":"2023-01-24T21:42:15+00:00","breadcrumb":{"@id":"https:\/\/www.szabadszinhaz.hu\/a-het-minden-napjan-eloadas-az-igezoben-2-2-2\/#breadcrumb"},"inLanguage":"en-US","potentialAction":[{"@type":"ReadAction","target":["https:\/\/www.szabadszinhaz.hu\/a-het-minden-napjan-eloadas-az-igezoben-2-2-2\/"]}]},{"@type":"ImageObject","inLanguage":"en-US","@id":"https:\/\/www.szabadszinhaz.hu\/a-het-minden-napjan-eloadas-az-igezoben-2-2-2\/#primaryimage","url":"https:\/\/www.szabadszinhaz.hu\/wp-content\/uploads\/2022\/04\/orokseg_21.jpg","contentUrl":"https:\/\/www.szabadszinhaz.hu\/wp-content\/uploads\/2022\/04\/orokseg_21.jpg","width":2048,"height":1448},{"@type":"BreadcrumbList","@id":"https:\/\/www.szabadszinhaz.hu\/a-het-minden-napjan-eloadas-az-igezoben-2-2-2\/#breadcrumb","itemListElement":[{"@type":"ListItem","position":1,"name":"Kezd\u0151lap","item":"https:\/\/www.szabadszinhaz.hu\/"},{"@type":"ListItem","position":2,"name":"DR\u00c1M\u00c1K \u00c9S MESE &#8211; A H\u00c9T MINDEN NAPJ\u00c1RA AJ\u00c1NLUNK EL\u0150AD\u00c1ST AZ IG\u00c9Z\u0150BEN"}]},{"@type":"WebSite","@id":"https:\/\/www.szabadszinhaz.hu\/#website","url":"https:\/\/www.szabadszinhaz.hu\/","name":"Free Theatre - Szabad Sz\u00ednh\u00e1z","description":"Free Theatre - Szabad Sz\u00ednh\u00e1z","publisher":{"@id":"https:\/\/www.szabadszinhaz.hu\/#organization"},"potentialAction":[{"@type":"SearchAction","target":{"@type":"EntryPoint","urlTemplate":"https:\/\/www.szabadszinhaz.hu\/?s={search_term_string}"},"query-input":{"@type":"PropertyValueSpecification","valueRequired":true,"valueName":"search_term_string"}}],"inLanguage":"en-US"},{"@type":"Organization","@id":"https:\/\/www.szabadszinhaz.hu\/#organization","name":"Szabad Sz\u00ednh\u00e1z SZ\u00cdN-T\u00c9R Egyes\u00fclet","url":"https:\/\/www.szabadszinhaz.hu\/","logo":{"@type":"ImageObject","inLanguage":"en-US","@id":"https:\/\/www.szabadszinhaz.hu\/#\/schema\/logo\/image\/","url":"https:\/\/www.szabadszinhaz.hu\/wp-content\/uploads\/2025\/01\/images.jpg","contentUrl":"https:\/\/www.szabadszinhaz.hu\/wp-content\/uploads\/2025\/01\/images.jpg","width":178,"height":284,"caption":"Szabad Sz\u00ednh\u00e1z SZ\u00cdN-T\u00c9R Egyes\u00fclet"},"image":{"@id":"https:\/\/www.szabadszinhaz.hu\/#\/schema\/logo\/image\/"},"sameAs":["https:\/\/www.facebook.com\/szabadszinhaz"]},{"@type":"Person","@id":"https:\/\/www.szabadszinhaz.hu\/#\/schema\/person\/f073068e07078a7485de7e4cb9b477f5","name":"Torma Tam\u00e1s","image":{"@type":"ImageObject","inLanguage":"en-US","@id":"https:\/\/www.szabadszinhaz.hu\/#\/schema\/person\/image\/","url":"https:\/\/secure.gravatar.com\/avatar\/70aab4237fcbdfeefaf6fa1f88503d4ea3023ed33c2ea5b4acebb5baa95f2143?s=96&d=mm&r=g","contentUrl":"https:\/\/secure.gravatar.com\/avatar\/70aab4237fcbdfeefaf6fa1f88503d4ea3023ed33c2ea5b4acebb5baa95f2143?s=96&d=mm&r=g","caption":"Torma Tam\u00e1s"},"url":"https:\/\/www.szabadszinhaz.hu\/en\/author\/tormatomi\/"}]}},"_links":{"self":[{"href":"https:\/\/www.szabadszinhaz.hu\/en\/wp-json\/wp\/v2\/posts\/5947","targetHints":{"allow":["GET"]}}],"collection":[{"href":"https:\/\/www.szabadszinhaz.hu\/en\/wp-json\/wp\/v2\/posts"}],"about":[{"href":"https:\/\/www.szabadszinhaz.hu\/en\/wp-json\/wp\/v2\/types\/post"}],"author":[{"embeddable":true,"href":"https:\/\/www.szabadszinhaz.hu\/en\/wp-json\/wp\/v2\/users\/2"}],"replies":[{"embeddable":true,"href":"https:\/\/www.szabadszinhaz.hu\/en\/wp-json\/wp\/v2\/comments?post=5947"}],"version-history":[{"count":5,"href":"https:\/\/www.szabadszinhaz.hu\/en\/wp-json\/wp\/v2\/posts\/5947\/revisions"}],"predecessor-version":[{"id":5965,"href":"https:\/\/www.szabadszinhaz.hu\/en\/wp-json\/wp\/v2\/posts\/5947\/revisions\/5965"}],"wp:featuredmedia":[{"embeddable":true,"href":"https:\/\/www.szabadszinhaz.hu\/en\/wp-json\/wp\/v2\/media\/5950"}],"wp:attachment":[{"href":"https:\/\/www.szabadszinhaz.hu\/en\/wp-json\/wp\/v2\/media?parent=5947"}],"wp:term":[{"taxonomy":"category","embeddable":true,"href":"https:\/\/www.szabadszinhaz.hu\/en\/wp-json\/wp\/v2\/categories?post=5947"},{"taxonomy":"post_tag","embeddable":true,"href":"https:\/\/www.szabadszinhaz.hu\/en\/wp-json\/wp\/v2\/tags?post=5947"}],"curies":[{"name":"wp","href":"https:\/\/api.w.org\/{rel}","templated":true}]}}