{"id":5907,"date":"2022-03-29T09:00:27","date_gmt":"2022-03-29T07:00:27","guid":{"rendered":"http:\/\/www.szabadszinhaz.hu\/oszi-szonata-premier-2\/"},"modified":"2023-01-24T22:48:54","modified_gmt":"2023-01-24T21:48:54","slug":"panik-utan-kikelet","status":"publish","type":"post","link":"https:\/\/www.szabadszinhaz.hu\/en\/panik-utan-kikelet\/","title":{"rendered":"P\u00c1NIK UT\u00c1N \u00c9RKEZIK A KIKELET H\u00c9TV\u00c9G\u00c9N FEH\u00c9RV\u00c1RON"},"content":{"rendered":"<p>[et_pb_section fb_built=&#8221;1&#8243; _builder_version=&#8221;4.15.1&#8243; _module_preset=&#8221;default&#8221; background_color=&#8221;RGBA(255,255,255,0)&#8221; custom_padding=&#8221;2px||0px|||&#8221; global_colors_info=&#8221;{}&#8221;][et_pb_row _builder_version=&#8221;4.15.1&#8243; _module_preset=&#8221;default&#8221; custom_margin=&#8221;|98px||-1px||&#8221; custom_padding=&#8221;5px||0px|||&#8221; global_colors_info=&#8221;{}&#8221;][et_pb_column type=&#8221;4_4&#8243; _builder_version=&#8221;4.15.1&#8243; _module_preset=&#8221;default&#8221; global_colors_info=&#8221;{}&#8221;][et_pb_text _builder_version=&#8221;4.15.1&#8243; _module_preset=&#8221;default&#8221; text_font_size=&#8221;18px&#8221; text_line_height=&#8221;1.5em&#8221; custom_margin=&#8221;|-180px||||&#8221; global_colors_info=&#8221;{}&#8221;]<\/p>\n<p>\u00c1prilis 2-\u00e1n, szombaton este 19 \u00f3rakor ism\u00e9t m\u0171sorra t\u0171zik az <a href=\"https:\/\/www.facebook.com\/igezo\" target=\"_blank\" rel=\"noopener\">Ig\u00e9z\u0151ben<\/a> a <a href=\"https:\/\/www.facebook.com\/szabadszinhaz\" target=\"_blank\" rel=\"noopener\">Szabad Sz\u00ednh\u00e1z<\/a>, <a href=\"https:\/\/www.facebook.com\/events\/331694795460612\" target=\"_blank\" rel=\"noopener\">P\u00e1nik, avagy , f\u00e9rfiak az ideg\u00f6sszeoml\u00e1s sz\u00e9l\u00e9n<\/a> c\u00edm\u0171 el\u0151ad\u00e1s\u00e1t. Ezt k\u00f6vet\u0151en, \u00e1prilis 3-\u00e1n, vas\u00e1rnap 11 \u00f3rakor a kicsiknek kedveznek majd, ugyanitt. Az \u00c9li\u00e1s &#8211; T\u00f3bi\u00e1s b\u00e1bj\u00e1t\u00e9k <a href=\"https:\/\/www.facebook.com\/events\/475383874281317\" target=\"_blank\" rel=\"noopener\">\u201eKikelet\u201d<\/a> c\u00edm\u0171 b\u00e1bel\u0151ad\u00e1s\u00e1t l\u00e1thatj\u00e1k a gyerekek.<\/p>\n<p>[\/et_pb_text][et_pb_image src=&#8221;\/wp-content\/uploads\/2022\/03\/panik_1.jpg&#8221; title_text=&#8221;panik_1&#8243; align=&#8221;center&#8221; _builder_version=&#8221;4.15.1&#8243; _module_preset=&#8221;default&#8221; custom_margin=&#8221;|-166px||||&#8221; global_colors_info=&#8221;{}&#8221;][\/et_pb_image][et_pb_text _builder_version=&#8221;4.15.1&#8243; _module_preset=&#8221;default&#8221; text_font_size=&#8221;18px&#8221; text_line_height=&#8221;1.5em&#8221; custom_margin=&#8221;|-180px||||&#8221; global_colors_info=&#8221;{}&#8221;]<\/p>\n<h3>H\u00e1rom f\u00e9rfi az ideg\u00f6sszeoml\u00e1s sz\u00e9l\u00e9n<\/h3>\n<p><a href=\"https:\/\/www.facebook.com\/events\/331694795460612\" target=\"_blank\" rel=\"noopener\">Mika Myllyaho &#8211; Nagy Judit: P\u00e1nik, avagy f\u00e9rfiak az ideg\u00f6sszeoml\u00e1s sz\u00e9l\u00e9n<\/a> c\u00edm\u0171 fekete kom\u00e9dia arr\u00f3l sz\u00f3l, hogyan reag\u00e1lnak a 30-as \u00e9veikben j\u00e1r\u00f3 f\u00e9rfiak a h\u00e9tk\u00f6znapok k\u00fcl\u00f6nb\u00f6z\u0151 kih\u00edv\u00e1saira. L\u00e1tsz\u00f3lag sikeresek ugyan, de nagy rajtuk a nyom\u00e1s, a probl\u00e9m\u00e1ikat egy\u00e9ni ter\u00e1pi\u00e1kkal igyekeznek kezelni, de kider\u00fcl, hogy a m\u00f3dszereik nem igaz\u00e1n hat\u00e9konyak. Az <a href=\"https:\/\/www.facebook.com\/szabadszinhaz\" target=\"_blank\" rel=\"noopener\">Szabad Sz\u00ednh\u00e1z<\/a> el\u0151ad\u00e1s\u00e1t, Nagy Judit rendez\u00e9s\u00e9ben l\u00e1thatja a k\u00f6z\u00f6ns\u00e9g. A tervez\u0151grafikus, a m\u00e9rn\u00f6k \u00e9s a telev\u00edzi\u00f3s m\u0171sorvezet\u0151 szerepeiben Balogh Mih\u00e1ly, Kov\u00e1cs M\u00e1t\u00e9 \u00e9s Szab\u00f3 Mikl\u00f3s Bence l\u00e9pnek sz\u00ednpadra. Az \u00e1prilis 2-\u00e1n, szombaton 19 \u00f3rakor kezd\u0151d\u0151 el\u0151ad\u00e1s vid\u00f3aj\u00e1nl\u00f3ja,<a href=\"https:\/\/www.youtube.com\/watch?v=MmX02inV5dc&amp;t=1s\" target=\"_blank\" rel=\"noopener\"> itt tekinthet\u0151 meg!<\/a><\/p>\n<p>[\/et_pb_text][et_pb_image src=&#8221;\/wp-content\/uploads\/2022\/03\/kikelet.jpg&#8221; title_text=&#8221;kikelet&#8221; align=&#8221;center&#8221; _builder_version=&#8221;4.15.1&#8243; _module_preset=&#8221;default&#8221; custom_margin=&#8221;|-170px||||&#8221; global_colors_info=&#8221;{}&#8221;][\/et_pb_image][et_pb_text _builder_version=&#8221;4.15.1&#8243; _module_preset=&#8221;default&#8221; text_font_size=&#8221;18px&#8221; text_line_height=&#8221;1.5em&#8221; custom_margin=&#8221;|-180px||||&#8221; global_colors_info=&#8221;{}&#8221;]<\/p>\n<h3>Vas\u00e1rnap d\u00e9lel\u0151tt a b\u00f6lcs\u0151d\u00e9s \u00e9s \u00f3vod\u00e1s koroszt\u00e1lyt v\u00e1rj\u00e1k<\/h3>\n<p>A \u00e1prilis 3-\u00e1n, vas\u00e1rnap 11 \u00f3rakor kezd\u0151d\u0151 <a href=\"https:\/\/www.facebook.com\/events\/475383874281317\" target=\"_blank\" rel=\"noopener\">&#8222;Kikelet&#8221; c. el\u0151ad\u00e1s<\/a> a b\u00f6lcsis \u00e9s ovis koroszt\u00e1lynak hozza el a napocska \u00e1ltal el\u0151csalogatott tavaszi vir\u00e1gok \u00e9s az el\u0151b\u00faj\u00f3 rovarok mes\u00e9it: &#8222;A k\u00edv\u00e1ncsi m\u00e9hecske&#8221; \u00e9s &#8222;A h\u00e1rom pillang\u00f3&#8221; c\u00edm\u0171 mes\u00e9j\u00e9vel hangol\u00f3dnak majd a gyerekek az el\u0151ad\u00f3kkal egy\u00fctt a tavaszra! A b\u00e1bos mese ut\u00e1n a gyerekeket is pillang\u00f3kk\u00e1 var\u00e1zsolj\u00e1k \u00e9s k\u00f6z\u00f6s \u00e9nekl\u00e9sre, zen\u00e9l\u00e9sre v\u00e1rnak mindenkit.<\/p>\n<p>Mind k\u00e9t el\u0151ad\u00e1sra \u00e9rdemes el\u0151re jegyet foglalni az<a href=\"https:\/\/www.facebook.com\/igezo\" target=\"_blank\" rel=\"noopener\"> Ig\u00e9z\u0151 facebook oldal\u00e1n<\/a>, a <strong>06 22\/790-758<\/strong>-s telefonsz\u00e1mon, vagy a <a href=\"mailto:igezo2014@gmail.com\">igezo2014@gmail.com<\/a> email c\u00edmen!<\/p>\n<p>[\/et_pb_text][\/et_pb_column][\/et_pb_row][\/et_pb_section]<\/p>\n","protected":false},"excerpt":{"rendered":"<p>\u00c1prilis 2-\u00e1n, szombaton este 19 \u00f3rakor ism\u00e9t m\u0171sorra t\u0171zik az Ig\u00e9z\u0151ben a Szabad Sz\u00ednh\u00e1z, P\u00e1nik, avagy , f\u00e9rfiak az ideg\u00f6sszeoml\u00e1s sz\u00e9l\u00e9n c\u00edm\u0171 el\u0151ad\u00e1s\u00e1t. Ezt k\u00f6vet\u0151en, \u00e1prilis 3-\u00e1n, vas\u00e1rnap 11 \u00f3rakor [&hellip;]<\/p>\n","protected":false},"author":2,"featured_media":5911,"comment_status":"open","ping_status":"open","sticky":false,"template":"","format":"standard","meta":{"_et_pb_use_builder":"on","_et_pb_old_content":"","_et_gb_content_width":"","_price":"","_stock":"","_tribe_ticket_header":"","_tribe_default_ticket_provider":"","_ticket_start_date":"","_ticket_end_date":"","_tribe_ticket_show_description":"","_tribe_ticket_show_not_going":false,"_tribe_ticket_use_global_stock":"","_tribe_ticket_global_stock_level":"","_global_stock_mode":"","_global_stock_cap":"","_tribe_rsvp_for_event":"","_tribe_ticket_going_count":"","_tribe_ticket_not_going_count":"","_tribe_tickets_list":"[]","_tribe_ticket_has_attendee_info_fields":false,"footnotes":""},"categories":[13],"tags":[],"class_list":["post-5907","post","type-post","status-publish","format-standard","has-post-thumbnail","hentry","category-archivum"],"yoast_head":"<!-- This site is optimized with the Yoast SEO plugin v25.0 - https:\/\/yoast.com\/wordpress\/plugins\/seo\/ -->\n<title>P\u00c1NIK UT\u00c1N \u00c9RKEZIK A KIKELET H\u00c9TV\u00c9G\u00c9N FEH\u00c9RV\u00c1RON - Szabad Sz\u00ednh\u00e1z<\/title>\n<meta name=\"robots\" content=\"index, follow, max-snippet:-1, max-image-preview:large, max-video-preview:-1\" \/>\n<link rel=\"canonical\" href=\"https:\/\/www.szabadszinhaz.hu\/en\/panik-utan-kikelet\/\" \/>\n<meta property=\"og:locale\" content=\"en_US\" \/>\n<meta property=\"og:type\" content=\"article\" \/>\n<meta property=\"og:title\" content=\"P\u00c1NIK UT\u00c1N \u00c9RKEZIK A KIKELET H\u00c9TV\u00c9G\u00c9N FEH\u00c9RV\u00c1RON - Szabad Sz\u00ednh\u00e1z\" \/>\n<meta property=\"og:description\" content=\"\u00c1prilis 2-\u00e1n, szombaton este 19 \u00f3rakor ism\u00e9t m\u0171sorra t\u0171zik az Ig\u00e9z\u0151ben a Szabad Sz\u00ednh\u00e1z, P\u00e1nik, avagy , f\u00e9rfiak az ideg\u00f6sszeoml\u00e1s sz\u00e9l\u00e9n c\u00edm\u0171 el\u0151ad\u00e1s\u00e1t. Ezt k\u00f6vet\u0151en, \u00e1prilis 3-\u00e1n, vas\u00e1rnap 11 \u00f3rakor [&hellip;]\" \/>\n<meta property=\"og:url\" content=\"https:\/\/www.szabadszinhaz.hu\/en\/panik-utan-kikelet\/\" \/>\n<meta property=\"og:site_name\" content=\"Szabad Sz\u00ednh\u00e1z\" \/>\n<meta property=\"article:publisher\" content=\"https:\/\/www.facebook.com\/szabadszinhaz\" \/>\n<meta property=\"article:published_time\" content=\"2022-03-29T07:00:27+00:00\" \/>\n<meta property=\"article:modified_time\" content=\"2023-01-24T21:48:54+00:00\" \/>\n<meta property=\"og:image\" content=\"https:\/\/www.szabadszinhaz.hu\/wp-content\/uploads\/2022\/03\/panik_1.jpg\" \/>\n\t<meta property=\"og:image:width\" content=\"1920\" \/>\n\t<meta property=\"og:image:height\" content=\"1080\" \/>\n\t<meta property=\"og:image:type\" content=\"image\/jpeg\" \/>\n<meta name=\"author\" content=\"Torma Tam\u00e1s\" \/>\n<meta name=\"twitter:card\" content=\"summary_large_image\" \/>\n<meta name=\"twitter:label1\" content=\"Written by\" \/>\n\t<meta name=\"twitter:data1\" content=\"Torma Tam\u00e1s\" \/>\n\t<meta name=\"twitter:label2\" content=\"Est. reading time\" \/>\n\t<meta name=\"twitter:data2\" content=\"3 minutes\" \/>\n<script type=\"application\/ld+json\" class=\"yoast-schema-graph\">{\"@context\":\"https:\/\/schema.org\",\"@graph\":[{\"@type\":\"Article\",\"@id\":\"https:\/\/www.szabadszinhaz.hu\/panik-utan-kikelet\/#article\",\"isPartOf\":{\"@id\":\"https:\/\/www.szabadszinhaz.hu\/panik-utan-kikelet\/\"},\"author\":{\"name\":\"Torma Tam\u00e1s\",\"@id\":\"https:\/\/www.szabadszinhaz.hu\/#\/schema\/person\/f073068e07078a7485de7e4cb9b477f5\"},\"headline\":\"P\u00c1NIK UT\u00c1N \u00c9RKEZIK A KIKELET H\u00c9TV\u00c9G\u00c9N FEH\u00c9RV\u00c1RON\",\"datePublished\":\"2022-03-29T07:00:27+00:00\",\"dateModified\":\"2023-01-24T21:48:54+00:00\",\"mainEntityOfPage\":{\"@id\":\"https:\/\/www.szabadszinhaz.hu\/panik-utan-kikelet\/\"},\"wordCount\":591,\"commentCount\":0,\"publisher\":{\"@id\":\"https:\/\/www.szabadszinhaz.hu\/#organization\"},\"image\":{\"@id\":\"https:\/\/www.szabadszinhaz.hu\/panik-utan-kikelet\/#primaryimage\"},\"thumbnailUrl\":\"https:\/\/www.szabadszinhaz.hu\/wp-content\/uploads\/2022\/03\/panik_1.jpg\",\"articleSection\":[\"Arch\u00edvum\"],\"inLanguage\":\"en-US\",\"potentialAction\":[{\"@type\":\"CommentAction\",\"name\":\"Comment\",\"target\":[\"https:\/\/www.szabadszinhaz.hu\/panik-utan-kikelet\/#respond\"]}]},{\"@type\":\"WebPage\",\"@id\":\"https:\/\/www.szabadszinhaz.hu\/panik-utan-kikelet\/\",\"url\":\"https:\/\/www.szabadszinhaz.hu\/panik-utan-kikelet\/\",\"name\":\"P\u00c1NIK UT\u00c1N \u00c9RKEZIK A KIKELET H\u00c9TV\u00c9G\u00c9N FEH\u00c9RV\u00c1RON - Szabad Sz\u00ednh\u00e1z\",\"isPartOf\":{\"@id\":\"https:\/\/www.szabadszinhaz.hu\/#website\"},\"primaryImageOfPage\":{\"@id\":\"https:\/\/www.szabadszinhaz.hu\/panik-utan-kikelet\/#primaryimage\"},\"image\":{\"@id\":\"https:\/\/www.szabadszinhaz.hu\/panik-utan-kikelet\/#primaryimage\"},\"thumbnailUrl\":\"https:\/\/www.szabadszinhaz.hu\/wp-content\/uploads\/2022\/03\/panik_1.jpg\",\"datePublished\":\"2022-03-29T07:00:27+00:00\",\"dateModified\":\"2023-01-24T21:48:54+00:00\",\"breadcrumb\":{\"@id\":\"https:\/\/www.szabadszinhaz.hu\/panik-utan-kikelet\/#breadcrumb\"},\"inLanguage\":\"en-US\",\"potentialAction\":[{\"@type\":\"ReadAction\",\"target\":[\"https:\/\/www.szabadszinhaz.hu\/panik-utan-kikelet\/\"]}]},{\"@type\":\"ImageObject\",\"inLanguage\":\"en-US\",\"@id\":\"https:\/\/www.szabadszinhaz.hu\/panik-utan-kikelet\/#primaryimage\",\"url\":\"https:\/\/www.szabadszinhaz.hu\/wp-content\/uploads\/2022\/03\/panik_1.jpg\",\"contentUrl\":\"https:\/\/www.szabadszinhaz.hu\/wp-content\/uploads\/2022\/03\/panik_1.jpg\",\"width\":1920,\"height\":1080},{\"@type\":\"BreadcrumbList\",\"@id\":\"https:\/\/www.szabadszinhaz.hu\/panik-utan-kikelet\/#breadcrumb\",\"itemListElement\":[{\"@type\":\"ListItem\",\"position\":1,\"name\":\"Kezd\u0151lap\",\"item\":\"https:\/\/www.szabadszinhaz.hu\/\"},{\"@type\":\"ListItem\",\"position\":2,\"name\":\"P\u00c1NIK UT\u00c1N \u00c9RKEZIK A KIKELET H\u00c9TV\u00c9G\u00c9N FEH\u00c9RV\u00c1RON\"}]},{\"@type\":\"WebSite\",\"@id\":\"https:\/\/www.szabadszinhaz.hu\/#website\",\"url\":\"https:\/\/www.szabadszinhaz.hu\/\",\"name\":\"Szabad Sz\u00ednh\u00e1z\",\"description\":\"Szabad Sz\u00ednh\u00e1z\",\"publisher\":{\"@id\":\"https:\/\/www.szabadszinhaz.hu\/#organization\"},\"potentialAction\":[{\"@type\":\"SearchAction\",\"target\":{\"@type\":\"EntryPoint\",\"urlTemplate\":\"https:\/\/www.szabadszinhaz.hu\/?s={search_term_string}\"},\"query-input\":{\"@type\":\"PropertyValueSpecification\",\"valueRequired\":true,\"valueName\":\"search_term_string\"}}],\"inLanguage\":\"en-US\"},{\"@type\":\"Organization\",\"@id\":\"https:\/\/www.szabadszinhaz.hu\/#organization\",\"name\":\"Szabad Sz\u00ednh\u00e1z SZ\u00cdN-T\u00c9R Egyes\u00fclet\",\"url\":\"https:\/\/www.szabadszinhaz.hu\/\",\"logo\":{\"@type\":\"ImageObject\",\"inLanguage\":\"en-US\",\"@id\":\"https:\/\/www.szabadszinhaz.hu\/#\/schema\/logo\/image\/\",\"url\":\"https:\/\/www.szabadszinhaz.hu\/wp-content\/uploads\/2025\/01\/images.jpg\",\"contentUrl\":\"https:\/\/www.szabadszinhaz.hu\/wp-content\/uploads\/2025\/01\/images.jpg\",\"width\":178,\"height\":284,\"caption\":\"Szabad Sz\u00ednh\u00e1z SZ\u00cdN-T\u00c9R Egyes\u00fclet\"},\"image\":{\"@id\":\"https:\/\/www.szabadszinhaz.hu\/#\/schema\/logo\/image\/\"},\"sameAs\":[\"https:\/\/www.facebook.com\/szabadszinhaz\"]},{\"@type\":\"Person\",\"@id\":\"https:\/\/www.szabadszinhaz.hu\/#\/schema\/person\/f073068e07078a7485de7e4cb9b477f5\",\"name\":\"Torma Tam\u00e1s\",\"image\":{\"@type\":\"ImageObject\",\"inLanguage\":\"en-US\",\"@id\":\"https:\/\/www.szabadszinhaz.hu\/#\/schema\/person\/image\/\",\"url\":\"https:\/\/secure.gravatar.com\/avatar\/70aab4237fcbdfeefaf6fa1f88503d4ea3023ed33c2ea5b4acebb5baa95f2143?s=96&d=mm&r=g\",\"contentUrl\":\"https:\/\/secure.gravatar.com\/avatar\/70aab4237fcbdfeefaf6fa1f88503d4ea3023ed33c2ea5b4acebb5baa95f2143?s=96&d=mm&r=g\",\"caption\":\"Torma Tam\u00e1s\"},\"url\":\"https:\/\/www.szabadszinhaz.hu\/en\/author\/tormatomi\/\"}]}<\/script>\n<!-- \/ Yoast SEO plugin. -->","yoast_head_json":{"title":"P\u00c1NIK UT\u00c1N \u00c9RKEZIK A KIKELET H\u00c9TV\u00c9G\u00c9N FEH\u00c9RV\u00c1RON - Szabad Sz\u00ednh\u00e1z","robots":{"index":"index","follow":"follow","max-snippet":"max-snippet:-1","max-image-preview":"max-image-preview:large","max-video-preview":"max-video-preview:-1"},"canonical":"https:\/\/www.szabadszinhaz.hu\/en\/panik-utan-kikelet\/","og_locale":"en_US","og_type":"article","og_title":"P\u00c1NIK UT\u00c1N \u00c9RKEZIK A KIKELET H\u00c9TV\u00c9G\u00c9N FEH\u00c9RV\u00c1RON - Szabad Sz\u00ednh\u00e1z","og_description":"\u00c1prilis 2-\u00e1n, szombaton este 19 \u00f3rakor ism\u00e9t m\u0171sorra t\u0171zik az Ig\u00e9z\u0151ben a Szabad Sz\u00ednh\u00e1z, P\u00e1nik, avagy , f\u00e9rfiak az ideg\u00f6sszeoml\u00e1s sz\u00e9l\u00e9n c\u00edm\u0171 el\u0151ad\u00e1s\u00e1t. Ezt k\u00f6vet\u0151en, \u00e1prilis 3-\u00e1n, vas\u00e1rnap 11 \u00f3rakor [&hellip;]","og_url":"https:\/\/www.szabadszinhaz.hu\/en\/panik-utan-kikelet\/","og_site_name":"Szabad Sz\u00ednh\u00e1z","article_publisher":"https:\/\/www.facebook.com\/szabadszinhaz","article_published_time":"2022-03-29T07:00:27+00:00","article_modified_time":"2023-01-24T21:48:54+00:00","og_image":[{"width":1920,"height":1080,"url":"https:\/\/www.szabadszinhaz.hu\/wp-content\/uploads\/2022\/03\/panik_1.jpg","type":"image\/jpeg"}],"author":"Torma Tam\u00e1s","twitter_card":"summary_large_image","twitter_misc":{"Written by":"Torma Tam\u00e1s","Est. reading time":"3 minutes"},"schema":{"@context":"https:\/\/schema.org","@graph":[{"@type":"Article","@id":"https:\/\/www.szabadszinhaz.hu\/panik-utan-kikelet\/#article","isPartOf":{"@id":"https:\/\/www.szabadszinhaz.hu\/panik-utan-kikelet\/"},"author":{"name":"Torma Tam\u00e1s","@id":"https:\/\/www.szabadszinhaz.hu\/#\/schema\/person\/f073068e07078a7485de7e4cb9b477f5"},"headline":"P\u00c1NIK UT\u00c1N \u00c9RKEZIK A KIKELET H\u00c9TV\u00c9G\u00c9N FEH\u00c9RV\u00c1RON","datePublished":"2022-03-29T07:00:27+00:00","dateModified":"2023-01-24T21:48:54+00:00","mainEntityOfPage":{"@id":"https:\/\/www.szabadszinhaz.hu\/panik-utan-kikelet\/"},"wordCount":591,"commentCount":0,"publisher":{"@id":"https:\/\/www.szabadszinhaz.hu\/#organization"},"image":{"@id":"https:\/\/www.szabadszinhaz.hu\/panik-utan-kikelet\/#primaryimage"},"thumbnailUrl":"https:\/\/www.szabadszinhaz.hu\/wp-content\/uploads\/2022\/03\/panik_1.jpg","articleSection":["Arch\u00edvum"],"inLanguage":"en-US","potentialAction":[{"@type":"CommentAction","name":"Comment","target":["https:\/\/www.szabadszinhaz.hu\/panik-utan-kikelet\/#respond"]}]},{"@type":"WebPage","@id":"https:\/\/www.szabadszinhaz.hu\/panik-utan-kikelet\/","url":"https:\/\/www.szabadszinhaz.hu\/panik-utan-kikelet\/","name":"P\u00c1NIK UT\u00c1N \u00c9RKEZIK A KIKELET H\u00c9TV\u00c9G\u00c9N FEH\u00c9RV\u00c1RON - Szabad Sz\u00ednh\u00e1z","isPartOf":{"@id":"https:\/\/www.szabadszinhaz.hu\/#website"},"primaryImageOfPage":{"@id":"https:\/\/www.szabadszinhaz.hu\/panik-utan-kikelet\/#primaryimage"},"image":{"@id":"https:\/\/www.szabadszinhaz.hu\/panik-utan-kikelet\/#primaryimage"},"thumbnailUrl":"https:\/\/www.szabadszinhaz.hu\/wp-content\/uploads\/2022\/03\/panik_1.jpg","datePublished":"2022-03-29T07:00:27+00:00","dateModified":"2023-01-24T21:48:54+00:00","breadcrumb":{"@id":"https:\/\/www.szabadszinhaz.hu\/panik-utan-kikelet\/#breadcrumb"},"inLanguage":"en-US","potentialAction":[{"@type":"ReadAction","target":["https:\/\/www.szabadszinhaz.hu\/panik-utan-kikelet\/"]}]},{"@type":"ImageObject","inLanguage":"en-US","@id":"https:\/\/www.szabadszinhaz.hu\/panik-utan-kikelet\/#primaryimage","url":"https:\/\/www.szabadszinhaz.hu\/wp-content\/uploads\/2022\/03\/panik_1.jpg","contentUrl":"https:\/\/www.szabadszinhaz.hu\/wp-content\/uploads\/2022\/03\/panik_1.jpg","width":1920,"height":1080},{"@type":"BreadcrumbList","@id":"https:\/\/www.szabadszinhaz.hu\/panik-utan-kikelet\/#breadcrumb","itemListElement":[{"@type":"ListItem","position":1,"name":"Kezd\u0151lap","item":"https:\/\/www.szabadszinhaz.hu\/"},{"@type":"ListItem","position":2,"name":"P\u00c1NIK UT\u00c1N \u00c9RKEZIK A KIKELET H\u00c9TV\u00c9G\u00c9N FEH\u00c9RV\u00c1RON"}]},{"@type":"WebSite","@id":"https:\/\/www.szabadszinhaz.hu\/#website","url":"https:\/\/www.szabadszinhaz.hu\/","name":"Free Theatre - Szabad Sz\u00ednh\u00e1z","description":"Free Theatre - Szabad Sz\u00ednh\u00e1z","publisher":{"@id":"https:\/\/www.szabadszinhaz.hu\/#organization"},"potentialAction":[{"@type":"SearchAction","target":{"@type":"EntryPoint","urlTemplate":"https:\/\/www.szabadszinhaz.hu\/?s={search_term_string}"},"query-input":{"@type":"PropertyValueSpecification","valueRequired":true,"valueName":"search_term_string"}}],"inLanguage":"en-US"},{"@type":"Organization","@id":"https:\/\/www.szabadszinhaz.hu\/#organization","name":"Szabad Sz\u00ednh\u00e1z SZ\u00cdN-T\u00c9R Egyes\u00fclet","url":"https:\/\/www.szabadszinhaz.hu\/","logo":{"@type":"ImageObject","inLanguage":"en-US","@id":"https:\/\/www.szabadszinhaz.hu\/#\/schema\/logo\/image\/","url":"https:\/\/www.szabadszinhaz.hu\/wp-content\/uploads\/2025\/01\/images.jpg","contentUrl":"https:\/\/www.szabadszinhaz.hu\/wp-content\/uploads\/2025\/01\/images.jpg","width":178,"height":284,"caption":"Szabad Sz\u00ednh\u00e1z SZ\u00cdN-T\u00c9R Egyes\u00fclet"},"image":{"@id":"https:\/\/www.szabadszinhaz.hu\/#\/schema\/logo\/image\/"},"sameAs":["https:\/\/www.facebook.com\/szabadszinhaz"]},{"@type":"Person","@id":"https:\/\/www.szabadszinhaz.hu\/#\/schema\/person\/f073068e07078a7485de7e4cb9b477f5","name":"Torma Tam\u00e1s","image":{"@type":"ImageObject","inLanguage":"en-US","@id":"https:\/\/www.szabadszinhaz.hu\/#\/schema\/person\/image\/","url":"https:\/\/secure.gravatar.com\/avatar\/70aab4237fcbdfeefaf6fa1f88503d4ea3023ed33c2ea5b4acebb5baa95f2143?s=96&d=mm&r=g","contentUrl":"https:\/\/secure.gravatar.com\/avatar\/70aab4237fcbdfeefaf6fa1f88503d4ea3023ed33c2ea5b4acebb5baa95f2143?s=96&d=mm&r=g","caption":"Torma Tam\u00e1s"},"url":"https:\/\/www.szabadszinhaz.hu\/en\/author\/tormatomi\/"}]}},"_links":{"self":[{"href":"https:\/\/www.szabadszinhaz.hu\/en\/wp-json\/wp\/v2\/posts\/5907","targetHints":{"allow":["GET"]}}],"collection":[{"href":"https:\/\/www.szabadszinhaz.hu\/en\/wp-json\/wp\/v2\/posts"}],"about":[{"href":"https:\/\/www.szabadszinhaz.hu\/en\/wp-json\/wp\/v2\/types\/post"}],"author":[{"embeddable":true,"href":"https:\/\/www.szabadszinhaz.hu\/en\/wp-json\/wp\/v2\/users\/2"}],"replies":[{"embeddable":true,"href":"https:\/\/www.szabadszinhaz.hu\/en\/wp-json\/wp\/v2\/comments?post=5907"}],"version-history":[{"count":5,"href":"https:\/\/www.szabadszinhaz.hu\/en\/wp-json\/wp\/v2\/posts\/5907\/revisions"}],"predecessor-version":[{"id":5915,"href":"https:\/\/www.szabadszinhaz.hu\/en\/wp-json\/wp\/v2\/posts\/5907\/revisions\/5915"}],"wp:featuredmedia":[{"embeddable":true,"href":"https:\/\/www.szabadszinhaz.hu\/en\/wp-json\/wp\/v2\/media\/5911"}],"wp:attachment":[{"href":"https:\/\/www.szabadszinhaz.hu\/en\/wp-json\/wp\/v2\/media?parent=5907"}],"wp:term":[{"taxonomy":"category","embeddable":true,"href":"https:\/\/www.szabadszinhaz.hu\/en\/wp-json\/wp\/v2\/categories?post=5907"},{"taxonomy":"post_tag","embeddable":true,"href":"https:\/\/www.szabadszinhaz.hu\/en\/wp-json\/wp\/v2\/tags?post=5907"}],"curies":[{"name":"wp","href":"https:\/\/api.w.org\/{rel}","templated":true}]}}