{"id":5858,"date":"2022-03-22T09:00:27","date_gmt":"2022-03-22T08:00:27","guid":{"rendered":"http:\/\/www.szabadszinhaz.hu\/taroltak-a-fehervariak-az-odt-regionalis-dontojen-13-oklevellel-tertek-haza-2\/"},"modified":"2023-01-24T23:22:40","modified_gmt":"2023-01-24T22:22:40","slug":"oszi-szonata-premier","status":"publish","type":"post","link":"https:\/\/www.szabadszinhaz.hu\/en\/oszi-szonata-premier\/","title":{"rendered":"\u0150SZI SZON\u00c1TA PREMIER, MAJD K\u00c1OSZ AZ IG\u00c9Z\u0150 H\u00c9TV\u00c9GI PROGRAMJ\u00c1BAN"},"content":{"rendered":"<p>[et_pb_section fb_built=&#8221;1&#8243; _builder_version=&#8221;4.15.1&#8243; _module_preset=&#8221;default&#8221; background_color=&#8221;RGBA(255,255,255,0)&#8221; custom_padding=&#8221;2px||0px|||&#8221; global_colors_info=&#8221;{}&#8221;][et_pb_row _builder_version=&#8221;4.15.1&#8243; _module_preset=&#8221;default&#8221; custom_margin=&#8221;|98px||-1px||&#8221; custom_padding=&#8221;5px||0px|||&#8221; global_colors_info=&#8221;{}&#8221;][et_pb_column type=&#8221;4_4&#8243; _builder_version=&#8221;4.15.1&#8243; _module_preset=&#8221;default&#8221; global_colors_info=&#8221;{}&#8221;][et_pb_text _builder_version=&#8221;4.15.1&#8243; _module_preset=&#8221;default&#8221; text_font_size=&#8221;18px&#8221; text_line_height=&#8221;1.5em&#8221; custom_margin=&#8221;|-180px||||&#8221; global_colors_info=&#8221;{}&#8221;]<\/p>\n<p>Ingmar Bergman 1978-ban, filmen bemutatott klasszikus\u00e1t \u00e1ll\u00edtotta sz\u00ednpadra a <a href=\"https:\/\/www.facebook.com\/prosperoszinkor\" target=\"_blank\" rel=\"noopener\">Prospero Sz\u00ednk\u00f6r<\/a>. Az <a href=\"https:\/\/www.facebook.com\/events\/389136239263682\" target=\"_blank\" rel=\"noopener\">anya \u2013 l\u00e1nya kapcsolatr\u00f3l sz\u00f3l\u00f3 l\u00e9lektani dr\u00e1ma<\/a> bemutat\u00f3j\u00e1t m\u00e1rcius 26-\u00e1n, szombaton, este h\u00e9t \u00f3r\u00e1t\u00f3l tartj\u00e1k az <a href=\"https:\/\/www.facebook.com\/igezo\" target=\"_blank\" rel=\"noopener\">Ig\u00e9z\u0151ben<\/a>. Ugyanitt vas\u00e1rnap a <a href=\"https:\/\/www.facebook.com\/szabadszinhaz\" target=\"_blank\" rel=\"noopener\">Szabad Sz\u00ednh\u00e1z<\/a>, <a href=\"https:\/\/www.facebook.com\/events\/672055593837032\" target=\"_blank\" rel=\"noopener\">K\u00c1OSZ c\u00edm\u0171 el\u0151ad\u00e1s\u00e1ra<\/a> v\u00e1rj\u00e1k a sz\u00ednh\u00e1z bar\u00e1tokat. A p\u00e1rkapcsolati probl\u00e9m\u00e1kat feldolgoz\u00f3 finn dr\u00e1ma vas\u00e1rnap 19 \u00f3rai kezdettel l\u00e1that\u00f3.<\/p>\n<p>[\/et_pb_text][et_pb_image src=&#8221;\/wp-content\/uploads\/2022\/03\/oszi_szonata_plaka.jpg&#8221; title_text=&#8221;oszi_szonata_plaka&#8221; align=&#8221;center&#8221; _builder_version=&#8221;4.15.1&#8243; _module_preset=&#8221;default&#8221; custom_margin=&#8221;|-136px||||&#8221; global_colors_info=&#8221;{}&#8221;][\/et_pb_image][et_pb_text _builder_version=&#8221;4.15.1&#8243; _module_preset=&#8221;default&#8221; text_font_size=&#8221;18px&#8221; text_line_height=&#8221;1.5em&#8221; custom_margin=&#8221;|-180px||||&#8221; global_colors_info=&#8221;{}&#8221;]<\/p>\n<h3>Anya- l\u00e1nya kapcsolatr\u00f3l sz\u00f3l a l\u00e9lektani dr\u00e1ma<\/h3>\n<p>1978-ban, 44 \u00e9vvel ezel\u0151tt<a href=\"https:\/\/port.hu\/adatlap\/film\/tv\/oszi-szonata-hostsonaten\/movie-1951\" target=\"_blank\" rel=\"noopener\"> vet\u00edtett\u00e9k el\u0151sz\u00f6r<\/a> Ingmar Bergman, \u0150szi Szon\u00e1ta c\u00edm\u0171 filmdr\u00e1m\u00e1j\u00e1t, s b\u00e1r a l\u00e9lektani dr\u00e1m\u00e1t eredetileg filmen l\u00e1thatta a k\u00f6z\u00f6ns\u00e9g, a p\u00e1ly\u00e1j\u00e1t sz\u00ednh\u00e1zi rendez\u0151k\u00e9nt kezd\u0151 (<em>\u00e9s filmes munk\u00e1i mellett is folyamatosan sz\u00ednh\u00e1zakban is rendez\u0151<\/em>) Bergman m\u0171v\u00e9t el\u0151szeretettel j\u00e1tssz\u00e1k az\u00f3ta is a vil\u00e1g k\u00fcl\u00f6nb\u00f6z\u0151 te\u00e1trumaiban.<\/p>\n<p>[\/et_pb_text][et_pb_image src=&#8221;\/wp-content\/uploads\/2022\/03\/oszi_szonata_1.jpg&#8221; title_text=&#8221;oszi_szonata_1&#8243; align=&#8221;center&#8221; _builder_version=&#8221;4.15.1&#8243; _module_preset=&#8221;default&#8221; custom_margin=&#8221;|-170px||||&#8221; global_colors_info=&#8221;{}&#8221;][\/et_pb_image][et_pb_text _builder_version=&#8221;4.15.1&#8243; _module_preset=&#8221;default&#8221; text_font_size=&#8221;18px&#8221; text_line_height=&#8221;1.5em&#8221; custom_margin=&#8221;|-180px||||&#8221; global_colors_info=&#8221;{}&#8221;]<\/p>\n<p><em>A darab az anya \u2013 l\u00e1nya k\u00f6z\u00f6tti kapcsolatr\u00f3l sz\u00f3l, \u00e1m nem a megszokott \u00e9rtelemben&#8230;<\/em><\/p>\n<p>Bergman dr\u00e1m\u00e1j\u00e1ban az anya h\u00edres \u00e9s foglalkoztatott zongoram\u0171v\u00e9sz, aki nem tudott (nem akart!?) foglalkozni annyit gyermek\u00e9vel, mint amennyit val\u00f3j\u00e1ban kellett volna. Elhanyagolt kapcsolat ez&#8230; H\u00e9t \u00e9v ut\u00e1n azonban \u00fajra tal\u00e1lkozik a k\u00e9t n\u0151, s felsz\u00ednre ker\u00fcl mindaz, ami eddig kimondatlanul maradt.<\/p>\n<p>[\/et_pb_text][et_pb_image src=&#8221;\/wp-content\/uploads\/2022\/03\/275996782_941049993272632_7649628014198766342_n.jpg&#8221; title_text=&#8221;275996782_941049993272632_7649628014198766342_n&#8221; align=&#8221;center&#8221; _builder_version=&#8221;4.15.1&#8243; _module_preset=&#8221;default&#8221; custom_margin=&#8221;|-164px||||&#8221; global_colors_info=&#8221;{}&#8221;][\/et_pb_image][et_pb_text _builder_version=&#8221;4.15.1&#8243; _module_preset=&#8221;default&#8221; text_font_size=&#8221;18px&#8221; text_line_height=&#8221;1.5em&#8221; custom_margin=&#8221;|-180px||||&#8221; global_colors_info=&#8221;{}&#8221;]<\/p>\n<p>Az <a href=\"https:\/\/www.facebook.com\/events\/389136239263682\" target=\"_blank\" rel=\"noopener\">el\u0151ad\u00e1s<\/a> rendez\u0151je Micsk\u00f3 Zolt\u00e1n, m\u00edg az anya, Charlotte szerep\u00e9ben T\u00f6rs\u00f6k M\u00e1rt\u00e1t l\u00e1thatjuk. L\u00e1ny\u00e1t, Eva-t Csenki R\u00e9ka alak\u00edtja, f\u00e9rj\u00e9t Viktort pedig Czeller P\u00e9ter form\u00e1lja meg, m\u00edg Helena-k\u00e9nt Bogn\u00e1r Beatrixot k\u00f6sz\u00f6nthetj\u00fck. Az el\u0151ad\u00e1s <a href=\"https:\/\/www.facebook.com\/events\/389136239263682\" target=\"_blank\" rel=\"noopener\">aj\u00e1nl\u00f3j\u00e1t<\/a> a k\u00f6vetkez\u0151k\u00e9pp fogalmazta meg a t\u00e1rsulat: <em>\u201eHa fel is n\u0151tt\u00fcnk m\u00e1r: k\u00e9pesek vagyunk-e igaz\u00e1n l\u00e1tni a sz\u00fcleinket? \u00c9s sz\u00fcl\u0151k\u00e9nt \u00faj, val\u00f3di \u00e9rdekl\u0151d\u00e9ssel fordulni a gyerekeink fel\u00e9? Lehets\u00e9ges-e egy\u00e1ltal\u00e1n k\u00f6zelebb jutni egy teljesen k\u00fcl\u00f6nb\u00f6z\u0151 vil\u00e1ghoz, ami a m\u00e1sik ember? Anya \u00e9s l\u00e1nya h\u00e9t \u00e9v hallgat\u00e1s ut\u00e1n tal\u00e1lkoznak \u00fajra, \u00e9s hajdani, ki nem besz\u00e9lt, elhallgatott s\u00e9relmek, f\u00e1jdalmak ker\u00fclnek felsz\u00ednre egy \u00e9jszakai, dr\u00e1mai besz\u00e9lget\u00e9s sor\u00e1n. Tal\u00e1n ki tudj\u00e1k bogozni a nemzed\u00e9kek \u00f3ta \u00f6sszegubancol\u00f3dott sorsot, \u00e9s mire elj\u00f6n a reggel, megtal\u00e1lhatj\u00e1k \u00f6nmagukat \u00e9s egym\u00e1st&#8230;\u201d<\/em><br \/><a href=\"https:\/\/www.facebook.com\/events\/389136239263682\" target=\"_blank\" rel=\"noopener\">A m\u00e1rcius 26-i, szombati bemutat\u00f3ra<\/a> el\u0151zetes regisztr\u00e1ci\u00f3\/helyfoglal\u00e1s er\u0151sen aj\u00e1nlott. Bel\u00e9p\u0151:1800 Ft<\/p>\n<p>[\/et_pb_text][et_pb_image src=&#8221;\/wp-content\/uploads\/2022\/03\/kaosz.jpg&#8221; title_text=&#8221;kaosz&#8221; align=&#8221;center&#8221; _builder_version=&#8221;4.15.1&#8243; _module_preset=&#8221;default&#8221; custom_margin=&#8221;|-164px||||&#8221; global_colors_info=&#8221;{}&#8221;][\/et_pb_image][et_pb_text _builder_version=&#8221;4.15.1&#8243; _module_preset=&#8221;default&#8221; text_font_size=&#8221;18px&#8221; text_line_height=&#8221;1.5em&#8221; custom_margin=&#8221;|-180px||||&#8221; global_colors_info=&#8221;{}&#8221;]<\/p>\n<h3>Vas\u00e1rnap a K\u00e1osz v\u00e1rja a n\u00e9z\u0151ket<\/h3>\n<p>A finn Mika Myllyaho: <a href=\"https:\/\/www.facebook.com\/events\/672055593837032\" target=\"_blank\" rel=\"noopener\">K\u00e1osz c\u00edm\u0171 v\u00edgj\u00e1t\u00e9k\u00e1t l\u00e1thatja a k\u00f6z\u00f6ns\u00e9g<\/a> m\u00e1rcius 27-\u00e9n, vas\u00e1rnap az <a href=\"https:\/\/www.facebook.com\/igezo\" target=\"_blank\" rel=\"noopener\">Ig\u00e9z\u0151ben<\/a>. A sz\u00edndarab kis, XXI. sz\u00e1zadi anziksz r\u00f3lunk, a munk\u00e1nkr\u00f3l, kapcsolati \u00e9s p\u00e1rkapcsolati probl\u00e9m\u00e1inkr\u00f3l, hol lelkes, hol k\u00e9ts\u00e9gbeesett bukd\u00e1csol\u00e1sinkr\u00f3l.<\/p>\n<h3>Egy 30-asokb\u00f3l \u00e1ll\u00f3 bar\u00e1ti t\u00e1rsas\u00e1g tagjai \u2013 Sofia, tan\u00e1r; Emmi, \u00fajs\u00e1g\u00edr\u00f3, J\u00falia, terapeuta \u2013 id\u0151r\u0151l-id\u0151re k\u00e1v\u00e9h\u00e1zakban tal\u00e1lkoznak az\u00e9rt, hogy megossz\u00e1k egym\u00e1ssal \u00e9let\u00fck legfontosabb esem\u00e9nyeit \u00e9s a bajban t\u00e1mogass\u00e1k egym\u00e1st.<\/h3>\n<p>Amikor a vil\u00e1g gondjai t\u00falzottan r\u00e1juk nehezednek, le\u00fclnek egy-egy cs\u00e9sze k\u00e1v\u00e9 mell\u00e9 \u00e9s megpr\u00f3b\u00e1lnak r\u00e1j\u00f6nni, hogy mi az oka \u00e9s k\u00f6vetkezm\u00e9nye kr\u00edzis\u00fcknek. <a href=\"https:\/\/www.facebook.com\/events\/672055593837032\" target=\"_blank\" rel=\"noopener\">Myllyaho dr\u00e1m\u00e1ja h\u00e1rom n\u0151r\u0151l sz\u00f3l,<\/a> akiket nemcsak k\u00e1v\u00e9z\u00f3kban, hanem utc\u00e1kon, iskol\u00e1ban, haj\u00f3kir\u00e1ndul\u00e1son \u00e9s egy orvosi v\u00e1r\u00f3ban is l\u00e1tunk, valamint egy rend\u0151rs\u00e9gi fogd\u00e1ban, ahova r\u00e9szegen z\u00e1rj\u00e1k be \u0151ket egy \u00e1tmulatott \u00e9jszaka ut\u00e1n.<\/p>\n<p>Szerepl\u0151k: <em>Cseh Kata, Parragh D\u00f3ri, Csille Ildik\u00f3, St\u00e9ger Ildik\u00f3, Balogh Mih\u00e1ly, Kov\u00e1cs M\u00e1t\u00e9, Magony Imre, T\u00f3th Borb\u00e1la, Solymossy Zolt\u00e1n, Gergely Emma, Szab\u00f3 Mikl\u00f3s.<\/em> Bel\u00e9p\u0151:1800 Ft<\/p>\n<p>[\/et_pb_text][et_pb_image src=&#8221;\/wp-content\/uploads\/2022\/03\/13252-igezo-programok.jpg&#8221; title_text=&#8221;13252-igezo-programok&#8221; align=&#8221;center&#8221; _builder_version=&#8221;4.15.1&#8243; _module_preset=&#8221;default&#8221; custom_margin=&#8221;|-164px||||&#8221; global_colors_info=&#8221;{}&#8221;][\/et_pb_image][et_pb_text _builder_version=&#8221;4.15.1&#8243; _module_preset=&#8221;default&#8221; text_font_size=&#8221;18px&#8221; text_line_height=&#8221;1.5em&#8221; custom_margin=&#8221;|-180px||||&#8221; global_colors_info=&#8221;{}&#8221;]<\/p>\n<p>Mind k\u00e9t el\u0151ad\u00e1sra \u00e9rdemes el\u0151re jegyet foglalni az <a href=\"https:\/\/www.facebook.com\/igezo\" target=\"_blank\" rel=\"noopener\">Ig\u00e9z\u0151 facebook oldal\u00e1n<\/a>, a 06 22\/790-758-s telefonsz\u00e1mon, vagy a <a href=\"mailto:igezo2014@gmail.com\" target=\"_blank\" rel=\"noopener\">igezo2014@gmail.com<\/a> email c\u00edmen!<\/p>\n<p>[\/et_pb_text][\/et_pb_column][\/et_pb_row][\/et_pb_section]<\/p>\n","protected":false},"excerpt":{"rendered":"<p>Ingmar Bergman 1978-ban, filmen bemutatott klasszikus\u00e1t \u00e1ll\u00edtotta sz\u00ednpadra a Prospero Sz\u00ednk\u00f6r. Az anya \u2013 l\u00e1nya kapcsolatr\u00f3l sz\u00f3l\u00f3 l\u00e9lektani dr\u00e1ma bemutat\u00f3j\u00e1t m\u00e1rcius 26-\u00e1n, szombaton, este h\u00e9t \u00f3r\u00e1t\u00f3l tartj\u00e1k az Ig\u00e9z\u0151ben. Ugyanitt [&hellip;]<\/p>\n","protected":false},"author":2,"featured_media":5865,"comment_status":"open","ping_status":"open","sticky":false,"template":"","format":"standard","meta":{"_et_pb_use_builder":"on","_et_pb_old_content":"","_et_gb_content_width":"","_price":"","_stock":"","_tribe_ticket_header":"","_tribe_default_ticket_provider":"","_ticket_start_date":"","_ticket_end_date":"","_tribe_ticket_show_description":"","_tribe_ticket_show_not_going":false,"_tribe_ticket_use_global_stock":"","_tribe_ticket_global_stock_level":"","_global_stock_mode":"","_global_stock_cap":"","_tribe_rsvp_for_event":"","_tribe_ticket_going_count":"","_tribe_ticket_not_going_count":"","_tribe_tickets_list":"[]","_tribe_ticket_has_attendee_info_fields":false,"footnotes":""},"categories":[13],"tags":[],"class_list":["post-5858","post","type-post","status-publish","format-standard","has-post-thumbnail","hentry","category-archivum"],"yoast_head":"<!-- This site is optimized with the Yoast SEO plugin v25.0 - https:\/\/yoast.com\/wordpress\/plugins\/seo\/ -->\n<title>\u0150SZI SZON\u00c1TA PREMIER, MAJD K\u00c1OSZ AZ IG\u00c9Z\u0150 H\u00c9TV\u00c9GI PROGRAMJ\u00c1BAN - Szabad Sz\u00ednh\u00e1z<\/title>\n<meta name=\"robots\" content=\"index, follow, max-snippet:-1, max-image-preview:large, max-video-preview:-1\" \/>\n<link rel=\"canonical\" href=\"https:\/\/www.szabadszinhaz.hu\/en\/oszi-szonata-premier\/\" \/>\n<meta property=\"og:locale\" content=\"en_US\" \/>\n<meta property=\"og:type\" content=\"article\" \/>\n<meta property=\"og:title\" content=\"\u0150SZI SZON\u00c1TA PREMIER, MAJD K\u00c1OSZ AZ IG\u00c9Z\u0150 H\u00c9TV\u00c9GI PROGRAMJ\u00c1BAN - Szabad Sz\u00ednh\u00e1z\" \/>\n<meta property=\"og:description\" content=\"Ingmar Bergman 1978-ban, filmen bemutatott klasszikus\u00e1t \u00e1ll\u00edtotta sz\u00ednpadra a Prospero Sz\u00ednk\u00f6r. Az anya \u2013 l\u00e1nya kapcsolatr\u00f3l sz\u00f3l\u00f3 l\u00e9lektani dr\u00e1ma bemutat\u00f3j\u00e1t m\u00e1rcius 26-\u00e1n, szombaton, este h\u00e9t \u00f3r\u00e1t\u00f3l tartj\u00e1k az Ig\u00e9z\u0151ben. Ugyanitt [&hellip;]\" \/>\n<meta property=\"og:url\" content=\"https:\/\/www.szabadszinhaz.hu\/en\/oszi-szonata-premier\/\" \/>\n<meta property=\"og:site_name\" content=\"Szabad Sz\u00ednh\u00e1z\" \/>\n<meta property=\"article:publisher\" content=\"https:\/\/www.facebook.com\/szabadszinhaz\" \/>\n<meta property=\"article:published_time\" content=\"2022-03-22T08:00:27+00:00\" \/>\n<meta property=\"article:modified_time\" content=\"2023-01-24T22:22:40+00:00\" \/>\n<meta property=\"og:image\" content=\"https:\/\/www.szabadszinhaz.hu\/wp-content\/uploads\/2022\/03\/13252-igezo-programok.jpg\" \/>\n\t<meta property=\"og:image:width\" content=\"1200\" \/>\n\t<meta property=\"og:image:height\" content=\"799\" \/>\n\t<meta property=\"og:image:type\" content=\"image\/jpeg\" \/>\n<meta name=\"author\" content=\"Torma Tam\u00e1s\" \/>\n<meta name=\"twitter:card\" content=\"summary_large_image\" \/>\n<meta name=\"twitter:label1\" content=\"Written by\" \/>\n\t<meta name=\"twitter:data1\" content=\"Torma Tam\u00e1s\" \/>\n\t<meta name=\"twitter:label2\" content=\"Est. reading time\" \/>\n\t<meta name=\"twitter:data2\" content=\"6 minutes\" \/>\n<script type=\"application\/ld+json\" class=\"yoast-schema-graph\">{\"@context\":\"https:\/\/schema.org\",\"@graph\":[{\"@type\":\"Article\",\"@id\":\"https:\/\/www.szabadszinhaz.hu\/oszi-szonata-premier\/#article\",\"isPartOf\":{\"@id\":\"https:\/\/www.szabadszinhaz.hu\/oszi-szonata-premier\/\"},\"author\":{\"name\":\"Torma Tam\u00e1s\",\"@id\":\"https:\/\/www.szabadszinhaz.hu\/#\/schema\/person\/f073068e07078a7485de7e4cb9b477f5\"},\"headline\":\"\u0150SZI SZON\u00c1TA PREMIER, MAJD K\u00c1OSZ AZ IG\u00c9Z\u0150 H\u00c9TV\u00c9GI PROGRAMJ\u00c1BAN\",\"datePublished\":\"2022-03-22T08:00:27+00:00\",\"dateModified\":\"2023-01-24T22:22:40+00:00\",\"mainEntityOfPage\":{\"@id\":\"https:\/\/www.szabadszinhaz.hu\/oszi-szonata-premier\/\"},\"wordCount\":1128,\"commentCount\":0,\"publisher\":{\"@id\":\"https:\/\/www.szabadszinhaz.hu\/#organization\"},\"image\":{\"@id\":\"https:\/\/www.szabadszinhaz.hu\/oszi-szonata-premier\/#primaryimage\"},\"thumbnailUrl\":\"https:\/\/www.szabadszinhaz.hu\/wp-content\/uploads\/2022\/03\/13252-igezo-programok.jpg\",\"articleSection\":[\"Arch\u00edvum\"],\"inLanguage\":\"en-US\",\"potentialAction\":[{\"@type\":\"CommentAction\",\"name\":\"Comment\",\"target\":[\"https:\/\/www.szabadszinhaz.hu\/oszi-szonata-premier\/#respond\"]}]},{\"@type\":\"WebPage\",\"@id\":\"https:\/\/www.szabadszinhaz.hu\/oszi-szonata-premier\/\",\"url\":\"https:\/\/www.szabadszinhaz.hu\/oszi-szonata-premier\/\",\"name\":\"\u0150SZI SZON\u00c1TA PREMIER, MAJD K\u00c1OSZ AZ IG\u00c9Z\u0150 H\u00c9TV\u00c9GI PROGRAMJ\u00c1BAN - Szabad Sz\u00ednh\u00e1z\",\"isPartOf\":{\"@id\":\"https:\/\/www.szabadszinhaz.hu\/#website\"},\"primaryImageOfPage\":{\"@id\":\"https:\/\/www.szabadszinhaz.hu\/oszi-szonata-premier\/#primaryimage\"},\"image\":{\"@id\":\"https:\/\/www.szabadszinhaz.hu\/oszi-szonata-premier\/#primaryimage\"},\"thumbnailUrl\":\"https:\/\/www.szabadszinhaz.hu\/wp-content\/uploads\/2022\/03\/13252-igezo-programok.jpg\",\"datePublished\":\"2022-03-22T08:00:27+00:00\",\"dateModified\":\"2023-01-24T22:22:40+00:00\",\"breadcrumb\":{\"@id\":\"https:\/\/www.szabadszinhaz.hu\/oszi-szonata-premier\/#breadcrumb\"},\"inLanguage\":\"en-US\",\"potentialAction\":[{\"@type\":\"ReadAction\",\"target\":[\"https:\/\/www.szabadszinhaz.hu\/oszi-szonata-premier\/\"]}]},{\"@type\":\"ImageObject\",\"inLanguage\":\"en-US\",\"@id\":\"https:\/\/www.szabadszinhaz.hu\/oszi-szonata-premier\/#primaryimage\",\"url\":\"https:\/\/www.szabadszinhaz.hu\/wp-content\/uploads\/2022\/03\/13252-igezo-programok.jpg\",\"contentUrl\":\"https:\/\/www.szabadszinhaz.hu\/wp-content\/uploads\/2022\/03\/13252-igezo-programok.jpg\",\"width\":1200,\"height\":799},{\"@type\":\"BreadcrumbList\",\"@id\":\"https:\/\/www.szabadszinhaz.hu\/oszi-szonata-premier\/#breadcrumb\",\"itemListElement\":[{\"@type\":\"ListItem\",\"position\":1,\"name\":\"Kezd\u0151lap\",\"item\":\"https:\/\/www.szabadszinhaz.hu\/\"},{\"@type\":\"ListItem\",\"position\":2,\"name\":\"\u0150SZI SZON\u00c1TA PREMIER, MAJD K\u00c1OSZ AZ IG\u00c9Z\u0150 H\u00c9TV\u00c9GI PROGRAMJ\u00c1BAN\"}]},{\"@type\":\"WebSite\",\"@id\":\"https:\/\/www.szabadszinhaz.hu\/#website\",\"url\":\"https:\/\/www.szabadszinhaz.hu\/\",\"name\":\"Szabad Sz\u00ednh\u00e1z\",\"description\":\"Szabad Sz\u00ednh\u00e1z\",\"publisher\":{\"@id\":\"https:\/\/www.szabadszinhaz.hu\/#organization\"},\"potentialAction\":[{\"@type\":\"SearchAction\",\"target\":{\"@type\":\"EntryPoint\",\"urlTemplate\":\"https:\/\/www.szabadszinhaz.hu\/?s={search_term_string}\"},\"query-input\":{\"@type\":\"PropertyValueSpecification\",\"valueRequired\":true,\"valueName\":\"search_term_string\"}}],\"inLanguage\":\"en-US\"},{\"@type\":\"Organization\",\"@id\":\"https:\/\/www.szabadszinhaz.hu\/#organization\",\"name\":\"Szabad Sz\u00ednh\u00e1z SZ\u00cdN-T\u00c9R Egyes\u00fclet\",\"url\":\"https:\/\/www.szabadszinhaz.hu\/\",\"logo\":{\"@type\":\"ImageObject\",\"inLanguage\":\"en-US\",\"@id\":\"https:\/\/www.szabadszinhaz.hu\/#\/schema\/logo\/image\/\",\"url\":\"https:\/\/www.szabadszinhaz.hu\/wp-content\/uploads\/2025\/01\/images.jpg\",\"contentUrl\":\"https:\/\/www.szabadszinhaz.hu\/wp-content\/uploads\/2025\/01\/images.jpg\",\"width\":178,\"height\":284,\"caption\":\"Szabad Sz\u00ednh\u00e1z SZ\u00cdN-T\u00c9R Egyes\u00fclet\"},\"image\":{\"@id\":\"https:\/\/www.szabadszinhaz.hu\/#\/schema\/logo\/image\/\"},\"sameAs\":[\"https:\/\/www.facebook.com\/szabadszinhaz\"]},{\"@type\":\"Person\",\"@id\":\"https:\/\/www.szabadszinhaz.hu\/#\/schema\/person\/f073068e07078a7485de7e4cb9b477f5\",\"name\":\"Torma Tam\u00e1s\",\"image\":{\"@type\":\"ImageObject\",\"inLanguage\":\"en-US\",\"@id\":\"https:\/\/www.szabadszinhaz.hu\/#\/schema\/person\/image\/\",\"url\":\"https:\/\/secure.gravatar.com\/avatar\/70aab4237fcbdfeefaf6fa1f88503d4ea3023ed33c2ea5b4acebb5baa95f2143?s=96&d=mm&r=g\",\"contentUrl\":\"https:\/\/secure.gravatar.com\/avatar\/70aab4237fcbdfeefaf6fa1f88503d4ea3023ed33c2ea5b4acebb5baa95f2143?s=96&d=mm&r=g\",\"caption\":\"Torma Tam\u00e1s\"},\"url\":\"https:\/\/www.szabadszinhaz.hu\/en\/author\/tormatomi\/\"}]}<\/script>\n<!-- \/ Yoast SEO plugin. -->","yoast_head_json":{"title":"\u0150SZI SZON\u00c1TA PREMIER, MAJD K\u00c1OSZ AZ IG\u00c9Z\u0150 H\u00c9TV\u00c9GI PROGRAMJ\u00c1BAN - Szabad Sz\u00ednh\u00e1z","robots":{"index":"index","follow":"follow","max-snippet":"max-snippet:-1","max-image-preview":"max-image-preview:large","max-video-preview":"max-video-preview:-1"},"canonical":"https:\/\/www.szabadszinhaz.hu\/en\/oszi-szonata-premier\/","og_locale":"en_US","og_type":"article","og_title":"\u0150SZI SZON\u00c1TA PREMIER, MAJD K\u00c1OSZ AZ IG\u00c9Z\u0150 H\u00c9TV\u00c9GI PROGRAMJ\u00c1BAN - Szabad Sz\u00ednh\u00e1z","og_description":"Ingmar Bergman 1978-ban, filmen bemutatott klasszikus\u00e1t \u00e1ll\u00edtotta sz\u00ednpadra a Prospero Sz\u00ednk\u00f6r. Az anya \u2013 l\u00e1nya kapcsolatr\u00f3l sz\u00f3l\u00f3 l\u00e9lektani dr\u00e1ma bemutat\u00f3j\u00e1t m\u00e1rcius 26-\u00e1n, szombaton, este h\u00e9t \u00f3r\u00e1t\u00f3l tartj\u00e1k az Ig\u00e9z\u0151ben. Ugyanitt [&hellip;]","og_url":"https:\/\/www.szabadszinhaz.hu\/en\/oszi-szonata-premier\/","og_site_name":"Szabad Sz\u00ednh\u00e1z","article_publisher":"https:\/\/www.facebook.com\/szabadszinhaz","article_published_time":"2022-03-22T08:00:27+00:00","article_modified_time":"2023-01-24T22:22:40+00:00","og_image":[{"width":1200,"height":799,"url":"https:\/\/www.szabadszinhaz.hu\/wp-content\/uploads\/2022\/03\/13252-igezo-programok.jpg","type":"image\/jpeg"}],"author":"Torma Tam\u00e1s","twitter_card":"summary_large_image","twitter_misc":{"Written by":"Torma Tam\u00e1s","Est. reading time":"6 minutes"},"schema":{"@context":"https:\/\/schema.org","@graph":[{"@type":"Article","@id":"https:\/\/www.szabadszinhaz.hu\/oszi-szonata-premier\/#article","isPartOf":{"@id":"https:\/\/www.szabadszinhaz.hu\/oszi-szonata-premier\/"},"author":{"name":"Torma Tam\u00e1s","@id":"https:\/\/www.szabadszinhaz.hu\/#\/schema\/person\/f073068e07078a7485de7e4cb9b477f5"},"headline":"\u0150SZI SZON\u00c1TA PREMIER, MAJD K\u00c1OSZ AZ IG\u00c9Z\u0150 H\u00c9TV\u00c9GI PROGRAMJ\u00c1BAN","datePublished":"2022-03-22T08:00:27+00:00","dateModified":"2023-01-24T22:22:40+00:00","mainEntityOfPage":{"@id":"https:\/\/www.szabadszinhaz.hu\/oszi-szonata-premier\/"},"wordCount":1128,"commentCount":0,"publisher":{"@id":"https:\/\/www.szabadszinhaz.hu\/#organization"},"image":{"@id":"https:\/\/www.szabadszinhaz.hu\/oszi-szonata-premier\/#primaryimage"},"thumbnailUrl":"https:\/\/www.szabadszinhaz.hu\/wp-content\/uploads\/2022\/03\/13252-igezo-programok.jpg","articleSection":["Arch\u00edvum"],"inLanguage":"en-US","potentialAction":[{"@type":"CommentAction","name":"Comment","target":["https:\/\/www.szabadszinhaz.hu\/oszi-szonata-premier\/#respond"]}]},{"@type":"WebPage","@id":"https:\/\/www.szabadszinhaz.hu\/oszi-szonata-premier\/","url":"https:\/\/www.szabadszinhaz.hu\/oszi-szonata-premier\/","name":"\u0150SZI SZON\u00c1TA PREMIER, MAJD K\u00c1OSZ AZ IG\u00c9Z\u0150 H\u00c9TV\u00c9GI PROGRAMJ\u00c1BAN - Szabad Sz\u00ednh\u00e1z","isPartOf":{"@id":"https:\/\/www.szabadszinhaz.hu\/#website"},"primaryImageOfPage":{"@id":"https:\/\/www.szabadszinhaz.hu\/oszi-szonata-premier\/#primaryimage"},"image":{"@id":"https:\/\/www.szabadszinhaz.hu\/oszi-szonata-premier\/#primaryimage"},"thumbnailUrl":"https:\/\/www.szabadszinhaz.hu\/wp-content\/uploads\/2022\/03\/13252-igezo-programok.jpg","datePublished":"2022-03-22T08:00:27+00:00","dateModified":"2023-01-24T22:22:40+00:00","breadcrumb":{"@id":"https:\/\/www.szabadszinhaz.hu\/oszi-szonata-premier\/#breadcrumb"},"inLanguage":"en-US","potentialAction":[{"@type":"ReadAction","target":["https:\/\/www.szabadszinhaz.hu\/oszi-szonata-premier\/"]}]},{"@type":"ImageObject","inLanguage":"en-US","@id":"https:\/\/www.szabadszinhaz.hu\/oszi-szonata-premier\/#primaryimage","url":"https:\/\/www.szabadszinhaz.hu\/wp-content\/uploads\/2022\/03\/13252-igezo-programok.jpg","contentUrl":"https:\/\/www.szabadszinhaz.hu\/wp-content\/uploads\/2022\/03\/13252-igezo-programok.jpg","width":1200,"height":799},{"@type":"BreadcrumbList","@id":"https:\/\/www.szabadszinhaz.hu\/oszi-szonata-premier\/#breadcrumb","itemListElement":[{"@type":"ListItem","position":1,"name":"Kezd\u0151lap","item":"https:\/\/www.szabadszinhaz.hu\/"},{"@type":"ListItem","position":2,"name":"\u0150SZI SZON\u00c1TA PREMIER, MAJD K\u00c1OSZ AZ IG\u00c9Z\u0150 H\u00c9TV\u00c9GI PROGRAMJ\u00c1BAN"}]},{"@type":"WebSite","@id":"https:\/\/www.szabadszinhaz.hu\/#website","url":"https:\/\/www.szabadszinhaz.hu\/","name":"Free Theatre - Szabad Sz\u00ednh\u00e1z","description":"Free Theatre - Szabad Sz\u00ednh\u00e1z","publisher":{"@id":"https:\/\/www.szabadszinhaz.hu\/#organization"},"potentialAction":[{"@type":"SearchAction","target":{"@type":"EntryPoint","urlTemplate":"https:\/\/www.szabadszinhaz.hu\/?s={search_term_string}"},"query-input":{"@type":"PropertyValueSpecification","valueRequired":true,"valueName":"search_term_string"}}],"inLanguage":"en-US"},{"@type":"Organization","@id":"https:\/\/www.szabadszinhaz.hu\/#organization","name":"Szabad Sz\u00ednh\u00e1z SZ\u00cdN-T\u00c9R Egyes\u00fclet","url":"https:\/\/www.szabadszinhaz.hu\/","logo":{"@type":"ImageObject","inLanguage":"en-US","@id":"https:\/\/www.szabadszinhaz.hu\/#\/schema\/logo\/image\/","url":"https:\/\/www.szabadszinhaz.hu\/wp-content\/uploads\/2025\/01\/images.jpg","contentUrl":"https:\/\/www.szabadszinhaz.hu\/wp-content\/uploads\/2025\/01\/images.jpg","width":178,"height":284,"caption":"Szabad Sz\u00ednh\u00e1z SZ\u00cdN-T\u00c9R Egyes\u00fclet"},"image":{"@id":"https:\/\/www.szabadszinhaz.hu\/#\/schema\/logo\/image\/"},"sameAs":["https:\/\/www.facebook.com\/szabadszinhaz"]},{"@type":"Person","@id":"https:\/\/www.szabadszinhaz.hu\/#\/schema\/person\/f073068e07078a7485de7e4cb9b477f5","name":"Torma Tam\u00e1s","image":{"@type":"ImageObject","inLanguage":"en-US","@id":"https:\/\/www.szabadszinhaz.hu\/#\/schema\/person\/image\/","url":"https:\/\/secure.gravatar.com\/avatar\/70aab4237fcbdfeefaf6fa1f88503d4ea3023ed33c2ea5b4acebb5baa95f2143?s=96&d=mm&r=g","contentUrl":"https:\/\/secure.gravatar.com\/avatar\/70aab4237fcbdfeefaf6fa1f88503d4ea3023ed33c2ea5b4acebb5baa95f2143?s=96&d=mm&r=g","caption":"Torma Tam\u00e1s"},"url":"https:\/\/www.szabadszinhaz.hu\/en\/author\/tormatomi\/"}]}},"_links":{"self":[{"href":"https:\/\/www.szabadszinhaz.hu\/en\/wp-json\/wp\/v2\/posts\/5858","targetHints":{"allow":["GET"]}}],"collection":[{"href":"https:\/\/www.szabadszinhaz.hu\/en\/wp-json\/wp\/v2\/posts"}],"about":[{"href":"https:\/\/www.szabadszinhaz.hu\/en\/wp-json\/wp\/v2\/types\/post"}],"author":[{"embeddable":true,"href":"https:\/\/www.szabadszinhaz.hu\/en\/wp-json\/wp\/v2\/users\/2"}],"replies":[{"embeddable":true,"href":"https:\/\/www.szabadszinhaz.hu\/en\/wp-json\/wp\/v2\/comments?post=5858"}],"version-history":[{"count":5,"href":"https:\/\/www.szabadszinhaz.hu\/en\/wp-json\/wp\/v2\/posts\/5858\/revisions"}],"predecessor-version":[{"id":5873,"href":"https:\/\/www.szabadszinhaz.hu\/en\/wp-json\/wp\/v2\/posts\/5858\/revisions\/5873"}],"wp:featuredmedia":[{"embeddable":true,"href":"https:\/\/www.szabadszinhaz.hu\/en\/wp-json\/wp\/v2\/media\/5865"}],"wp:attachment":[{"href":"https:\/\/www.szabadszinhaz.hu\/en\/wp-json\/wp\/v2\/media?parent=5858"}],"wp:term":[{"taxonomy":"category","embeddable":true,"href":"https:\/\/www.szabadszinhaz.hu\/en\/wp-json\/wp\/v2\/categories?post=5858"},{"taxonomy":"post_tag","embeddable":true,"href":"https:\/\/www.szabadszinhaz.hu\/en\/wp-json\/wp\/v2\/tags?post=5858"}],"curies":[{"name":"wp","href":"https:\/\/api.w.org\/{rel}","templated":true}]}}