{"id":5684,"date":"2022-03-20T09:00:27","date_gmt":"2022-03-20T08:00:27","guid":{"rendered":"http:\/\/www.szabadszinhaz.hu\/?p=5684"},"modified":"2023-01-24T23:27:12","modified_gmt":"2023-01-24T22:27:12","slug":"taroltak-a-fehervariak-az-odt-regionalis-dontojen-13-oklevellel-tertek-haza","status":"publish","type":"post","link":"https:\/\/www.szabadszinhaz.hu\/en\/taroltak-a-fehervariak-az-odt-regionalis-dontojen-13-oklevellel-tertek-haza\/","title":{"rendered":"TAROLTAK A FEH\u00c9RV\u00c1RIAK AZ ODT REGION\u00c1LIS D\u00d6NT\u0150J\u00c9N &#8211; 13 OKLEV\u00c9LLEL T\u00c9RTEK HAZA"},"content":{"rendered":"<p>[et_pb_section fb_built=&#8221;1&#8243; _builder_version=&#8221;4.15.1&#8243; _module_preset=&#8221;default&#8221; custom_padding=&#8221;2px||0px|||&#8221; hover_enabled=&#8221;0&#8243; global_colors_info=&#8221;{}&#8221; background_color=&#8221;RGBA(255,255,255,0)&#8221; sticky_enabled=&#8221;0&#8243;][et_pb_row _builder_version=&#8221;4.15.1&#8243; _module_preset=&#8221;default&#8221; custom_padding=&#8221;5px||0px|||&#8221; global_colors_info=&#8221;{}&#8221;][et_pb_column type=&#8221;4_4&#8243; _builder_version=&#8221;4.15.1&#8243; _module_preset=&#8221;default&#8221; global_colors_info=&#8221;{}&#8221;][et_pb_text _builder_version=&#8221;4.15.1&#8243; _module_preset=&#8221;default&#8221; text_font_size=&#8221;18px&#8221; text_line_height=&#8221;1.5em&#8221; global_colors_info=&#8221;{}&#8221;]<\/p>\n<p>A h\u00e9tv\u00e9g\u00e9n Ab\u00e1n megrendezett Orsz\u00e1gos Di\u00e1ksz\u00ednj\u00e1tsz\u00f3 Tal\u00e1lkoz\u00f3 region\u00e1lis d\u00f6nt\u0151j\u00e9n n\u00e9gy feh\u00e9rv\u00e1ri csoport is versenyzett, \u00e9s mind a n\u00e9gy d\u00edjat is nyert. A Szabad Sz\u00ednh\u00e1z k\u00e9t ut\u00e1np\u00f3tl\u00e1s csoportja \u00f6sszesen kilenc, m\u00edg a Teleki- \u00e9s Kodol\u00e1nyi Gimn\u00e1zium di\u00e1ksz\u00ednj\u00e1tsz\u00f3i egy- egy min\u0151s\u00edt\u00e9s\u00e9rt \u00e9s egy \u2013egy k\u00fcl\u00f6nd\u00edjj\u00e9rt j\u00e1t\u00f3 oklev\u00e9llel t\u00e9rt haza a fesztiv\u00e1lr\u00f3l.<\/p>\n<p>[\/et_pb_text][et_pb_image src=&#8221;\/wp-content\/uploads\/2022\/03\/ODT_sikerek.jpg&#8221; title_text=&#8221;ODT_sikerek&#8221; align=&#8221;center&#8221; _builder_version=&#8221;4.15.1&#8243; _module_preset=&#8221;default&#8221; global_colors_info=&#8221;{}&#8221;][\/et_pb_image][et_pb_text _builder_version=&#8221;4.15.1&#8243; _module_preset=&#8221;default&#8221; text_font_size=&#8221;18px&#8221; text_line_height=&#8221;1.5em&#8221; global_colors_info=&#8221;{}&#8221;]<\/p>\n<h3>13 oklev\u00e9llel t\u00e9rtek haza<\/h3>\n<p>A <a href=\"https:\/\/www.facebook.com\/szabadszinhaz\" target=\"_blank\" rel=\"noopener\">Szabad Sz\u00ednh\u00e1z<\/a> k\u00e9t ut\u00e1np\u00f3tl\u00e1s csoportja, a <strong>Vasv\u00e1ri Sz\u00ednpad<\/strong>, valamint a Hang-Sz\u00edn- T\u00e9r M\u0171v\u00e9szeti Iskol\u00e1val partners\u00e9gben m\u0171k\u00f6dtetett <strong>Prikulics B\u00e1zis csoport<\/strong> \u00f6sszesen 9 oklevelet szerzett, rendez\u0151i, l\u00e1tv\u00e1ny \u00e9s sz\u00edn\u00e9szi kateg\u00f3ri\u00e1kban. A Teleki Blanka Gimn\u00e1zium <strong>TEDI csoportja<\/strong>, \u00e9s a Kodol\u00e1nyi Gimn\u00e1zium <strong>Kod\u00f3cska csoportja<\/strong> is egy-egy ez\u00fcstmin\u0151s\u00edt\u00e9ssel, \u00e9s egy \u2013egy k\u00fcl\u00f6nd\u00edjjal t\u00e9rt haza.<\/p>\n<p>[\/et_pb_text][et_pb_image src=&#8221;\/wp-content\/uploads\/2022\/03\/dijak.jpg&#8221; title_text=&#8221;dijak&#8221; align=&#8221;center&#8221; _builder_version=&#8221;4.15.1&#8243; _module_preset=&#8221;default&#8221; global_colors_info=&#8221;{}&#8221;][\/et_pb_image][et_pb_text _builder_version=&#8221;4.15.1&#8243; _module_preset=&#8221;default&#8221; text_font_size=&#8221;18px&#8221; text_line_height=&#8221;1.5em&#8221; global_colors_info=&#8221;{}&#8221;]<\/p>\n<p><strong>Rendez\u0151i d\u00edjat<\/strong> kapott a Vasv\u00e1ri Sz\u00ednpad <a href=\"https:\/\/www.szekesfehervar.hu\/valas-veronaban-uj-bemutato-az-igezoben\" target=\"_blank\" rel=\"noopener\">V\u00e1l\u00e1s Veron\u00e1ban<\/a> c\u00edm\u0171 produkci\u00f3j\u00e1\u00e9rt Csizmadia M\u00e1t\u00e9 , Kutassy B\u00e1lint \u00e9s Bencze Zolt\u00e1n. Ez a tri\u00f3 az\u00e9rt k\u00fcl\u00f6nleges, mert \u0151k mindannyian a <a href=\"https:\/\/www.facebook.com\/szabadszinhaz\" target=\"_blank\" rel=\"noopener\">Szabad Sz\u00ednh\u00e1z<\/a> ut\u00e1np\u00f3tl\u00e1s csoportj\u00e1ban kezdtek, h\u00e9t \u00e9ve. A folytonoss\u00e1g, a m\u0171v\u00e9szi fejleszt\u00e9s, fejl\u0151d\u00e9s k\u00fcl\u00f6nleges p\u00e9ld\u00e1j\u00e1t mutatj\u00e1k avval, hogy ma m\u00e1r nemcsak j\u00e1tszanak, hanem rendeznek is. <strong>Sz\u00edn\u00e9szi d\u00edjat<\/strong> kapott Gergely Emma &#8211; J\u00falia alak\u00edt\u00e1s\u00e1\u00e9rt &#8211; \u00e9s a <strong>legjobb l\u00e1tv\u00e1nynak<\/strong> <strong>j\u00e1r\u00f3 d\u00edjat<\/strong> is a vasv\u00e1risok, V\u00e1l\u00e1s Veron\u00e1ban c\u00edm\u0171 el\u0151ad\u00e1sa kapta.<\/p>\n<p>[\/et_pb_text][et_pb_image src=&#8221;\/wp-content\/uploads\/2022\/03\/Oklevelek_egyben.jpg&#8221; title_text=&#8221;Oklevelek_egyben&#8221; align=&#8221;center&#8221; _builder_version=&#8221;4.15.1&#8243; _module_preset=&#8221;default&#8221; global_colors_info=&#8221;{}&#8221;][\/et_pb_image][et_pb_text _builder_version=&#8221;4.15.1&#8243; _module_preset=&#8221;default&#8221; text_font_size=&#8221;18px&#8221; text_line_height=&#8221;1.5em&#8221; global_colors_info=&#8221;{}&#8221;]<\/p>\n<p>Bence Zolt\u00e1n a <strong>Prikulics B\u00e1zis<\/strong> csoport <strong>Hull\u00e1m c\u00edm\u0171 produkci\u00f3j\u00e1ban<\/strong> ny\u00fajtott alak\u00edt\u00e1s\u00e1\u00e9rt, m\u00edg Farkas Ang\u00e9la \u00e9s T\u00f6r\u00f6k Laura, a <strong>V\u00e1l\u00e1s Ver\u00f3n\u00e1ban<\/strong> c\u00edm\u0171 vasv\u00e1ris darabban megform\u00e1lt szerep\u00e9rt kaptak <strong>sz\u00edn\u00e9szi d\u00edjakat<\/strong>. Mindk\u00e9t el\u0151ad\u00e1s ez\u00fcst min\u0151s\u00edt\u00e9st kapott a Golden D\u00e1niel \u00e9s Lajos S\u00e1ndor alkotta zs\u0171rit\u0151l. Az el\u0151ad\u00e1st Kerekes \u00c1ron, \u00e9s az <a href=\"https:\/\/www.szekesfehervar.hu\/bemutattak-az-odaado-hivetek-surik-cimu-eloadast-a-pelikan-feszekben\" target=\"_blank\" rel=\"noopener\">\u201eOdaad\u00f3 h\u00edvetek, Surik\u201d<\/a> c\u00edm\u0171 el\u0151ad\u00e1sb\u00f3l is ismert Kov\u00e1cs Gerg\u0151 rendezte. Mindk\u00e9t el\u0151ad\u00e1snak az <a href=\"https:\/\/www.facebook.com\/igezo\" target=\"_blank\" rel=\"noopener\">Ig\u00e9z\u0151<\/a> adott otthont, \u00e9s ugyanott a k\u00f6vetkez\u0151 hetekben a nagyk\u00f6z\u00f6ns\u00e9g el\u0151tt is l\u00e1that\u00f3ak az el\u0151ad\u00e1sok, amelyekre csoportos foglal\u00e1sokat is v\u00e1rnak.<\/p>\n<p>[\/et_pb_text][et_pb_image src=&#8221;\/wp-content\/uploads\/2022\/03\/TEDI_el__adas_10_kicsi_duhos_ember.jpg&#8221; title_text=&#8221;TEDI_el__adas_10_kicsi_duhos_ember&#8221; align=&#8221;center&#8221; _builder_version=&#8221;4.15.1&#8243; _module_preset=&#8221;default&#8221; global_colors_info=&#8221;{}&#8221;][\/et_pb_image][et_pb_text _builder_version=&#8221;4.15.1&#8243; _module_preset=&#8221;default&#8221; text_font_size=&#8221;18px&#8221; text_line_height=&#8221;1.5em&#8221; global_colors_info=&#8221;{}&#8221;]<\/p>\n<p>A<strong> Teleki TEDI csoportja <\/strong>a<strong> T\u00edz kicsi d\u00fch\u00f6s ember<\/strong> c\u00edm\u0171 el\u0151ad\u00e1ssal szint\u00e9n ez\u00fcst min\u0151s\u00edt\u00e9st szerzett. A csoportb\u00f3l <em>Pete Viola<\/em> <strong>sz\u00edn\u00e9szi k\u00fcl\u00f6nd\u00edjat<\/strong> kapott. A produkci\u00f3t<em> Somos \u00c1kos<\/em> rendezte.<\/p>\n<p>[\/et_pb_text][et_pb_image src=&#8221;\/wp-content\/uploads\/2022\/03\/ertekelo.jpg&#8221; title_text=&#8221;ertekelo&#8221; align=&#8221;center&#8221; _builder_version=&#8221;4.15.1&#8243; _module_preset=&#8221;default&#8221; global_colors_info=&#8221;{}&#8221;][\/et_pb_image][et_pb_text _builder_version=&#8221;4.15.1&#8243; _module_preset=&#8221;default&#8221; text_font_size=&#8221;18px&#8221; text_line_height=&#8221;1.5em&#8221; global_colors_info=&#8221;{}&#8221;]<\/p>\n<p>A <a href=\"https:\/\/www.facebook.com\/kodolanyi.kozepiskola\" target=\"_blank\" rel=\"noopener\">Kodol\u00e1nyi J\u00e1nos Gimn\u00e1zium<\/a> a <strong>modern eszk\u00f6z\u00f6k alkalmaz\u00e1s\u00e1\u00e9rt k\u00fcl\u00f6nd\u00edjat<\/strong>, a multim\u00e9di\u00e1s produkci\u00f3\u00e9rt pedig, amelyet <em>Bobory- Michna Bogl\u00e1rka<\/em> rendezett, bronz min\u0151s\u00edt\u00e9st szerzett.<\/p>\n<h3 style=\"text-align: center;\">Az estet a rendezv\u00e9nynek gondos otthont ad\u00f3 S\u00e1rv\u00edz M\u0171v\u00e9szeti Iskol\u00e1ban szint\u00e9n egy feh\u00e9rv\u00e1ri el\u0151ad\u00e1s z\u00e1rta.<\/h3>\n<p><a href=\"https:\/\/www.szekesfehervar.hu\/menekultek-megsegitesere-forditjak-az-eloadas-teljes-bevetelet-az-igezoben\" target=\"_blank\" rel=\"noopener\">Schwechtje Mih\u00e1ly \u00d6r\u00f6ks\u00e9g<\/a> c\u00edm\u0171 m\u0171v\u00e9vel. G\u0151b\u00f6l\u00f6s G\u00e1bor f\u0151szervez\u0151 megh\u00edv\u00e1s\u00e1nak \u00f6r\u00f6mmel tett eleget a m\u00e1r t\u00f6bbsz\u00f6r\u00f6s fesztiv\u00e1ld\u00edjas \u00d6r\u00f6ks\u00e9g csoport.<\/p>\n<p>[\/et_pb_text][et_pb_image src=&#8221;\/wp-content\/uploads\/2022\/03\/Valas_Veronaban_Aba.jpg&#8221; title_text=&#8221;Valas_Veronaban_Aba&#8221; align=&#8221;center&#8221; _builder_version=&#8221;4.15.1&#8243; _module_preset=&#8221;default&#8221; global_colors_info=&#8221;{}&#8221;][\/et_pb_image][et_pb_text _builder_version=&#8221;4.15.1&#8243; _module_preset=&#8221;default&#8221; text_font_size=&#8221;18px&#8221; text_line_height=&#8221;1.5em&#8221; global_colors_info=&#8221;{}&#8221;]<\/p>\n<p>A soksz\u00edn\u0171 tal\u00e1lkoz\u00f3n a feh\u00e9rv\u00e1riak magasra tett\u00e9k a l\u00e9cet. A v\u00e1rosunkban foly\u00f3 magas sz\u00ednvonal\u00fa di\u00e1ksz\u00ednj\u00e1tsz\u00e1snak nagy hagyom\u00e1nyai vannak, a ut\u00f3bbi \u00e9vekben is t\u00f6bb ismert sz\u00edn\u00e9sz \u00e9s rendez\u0151 ker\u00fclt ki e m\u0171helyekb\u0151l. Az elm\u00falt \u00e9vekben megismert fiatal arcok k\u00f6z\u00fcl t\u00f6bben a p\u00e1ly\u00e1jukat m\u00e1r diplom\u00e1s m\u0171v\u00e9szk\u00e9nt kezdik, mint <em>B\u00f6rcs\u00f6k Oliv\u00e9r, Ferenczy Nagy Bogi, Gomb\u00f3 Viola Lotti, Schmidt S\u00e1ra, Szer\u00e9my D\u00e1niel<\/em>, valamint a rendez\u0151 szakon nemsok\u00e1ra v\u00e9gz\u0151 <em>Ny\u00e1ri \u00c1d\u00e1m.<\/em><\/p>\n<p>[\/et_pb_text][\/et_pb_column][\/et_pb_row][\/et_pb_section]<\/p>\n","protected":false},"excerpt":{"rendered":"<p>A h\u00e9tv\u00e9g\u00e9n Ab\u00e1n megrendezett Orsz\u00e1gos Di\u00e1ksz\u00ednj\u00e1tsz\u00f3 Tal\u00e1lkoz\u00f3 region\u00e1lis d\u00f6nt\u0151j\u00e9n n\u00e9gy feh\u00e9rv\u00e1ri csoport is versenyzett, \u00e9s mind a n\u00e9gy d\u00edjat is nyert. A Szabad Sz\u00ednh\u00e1z k\u00e9t ut\u00e1np\u00f3tl\u00e1s csoportja \u00f6sszesen kilenc, m\u00edg [&hellip;]<\/p>\n","protected":false},"author":2,"featured_media":5846,"comment_status":"open","ping_status":"open","sticky":false,"template":"","format":"standard","meta":{"_et_pb_use_builder":"on","_et_pb_old_content":"","_et_gb_content_width":"","_price":"","_stock":"","_tribe_ticket_header":"","_tribe_default_ticket_provider":"","_ticket_start_date":"","_ticket_end_date":"","_tribe_ticket_show_description":"","_tribe_ticket_show_not_going":false,"_tribe_ticket_use_global_stock":"","_tribe_ticket_global_stock_level":"","_global_stock_mode":"","_global_stock_cap":"","_tribe_rsvp_for_event":"","_tribe_ticket_going_count":"","_tribe_ticket_not_going_count":"","_tribe_tickets_list":"[]","_tribe_ticket_has_attendee_info_fields":false,"footnotes":""},"categories":[13],"tags":[],"class_list":["post-5684","post","type-post","status-publish","format-standard","has-post-thumbnail","hentry","category-archivum"],"yoast_head":"<!-- This site is optimized with the Yoast SEO plugin v25.0 - https:\/\/yoast.com\/wordpress\/plugins\/seo\/ -->\n<title>TAROLTAK A FEH\u00c9RV\u00c1RIAK AZ ODT REGION\u00c1LIS D\u00d6NT\u0150J\u00c9N - 13 OKLEV\u00c9LLEL T\u00c9RTEK HAZA - Szabad Sz\u00ednh\u00e1z<\/title>\n<meta name=\"robots\" content=\"index, follow, max-snippet:-1, max-image-preview:large, max-video-preview:-1\" \/>\n<link rel=\"canonical\" href=\"https:\/\/www.szabadszinhaz.hu\/en\/taroltak-a-fehervariak-az-odt-regionalis-dontojen-13-oklevellel-tertek-haza\/\" \/>\n<meta property=\"og:locale\" content=\"en_US\" \/>\n<meta property=\"og:type\" content=\"article\" \/>\n<meta property=\"og:title\" content=\"TAROLTAK A FEH\u00c9RV\u00c1RIAK AZ ODT REGION\u00c1LIS D\u00d6NT\u0150J\u00c9N - 13 OKLEV\u00c9LLEL T\u00c9RTEK HAZA - Szabad Sz\u00ednh\u00e1z\" \/>\n<meta property=\"og:description\" content=\"A h\u00e9tv\u00e9g\u00e9n Ab\u00e1n megrendezett Orsz\u00e1gos Di\u00e1ksz\u00ednj\u00e1tsz\u00f3 Tal\u00e1lkoz\u00f3 region\u00e1lis d\u00f6nt\u0151j\u00e9n n\u00e9gy feh\u00e9rv\u00e1ri csoport is versenyzett, \u00e9s mind a n\u00e9gy d\u00edjat is nyert. A Szabad Sz\u00ednh\u00e1z k\u00e9t ut\u00e1np\u00f3tl\u00e1s csoportja \u00f6sszesen kilenc, m\u00edg [&hellip;]\" \/>\n<meta property=\"og:url\" content=\"https:\/\/www.szabadszinhaz.hu\/en\/taroltak-a-fehervariak-az-odt-regionalis-dontojen-13-oklevellel-tertek-haza\/\" \/>\n<meta property=\"og:site_name\" content=\"Szabad Sz\u00ednh\u00e1z\" \/>\n<meta property=\"article:publisher\" content=\"https:\/\/www.facebook.com\/szabadszinhaz\" \/>\n<meta property=\"article:published_time\" content=\"2022-03-20T08:00:27+00:00\" \/>\n<meta property=\"article:modified_time\" content=\"2023-01-24T22:27:12+00:00\" \/>\n<meta property=\"og:image\" content=\"https:\/\/www.szabadszinhaz.hu\/wp-content\/uploads\/2022\/03\/ODT_sikerek.jpg\" \/>\n\t<meta property=\"og:image:width\" content=\"1314\" \/>\n\t<meta property=\"og:image:height\" content=\"845\" \/>\n\t<meta property=\"og:image:type\" content=\"image\/jpeg\" \/>\n<meta name=\"author\" content=\"Torma Tam\u00e1s\" \/>\n<meta name=\"twitter:card\" content=\"summary_large_image\" \/>\n<meta name=\"twitter:label1\" content=\"Written by\" \/>\n\t<meta name=\"twitter:data1\" content=\"Torma Tam\u00e1s\" \/>\n\t<meta name=\"twitter:label2\" content=\"Est. reading time\" \/>\n\t<meta name=\"twitter:data2\" content=\"5 minutes\" \/>\n<script type=\"application\/ld+json\" class=\"yoast-schema-graph\">{\"@context\":\"https:\/\/schema.org\",\"@graph\":[{\"@type\":\"Article\",\"@id\":\"https:\/\/www.szabadszinhaz.hu\/taroltak-a-fehervariak-az-odt-regionalis-dontojen-13-oklevellel-tertek-haza\/#article\",\"isPartOf\":{\"@id\":\"https:\/\/www.szabadszinhaz.hu\/taroltak-a-fehervariak-az-odt-regionalis-dontojen-13-oklevellel-tertek-haza\/\"},\"author\":{\"name\":\"Torma Tam\u00e1s\",\"@id\":\"https:\/\/www.szabadszinhaz.hu\/#\/schema\/person\/f073068e07078a7485de7e4cb9b477f5\"},\"headline\":\"TAROLTAK A FEH\u00c9RV\u00c1RIAK AZ ODT REGION\u00c1LIS D\u00d6NT\u0150J\u00c9N &#8211; 13 OKLEV\u00c9LLEL T\u00c9RTEK HAZA\",\"datePublished\":\"2022-03-20T08:00:27+00:00\",\"dateModified\":\"2023-01-24T22:27:12+00:00\",\"mainEntityOfPage\":{\"@id\":\"https:\/\/www.szabadszinhaz.hu\/taroltak-a-fehervariak-az-odt-regionalis-dontojen-13-oklevellel-tertek-haza\/\"},\"wordCount\":1105,\"commentCount\":0,\"publisher\":{\"@id\":\"https:\/\/www.szabadszinhaz.hu\/#organization\"},\"image\":{\"@id\":\"https:\/\/www.szabadszinhaz.hu\/taroltak-a-fehervariak-az-odt-regionalis-dontojen-13-oklevellel-tertek-haza\/#primaryimage\"},\"thumbnailUrl\":\"https:\/\/www.szabadszinhaz.hu\/wp-content\/uploads\/2022\/03\/ODT_sikerek.jpg\",\"articleSection\":[\"Arch\u00edvum\"],\"inLanguage\":\"en-US\",\"potentialAction\":[{\"@type\":\"CommentAction\",\"name\":\"Comment\",\"target\":[\"https:\/\/www.szabadszinhaz.hu\/taroltak-a-fehervariak-az-odt-regionalis-dontojen-13-oklevellel-tertek-haza\/#respond\"]}]},{\"@type\":\"WebPage\",\"@id\":\"https:\/\/www.szabadszinhaz.hu\/taroltak-a-fehervariak-az-odt-regionalis-dontojen-13-oklevellel-tertek-haza\/\",\"url\":\"https:\/\/www.szabadszinhaz.hu\/taroltak-a-fehervariak-az-odt-regionalis-dontojen-13-oklevellel-tertek-haza\/\",\"name\":\"TAROLTAK A FEH\u00c9RV\u00c1RIAK AZ ODT REGION\u00c1LIS D\u00d6NT\u0150J\u00c9N - 13 OKLEV\u00c9LLEL T\u00c9RTEK HAZA - Szabad Sz\u00ednh\u00e1z\",\"isPartOf\":{\"@id\":\"https:\/\/www.szabadszinhaz.hu\/#website\"},\"primaryImageOfPage\":{\"@id\":\"https:\/\/www.szabadszinhaz.hu\/taroltak-a-fehervariak-az-odt-regionalis-dontojen-13-oklevellel-tertek-haza\/#primaryimage\"},\"image\":{\"@id\":\"https:\/\/www.szabadszinhaz.hu\/taroltak-a-fehervariak-az-odt-regionalis-dontojen-13-oklevellel-tertek-haza\/#primaryimage\"},\"thumbnailUrl\":\"https:\/\/www.szabadszinhaz.hu\/wp-content\/uploads\/2022\/03\/ODT_sikerek.jpg\",\"datePublished\":\"2022-03-20T08:00:27+00:00\",\"dateModified\":\"2023-01-24T22:27:12+00:00\",\"breadcrumb\":{\"@id\":\"https:\/\/www.szabadszinhaz.hu\/taroltak-a-fehervariak-az-odt-regionalis-dontojen-13-oklevellel-tertek-haza\/#breadcrumb\"},\"inLanguage\":\"en-US\",\"potentialAction\":[{\"@type\":\"ReadAction\",\"target\":[\"https:\/\/www.szabadszinhaz.hu\/taroltak-a-fehervariak-az-odt-regionalis-dontojen-13-oklevellel-tertek-haza\/\"]}]},{\"@type\":\"ImageObject\",\"inLanguage\":\"en-US\",\"@id\":\"https:\/\/www.szabadszinhaz.hu\/taroltak-a-fehervariak-az-odt-regionalis-dontojen-13-oklevellel-tertek-haza\/#primaryimage\",\"url\":\"https:\/\/www.szabadszinhaz.hu\/wp-content\/uploads\/2022\/03\/ODT_sikerek.jpg\",\"contentUrl\":\"https:\/\/www.szabadszinhaz.hu\/wp-content\/uploads\/2022\/03\/ODT_sikerek.jpg\",\"width\":1314,\"height\":845},{\"@type\":\"BreadcrumbList\",\"@id\":\"https:\/\/www.szabadszinhaz.hu\/taroltak-a-fehervariak-az-odt-regionalis-dontojen-13-oklevellel-tertek-haza\/#breadcrumb\",\"itemListElement\":[{\"@type\":\"ListItem\",\"position\":1,\"name\":\"Kezd\u0151lap\",\"item\":\"https:\/\/www.szabadszinhaz.hu\/\"},{\"@type\":\"ListItem\",\"position\":2,\"name\":\"TAROLTAK A FEH\u00c9RV\u00c1RIAK AZ ODT REGION\u00c1LIS D\u00d6NT\u0150J\u00c9N &#8211; 13 OKLEV\u00c9LLEL T\u00c9RTEK HAZA\"}]},{\"@type\":\"WebSite\",\"@id\":\"https:\/\/www.szabadszinhaz.hu\/#website\",\"url\":\"https:\/\/www.szabadszinhaz.hu\/\",\"name\":\"Szabad Sz\u00ednh\u00e1z\",\"description\":\"Szabad Sz\u00ednh\u00e1z\",\"publisher\":{\"@id\":\"https:\/\/www.szabadszinhaz.hu\/#organization\"},\"potentialAction\":[{\"@type\":\"SearchAction\",\"target\":{\"@type\":\"EntryPoint\",\"urlTemplate\":\"https:\/\/www.szabadszinhaz.hu\/?s={search_term_string}\"},\"query-input\":{\"@type\":\"PropertyValueSpecification\",\"valueRequired\":true,\"valueName\":\"search_term_string\"}}],\"inLanguage\":\"en-US\"},{\"@type\":\"Organization\",\"@id\":\"https:\/\/www.szabadszinhaz.hu\/#organization\",\"name\":\"Szabad Sz\u00ednh\u00e1z SZ\u00cdN-T\u00c9R Egyes\u00fclet\",\"url\":\"https:\/\/www.szabadszinhaz.hu\/\",\"logo\":{\"@type\":\"ImageObject\",\"inLanguage\":\"en-US\",\"@id\":\"https:\/\/www.szabadszinhaz.hu\/#\/schema\/logo\/image\/\",\"url\":\"https:\/\/www.szabadszinhaz.hu\/wp-content\/uploads\/2025\/01\/images.jpg\",\"contentUrl\":\"https:\/\/www.szabadszinhaz.hu\/wp-content\/uploads\/2025\/01\/images.jpg\",\"width\":178,\"height\":284,\"caption\":\"Szabad Sz\u00ednh\u00e1z SZ\u00cdN-T\u00c9R Egyes\u00fclet\"},\"image\":{\"@id\":\"https:\/\/www.szabadszinhaz.hu\/#\/schema\/logo\/image\/\"},\"sameAs\":[\"https:\/\/www.facebook.com\/szabadszinhaz\"]},{\"@type\":\"Person\",\"@id\":\"https:\/\/www.szabadszinhaz.hu\/#\/schema\/person\/f073068e07078a7485de7e4cb9b477f5\",\"name\":\"Torma Tam\u00e1s\",\"image\":{\"@type\":\"ImageObject\",\"inLanguage\":\"en-US\",\"@id\":\"https:\/\/www.szabadszinhaz.hu\/#\/schema\/person\/image\/\",\"url\":\"https:\/\/secure.gravatar.com\/avatar\/70aab4237fcbdfeefaf6fa1f88503d4ea3023ed33c2ea5b4acebb5baa95f2143?s=96&d=mm&r=g\",\"contentUrl\":\"https:\/\/secure.gravatar.com\/avatar\/70aab4237fcbdfeefaf6fa1f88503d4ea3023ed33c2ea5b4acebb5baa95f2143?s=96&d=mm&r=g\",\"caption\":\"Torma Tam\u00e1s\"},\"url\":\"https:\/\/www.szabadszinhaz.hu\/en\/author\/tormatomi\/\"}]}<\/script>\n<!-- \/ Yoast SEO plugin. -->","yoast_head_json":{"title":"TAROLTAK A FEH\u00c9RV\u00c1RIAK AZ ODT REGION\u00c1LIS D\u00d6NT\u0150J\u00c9N - 13 OKLEV\u00c9LLEL T\u00c9RTEK HAZA - Szabad Sz\u00ednh\u00e1z","robots":{"index":"index","follow":"follow","max-snippet":"max-snippet:-1","max-image-preview":"max-image-preview:large","max-video-preview":"max-video-preview:-1"},"canonical":"https:\/\/www.szabadszinhaz.hu\/en\/taroltak-a-fehervariak-az-odt-regionalis-dontojen-13-oklevellel-tertek-haza\/","og_locale":"en_US","og_type":"article","og_title":"TAROLTAK A FEH\u00c9RV\u00c1RIAK AZ ODT REGION\u00c1LIS D\u00d6NT\u0150J\u00c9N - 13 OKLEV\u00c9LLEL T\u00c9RTEK HAZA - Szabad Sz\u00ednh\u00e1z","og_description":"A h\u00e9tv\u00e9g\u00e9n Ab\u00e1n megrendezett Orsz\u00e1gos Di\u00e1ksz\u00ednj\u00e1tsz\u00f3 Tal\u00e1lkoz\u00f3 region\u00e1lis d\u00f6nt\u0151j\u00e9n n\u00e9gy feh\u00e9rv\u00e1ri csoport is versenyzett, \u00e9s mind a n\u00e9gy d\u00edjat is nyert. A Szabad Sz\u00ednh\u00e1z k\u00e9t ut\u00e1np\u00f3tl\u00e1s csoportja \u00f6sszesen kilenc, m\u00edg [&hellip;]","og_url":"https:\/\/www.szabadszinhaz.hu\/en\/taroltak-a-fehervariak-az-odt-regionalis-dontojen-13-oklevellel-tertek-haza\/","og_site_name":"Szabad Sz\u00ednh\u00e1z","article_publisher":"https:\/\/www.facebook.com\/szabadszinhaz","article_published_time":"2022-03-20T08:00:27+00:00","article_modified_time":"2023-01-24T22:27:12+00:00","og_image":[{"width":1314,"height":845,"url":"https:\/\/www.szabadszinhaz.hu\/wp-content\/uploads\/2022\/03\/ODT_sikerek.jpg","type":"image\/jpeg"}],"author":"Torma Tam\u00e1s","twitter_card":"summary_large_image","twitter_misc":{"Written by":"Torma Tam\u00e1s","Est. reading time":"5 minutes"},"schema":{"@context":"https:\/\/schema.org","@graph":[{"@type":"Article","@id":"https:\/\/www.szabadszinhaz.hu\/taroltak-a-fehervariak-az-odt-regionalis-dontojen-13-oklevellel-tertek-haza\/#article","isPartOf":{"@id":"https:\/\/www.szabadszinhaz.hu\/taroltak-a-fehervariak-az-odt-regionalis-dontojen-13-oklevellel-tertek-haza\/"},"author":{"name":"Torma Tam\u00e1s","@id":"https:\/\/www.szabadszinhaz.hu\/#\/schema\/person\/f073068e07078a7485de7e4cb9b477f5"},"headline":"TAROLTAK A FEH\u00c9RV\u00c1RIAK AZ ODT REGION\u00c1LIS D\u00d6NT\u0150J\u00c9N &#8211; 13 OKLEV\u00c9LLEL T\u00c9RTEK HAZA","datePublished":"2022-03-20T08:00:27+00:00","dateModified":"2023-01-24T22:27:12+00:00","mainEntityOfPage":{"@id":"https:\/\/www.szabadszinhaz.hu\/taroltak-a-fehervariak-az-odt-regionalis-dontojen-13-oklevellel-tertek-haza\/"},"wordCount":1105,"commentCount":0,"publisher":{"@id":"https:\/\/www.szabadszinhaz.hu\/#organization"},"image":{"@id":"https:\/\/www.szabadszinhaz.hu\/taroltak-a-fehervariak-az-odt-regionalis-dontojen-13-oklevellel-tertek-haza\/#primaryimage"},"thumbnailUrl":"https:\/\/www.szabadszinhaz.hu\/wp-content\/uploads\/2022\/03\/ODT_sikerek.jpg","articleSection":["Arch\u00edvum"],"inLanguage":"en-US","potentialAction":[{"@type":"CommentAction","name":"Comment","target":["https:\/\/www.szabadszinhaz.hu\/taroltak-a-fehervariak-az-odt-regionalis-dontojen-13-oklevellel-tertek-haza\/#respond"]}]},{"@type":"WebPage","@id":"https:\/\/www.szabadszinhaz.hu\/taroltak-a-fehervariak-az-odt-regionalis-dontojen-13-oklevellel-tertek-haza\/","url":"https:\/\/www.szabadszinhaz.hu\/taroltak-a-fehervariak-az-odt-regionalis-dontojen-13-oklevellel-tertek-haza\/","name":"TAROLTAK A FEH\u00c9RV\u00c1RIAK AZ ODT REGION\u00c1LIS D\u00d6NT\u0150J\u00c9N - 13 OKLEV\u00c9LLEL T\u00c9RTEK HAZA - Szabad Sz\u00ednh\u00e1z","isPartOf":{"@id":"https:\/\/www.szabadszinhaz.hu\/#website"},"primaryImageOfPage":{"@id":"https:\/\/www.szabadszinhaz.hu\/taroltak-a-fehervariak-az-odt-regionalis-dontojen-13-oklevellel-tertek-haza\/#primaryimage"},"image":{"@id":"https:\/\/www.szabadszinhaz.hu\/taroltak-a-fehervariak-az-odt-regionalis-dontojen-13-oklevellel-tertek-haza\/#primaryimage"},"thumbnailUrl":"https:\/\/www.szabadszinhaz.hu\/wp-content\/uploads\/2022\/03\/ODT_sikerek.jpg","datePublished":"2022-03-20T08:00:27+00:00","dateModified":"2023-01-24T22:27:12+00:00","breadcrumb":{"@id":"https:\/\/www.szabadszinhaz.hu\/taroltak-a-fehervariak-az-odt-regionalis-dontojen-13-oklevellel-tertek-haza\/#breadcrumb"},"inLanguage":"en-US","potentialAction":[{"@type":"ReadAction","target":["https:\/\/www.szabadszinhaz.hu\/taroltak-a-fehervariak-az-odt-regionalis-dontojen-13-oklevellel-tertek-haza\/"]}]},{"@type":"ImageObject","inLanguage":"en-US","@id":"https:\/\/www.szabadszinhaz.hu\/taroltak-a-fehervariak-az-odt-regionalis-dontojen-13-oklevellel-tertek-haza\/#primaryimage","url":"https:\/\/www.szabadszinhaz.hu\/wp-content\/uploads\/2022\/03\/ODT_sikerek.jpg","contentUrl":"https:\/\/www.szabadszinhaz.hu\/wp-content\/uploads\/2022\/03\/ODT_sikerek.jpg","width":1314,"height":845},{"@type":"BreadcrumbList","@id":"https:\/\/www.szabadszinhaz.hu\/taroltak-a-fehervariak-az-odt-regionalis-dontojen-13-oklevellel-tertek-haza\/#breadcrumb","itemListElement":[{"@type":"ListItem","position":1,"name":"Kezd\u0151lap","item":"https:\/\/www.szabadszinhaz.hu\/"},{"@type":"ListItem","position":2,"name":"TAROLTAK A FEH\u00c9RV\u00c1RIAK AZ ODT REGION\u00c1LIS D\u00d6NT\u0150J\u00c9N &#8211; 13 OKLEV\u00c9LLEL T\u00c9RTEK HAZA"}]},{"@type":"WebSite","@id":"https:\/\/www.szabadszinhaz.hu\/#website","url":"https:\/\/www.szabadszinhaz.hu\/","name":"Free Theatre - Szabad Sz\u00ednh\u00e1z","description":"Free Theatre - Szabad Sz\u00ednh\u00e1z","publisher":{"@id":"https:\/\/www.szabadszinhaz.hu\/#organization"},"potentialAction":[{"@type":"SearchAction","target":{"@type":"EntryPoint","urlTemplate":"https:\/\/www.szabadszinhaz.hu\/?s={search_term_string}"},"query-input":{"@type":"PropertyValueSpecification","valueRequired":true,"valueName":"search_term_string"}}],"inLanguage":"en-US"},{"@type":"Organization","@id":"https:\/\/www.szabadszinhaz.hu\/#organization","name":"Szabad Sz\u00ednh\u00e1z SZ\u00cdN-T\u00c9R Egyes\u00fclet","url":"https:\/\/www.szabadszinhaz.hu\/","logo":{"@type":"ImageObject","inLanguage":"en-US","@id":"https:\/\/www.szabadszinhaz.hu\/#\/schema\/logo\/image\/","url":"https:\/\/www.szabadszinhaz.hu\/wp-content\/uploads\/2025\/01\/images.jpg","contentUrl":"https:\/\/www.szabadszinhaz.hu\/wp-content\/uploads\/2025\/01\/images.jpg","width":178,"height":284,"caption":"Szabad Sz\u00ednh\u00e1z SZ\u00cdN-T\u00c9R Egyes\u00fclet"},"image":{"@id":"https:\/\/www.szabadszinhaz.hu\/#\/schema\/logo\/image\/"},"sameAs":["https:\/\/www.facebook.com\/szabadszinhaz"]},{"@type":"Person","@id":"https:\/\/www.szabadszinhaz.hu\/#\/schema\/person\/f073068e07078a7485de7e4cb9b477f5","name":"Torma Tam\u00e1s","image":{"@type":"ImageObject","inLanguage":"en-US","@id":"https:\/\/www.szabadszinhaz.hu\/#\/schema\/person\/image\/","url":"https:\/\/secure.gravatar.com\/avatar\/70aab4237fcbdfeefaf6fa1f88503d4ea3023ed33c2ea5b4acebb5baa95f2143?s=96&d=mm&r=g","contentUrl":"https:\/\/secure.gravatar.com\/avatar\/70aab4237fcbdfeefaf6fa1f88503d4ea3023ed33c2ea5b4acebb5baa95f2143?s=96&d=mm&r=g","caption":"Torma Tam\u00e1s"},"url":"https:\/\/www.szabadszinhaz.hu\/en\/author\/tormatomi\/"}]}},"_links":{"self":[{"href":"https:\/\/www.szabadszinhaz.hu\/en\/wp-json\/wp\/v2\/posts\/5684","targetHints":{"allow":["GET"]}}],"collection":[{"href":"https:\/\/www.szabadszinhaz.hu\/en\/wp-json\/wp\/v2\/posts"}],"about":[{"href":"https:\/\/www.szabadszinhaz.hu\/en\/wp-json\/wp\/v2\/types\/post"}],"author":[{"embeddable":true,"href":"https:\/\/www.szabadszinhaz.hu\/en\/wp-json\/wp\/v2\/users\/2"}],"replies":[{"embeddable":true,"href":"https:\/\/www.szabadszinhaz.hu\/en\/wp-json\/wp\/v2\/comments?post=5684"}],"version-history":[{"count":5,"href":"https:\/\/www.szabadszinhaz.hu\/en\/wp-json\/wp\/v2\/posts\/5684\/revisions"}],"predecessor-version":[{"id":5863,"href":"https:\/\/www.szabadszinhaz.hu\/en\/wp-json\/wp\/v2\/posts\/5684\/revisions\/5863"}],"wp:featuredmedia":[{"embeddable":true,"href":"https:\/\/www.szabadszinhaz.hu\/en\/wp-json\/wp\/v2\/media\/5846"}],"wp:attachment":[{"href":"https:\/\/www.szabadszinhaz.hu\/en\/wp-json\/wp\/v2\/media?parent=5684"}],"wp:term":[{"taxonomy":"category","embeddable":true,"href":"https:\/\/www.szabadszinhaz.hu\/en\/wp-json\/wp\/v2\/categories?post=5684"},{"taxonomy":"post_tag","embeddable":true,"href":"https:\/\/www.szabadszinhaz.hu\/en\/wp-json\/wp\/v2\/tags?post=5684"}],"curies":[{"name":"wp","href":"https:\/\/api.w.org\/{rel}","templated":true}]}}