{"id":3297,"date":"2021-03-17T18:08:46","date_gmt":"2021-03-17T17:08:46","guid":{"rendered":"http:\/\/www.szabadszinhaz.hu\/?p=3297"},"modified":"2022-03-29T09:11:45","modified_gmt":"2022-03-29T07:11:45","slug":"szabad-on-2","status":"publish","type":"post","link":"https:\/\/www.szabadszinhaz.hu\/en\/szabad-on-2\/","title":{"rendered":"Szabad-ON"},"content":{"rendered":"<figure class=\"wp-block-image size-large\"><img decoding=\"async\" src=\"\/wp-content\/uploads\/2020\/11\/Szabad_on_levagott-6-1024x199.png\" alt=\"\" class=\"wp-image-3105\"\/><\/figure>\n\n\n\n<p class=\"has-text-align-center has-large-font-size\">A Szabad Sz\u00ednh\u00e1z el\u0151ad\u00e1sait megtekintheti on-line!<\/p>\n\n\n\n<figure class=\"wp-block-image size-large\"><a href=\"https:\/\/nezdotthon.hu\/\"><img decoding=\"async\" src=\"\/wp-content\/uploads\/2021\/03\/nezdlogo-1024x1024.png\" alt=\"\" class=\"wp-image-3289\"\/><\/a><\/figure>\n\n\n\n<p class=\"has-text-align-center\">N\u00e9zze a Szabad Sz\u00ednh\u00e1z el\u0151ad\u00e1sait b\u00e1rmikor. Szeretn\u00e9nk ezzel is tartani a kapcsolatot a Szabad Sz\u00ednh\u00e1z n\u00e9z\u0151ivel, illetve megteremteni a lehet\u0151s\u00e9get azoknak, akik m\u00e9g nem l\u00e1tt\u00e1k, de sz\u00edvesen megn\u00e9zn\u00e9k ezeket az el\u0151ad\u00e1sokat.<\/p>\n\n\n\n<p class=\"has-text-align-center has-large-font-size\">Ticket purchase:<\/p>\n\n\n\n<figure class=\"wp-block-image size-large\"><a href=\"https:\/\/szabadszinhaz.jegyx1.hu\/esemeny\/1176\/panik\/%C3%81lland%C3%B3\"><img decoding=\"async\" src=\"\/wp-content\/uploads\/2020\/11\/panik-plaka_URES-724x1024.png\" alt=\"\" class=\"wp-image-2906\"\/><\/a><\/figure>\n\n\n\n<p class=\"has-text-align-center\">F\u00e9rfiak az ideg\u00f6sszeoml\u00e1s sz\u00e9l\u00e9n&#8230; Arr\u00f3l sz\u00f3l, hogyan reag\u00e1lnak az er\u0151s f\u00e9rfiak a h\u00e9tk\u00f6znapok kih\u00edv\u00e1saira&#8230; A P\u00e1nik c\u00edm\u0171 fekete kom\u00e9di\u00e1t a K\u00e1osz c\u00edm\u0171 el\u0151ad\u00e1sunkhoz hasonl\u00f3an csak 18 \u00e9ven fel\u00fclieknek aj\u00e1nljuk!!<\/p>\n\n\n\n<p class=\"has-text-align-center\">And be warned: we DO NOT RECOMMEND on a first date!!!&nbsp;<\/p>\n\n\n\n<p class=\"has-text-align-center\">Cast of characters<br>Max, graphic designer: Mih\u00e1ly Balogh<br>Leo, engineer: M\u00e1t\u00e9 Kov\u00e1cs<br>Joni, television presenter : Bence Szab\u00f3 Mikl\u00f3s<br>They are between 35 and 40 years old.<br>Directed by: Judit Nagy<\/p>\n\n\n\n<figure class=\"wp-block-image size-large\"><a href=\"https:\/\/szabadszinhaz.jegyx1.hu\/esemeny\/1182\/a-harom-erdodi\/%C3%81lland%C3%B3\"><img decoding=\"async\" src=\"\/wp-content\/uploads\/2020\/11\/854E07BE-BDD2-4E30-96BA-C3FB63561030-1024x700.jpeg\" alt=\"\" class=\"wp-image-3035\"\/><\/a><\/figure>\n\n\n\n<p>P\u00e9ter Urb\u00e1n is a contemporary writer, member of the Hungarian Writers' Association, litterateur. His writings have been published in a separate volume, in the Hungarian Journal and in the supplement of the daily newspaper El\u0151retolt hely\u0151rs\u00e9g. His 1956-themed chamber drama The Three Erd\u0151di was one of the first to be read by Judit Nagy, director of the Free Theatre. This play is a well-proportioned paraphrase of the family theme of the 48\/49 War of Independence (J\u00f3kai M\u00f3r: K\u0151sz\u00edv\u0171 ember fiai), transposed to the events of 1956 in a dramatically clear form. The author presents the personal and intertwined story of three generations within a single family, and the tragedy of a whole nation.<\/p>\n\n\n\n<p>The Three Erd\u0151di is a performance that uses art to convey the national, family and personal tragedies of 1956. The fact that the characters in the performance come from three generations makes it all the more suitable for experiencing personal catharsis for different age groups. Thus, an older person, a middle-aged person or a student can \"experience\" the story as a personal drama. Both physically and through the mental closeness created by the acting, the work's message, which is suitable for further reflection, helps everyone to experience the national holiday in a spiritual way.<\/p>\n\n\n\n<figure class=\"wp-block-image size-large\"><a href=\"https:\/\/szabadszinhaz.jegyx1.hu\/esemeny\/1259\/kaliforniai-alom\/%C3%81lland%C3%B3\"><img decoding=\"async\" src=\"\/wp-content\/uploads\/2021\/03\/33436580_1793310114062854_7154566120928706560_o-724x1024.jpg\" alt=\"\" class=\"wp-image-3285\"\/><\/a><\/figure>\n\n\n\n<p class=\"has-text-align-center\">It is given a Company. \" very big. An international, very big company, that's all. If anyone asks you about the Company, you say this! Do I make myself clear? A very big international company. Capeesh?<br>\u00c9rtem!&#8230;\u201d<\/p>\n\n\n\n<p class=\"has-text-align-center\">...And then I don't get it... because it turns out that it's not that big, and it's not international.... And then it turns out that \"the job sucks, and the pay is so bad that it's not even enough for two beers....and then the \"I get it\" thing... at least don't talk to us like that, okay? Cause I'm gonna get really pissed off, okay?\"<\/p>\n\n\n\n<p class=\"has-text-align-center\">Cast of characters<br><br>J\u00e1nos: <br>Szupervizor, negyven\u00f6t\u00f6s j\u00f3l szitu\u00e1lt, nem t\u00fal okos f\u00e9rfi &#8211; Balogh Mih\u00e1ly<br><br>Bence: <br>Dicsp\u00e9cser, harmincas boh\u00e9m, cinikus, lecs\u00faszott \u00fajs\u00e1g\u00edr\u00f3 &#8211; Szab\u00f3 Mikl\u00f3s Bence<br><br>Pali: <br>Diszp\u00e9cser, \u00f6tvenes frusztr\u00e1lt f\u00e9rfi &#8211; Szab\u00f3 Mikl\u00f3s<br><br>Andika:<br>Dicsp\u00e9cser, perif\u00e9ri\u00e1ra cs\u00faszott fiatal \u00e9nekesn\u0151 &#8211; Paulik Anna<br><br>Theri: <br>Kortalan n\u0151 &#8211; K\u00f6vesi T\u00fcnde<br><br>Mari: <br>Szuperv\u00e1jzor, befesz\u00fclt negyvenes, kem\u00e9nykez\u0171 f\u0151n\u00f6kn\u0151 &#8211; Nagy Judit<br><br>Man<br>Kov\u00e1cs M\u00e1t\u00e9.<\/p>\n\n\n\n<p class=\"has-text-align-center\">Directed by: Judit Nagy<\/p>\n\n\n\n<p class=\"has-text-align-center\">Music <br>The Mamas &amp; The Papas' California Dreaming, and covers<\/p>\n\n\n\n<p class=\"has-text-align-center\">The show is recommended for over 18s!<\/p>\n\n\n\n<p class=\"has-text-align-center\"><br>El\u0151ad\u00e1sok,jegy\u00e1rak\u00a0<a href=\"https:\/\/szabadszinhaz.jegyx1.hu\" class=\"aioseop-link\">https:\/\/szabadszinhaz.jegyx1.hu<\/a>\u00a0<\/p>\n\n\n\n<p class=\"has-text-color has-text-align-center has-vivid-red-color\">Az el\u0151ad\u00e1s a&nbsp;<a rel=\"noreferrer noopener\" href=\"https:\/\/nezdotthon.hu\/\" target=\"_blank\" class=\"aioseop-link\"><strong>NezdOtthon.HU<\/strong><\/a>&nbsp;oldalon tekinthet\u0151 meg a plak\u00e1t f\u00f6l\u00e9 navig\u00e1lva, majd a Bel\u00e9p\u00e9s gombra kattintva.&nbsp;<br>Bel\u00e9p\u00e9shez haszn\u00e1lja a visszaigazol\u00f3 e-mailben tal\u00e1lhat\u00f3 egyedi azonos\u00edt\u00f3t, amely&nbsp;a t\u00e1bl\u00e1zat K\u00d3D oszlop\u00e1ban, illetve a jegyen a QR k\u00f3d alatt&nbsp;olvashat.<\/p>","protected":false},"excerpt":{"rendered":"<p>A Szabad Sz\u00ednh\u00e1z el\u0151ad\u00e1sait megtekintheti on-line! N\u00e9zze a Szabad Sz\u00ednh\u00e1z el\u0151ad\u00e1sait b\u00e1rmikor. Szeretn\u00e9nk ezzel is tartani a kapcsolatot a Szabad Sz\u00ednh\u00e1z n\u00e9z\u0151ivel, illetve megteremteni a lehet\u0151s\u00e9get azoknak, akik m\u00e9g nem [&hellip;]<\/p>\n","protected":false},"author":2,"featured_media":0,"comment_status":"open","ping_status":"closed","sticky":false,"template":"","format":"standard","meta":{"_et_pb_use_builder":"on","_et_pb_old_content":"<!-- wp:image {\"id\":3105,\"sizeSlug\":\"large\"} -->\r\n<figure class=\"wp-block-image size-large\"><img src=\"http:\/\/www.szabadszinhaz.hu\/wp-content\/uploads\/2020\/11\/Szabad_on_levagott-6-1024x199.png\" alt=\"\" class=\"wp-image-3105\"\/><\/figure>\r\n<!-- \/wp:image -->\r\n\r\n<!-- wp:paragraph {\"align\":\"center\",\"fontSize\":\"large\"} -->\r\n<p class=\"has-text-align-center has-large-font-size\">A Szabad Sz\u00ednh\u00e1z el\u0151ad\u00e1sait megtekintheti on-line!<\/p>\r\n<!-- \/wp:paragraph -->\r\n\r\n<!-- wp:image {\"id\":3289,\"sizeSlug\":\"large\"} -->\r\n<figure class=\"wp-block-image size-large\"><a href=\"https:\/\/nezdotthon.hu\/\"><img src=\"http:\/\/www.szabadszinhaz.hu\/wp-content\/uploads\/2021\/03\/nezdlogo-1024x1024.png\" alt=\"\" class=\"wp-image-3289\"\/><\/a><\/figure>\r\n<!-- \/wp:image -->\r\n\r\n<!-- wp:paragraph {\"align\":\"center\"} -->\r\n<p class=\"has-text-align-center\">N\u00e9zze a Szabad Sz\u00ednh\u00e1z el\u0151ad\u00e1sait b\u00e1rmikor. Szeretn\u00e9nk ezzel is tartani a kapcsolatot a Szabad Sz\u00ednh\u00e1z n\u00e9z\u0151ivel, illetve megteremteni a lehet\u0151s\u00e9get azoknak, akik m\u00e9g nem l\u00e1tt\u00e1k, de sz\u00edvesen megn\u00e9zn\u00e9k ezeket az el\u0151ad\u00e1sokat.<\/p>\r\n<!-- \/wp:paragraph -->\r\n\r\n<!-- wp:paragraph {\"align\":\"center\",\"fontSize\":\"large\"} -->\r\n<p class=\"has-text-align-center has-large-font-size\">Jegyv\u00e1s\u00e1rl\u00e1s:<\/p>\r\n<!-- \/wp:paragraph -->\r\n\r\n<!-- wp:image {\"id\":2906,\"sizeSlug\":\"large\"} -->\r\n<figure class=\"wp-block-image size-large\"><a href=\"https:\/\/szabadszinhaz.jegyx1.hu\/esemeny\/1176\/panik\/%C3%81lland%C3%B3\"><img src=\"http:\/\/www.szabadszinhaz.hu\/wp-content\/uploads\/2020\/11\/panik-plaka_URES-724x1024.png\" alt=\"\" class=\"wp-image-2906\"\/><\/a><\/figure>\r\n<!-- \/wp:image -->\r\n\r\n<!-- wp:paragraph {\"align\":\"center\"} -->\r\n<p class=\"has-text-align-center\">F\u00e9rfiak az ideg\u00f6sszeoml\u00e1s sz\u00e9l\u00e9n... Arr\u00f3l sz\u00f3l, hogyan reag\u00e1lnak az er\u0151s f\u00e9rfiak a h\u00e9tk\u00f6znapok kih\u00edv\u00e1saira... A P\u00e1nik c\u00edm\u0171 fekete kom\u00e9di\u00e1t a K\u00e1osz c\u00edm\u0171 el\u0151ad\u00e1sunkhoz hasonl\u00f3an csak 18 \u00e9ven fel\u00fclieknek aj\u00e1nljuk!!<\/p>\r\n<!-- \/wp:paragraph -->\r\n\r\n<!-- wp:paragraph {\"align\":\"center\"} -->\r\n<p class=\"has-text-align-center\">\u00c9s el\u0151re sz\u00f3lunk: Els\u0151 randira NEM AJ\u00c1NLJUK!!!\u00a0<\/p>\r\n<!-- \/wp:paragraph -->\r\n\r\n<!-- wp:paragraph {\"align\":\"center\"} -->\r\n<p class=\"has-text-align-center\">Szerepl\u0151k<br>Max, tervez\u0151grafikus: Balogh Mih\u00e1ly<br>Le\u00f3, m\u00e9rn\u00f6k: Kov\u00e1cs M\u00e1t\u00e9<br>Joni, telev\u00edzi\u00f3s m\u0171sorvezet\u0151 : Szab\u00f3 Mikl\u00f3s Bence<br>Koruk 35-40 \u00e9v k\u00f6z\u00f6tt.<br>Rendezte: Nagy Judit<\/p>\r\n<!-- \/wp:paragraph -->\r\n\r\n<!-- wp:image {\"id\":3035,\"sizeSlug\":\"large\"} -->\r\n<figure class=\"wp-block-image size-large\"><a href=\"https:\/\/szabadszinhaz.jegyx1.hu\/esemeny\/1182\/a-harom-erdodi\/%C3%81lland%C3%B3\"><img src=\"http:\/\/www.szabadszinhaz.hu\/wp-content\/uploads\/2020\/11\/854E07BE-BDD2-4E30-96BA-C3FB63561030-1024x700.jpeg\" alt=\"\" class=\"wp-image-3035\"\/><\/a><\/figure>\r\n<!-- \/wp:image -->\r\n\r\n<!-- wp:paragraph -->\r\n<p>Urb\u00e1n P\u00e9ter kort\u00e1rs \u00edr\u00f3, a Magyar \u00cdr\u00f3sz\u00f6vets\u00e9g tagja, irodalm\u00e1r. \u00cdr\u00e1sai \u00f6n\u00e1ll\u00f3 k\u00f6tetben, illetve a Magyar Napl\u00f3ban, valamint az El\u0151retolt hely\u0151rs\u00e9g c\u00edm\u0171 napilap mell\u00e9kletben is megjelentek. A h\u00e1rom Erd\u0151di c\u00edm\u0171 1956-os t\u00e9m\u00e1j\u00fa kamaradr\u00e1m\u00e1j\u00e1t az els\u0151k k\u00f6z\u00f6tt olvashatta a Szabad Sz\u00ednh\u00e1z rendez\u0151je, Nagy Judit. Ez a darab a 48\/49-es szabads\u00e1gharc (J\u00f3kai K\u0151sz\u00edv\u0171 ember fiai) csal\u00e1di t\u00e9m\u00e1j\u00e1nak j\u00f3 ar\u00e1ny\u00e9rz\u00e9k\u0171, 1956-os esem\u00e9nyekre \u00e1t\u00fcltetett, dr\u00e1mailag letisztult form\u00e1j\u00fa parafr\u00e1zisa. A szerz\u0151 egy csal\u00e1don bel\u00fcl h\u00e1rom gener\u00e1ci\u00f3 szem\u00e9lyes, \u00e9s \u00f6sszefon\u00f3d\u00f3 t\u00f6rt\u00e9net\u00e9ben l\u00e1ttatja egy eg\u00e9sz nemzet sorstrag\u00e9di\u00e1j\u00e1t.<\/p>\r\n<!-- \/wp:paragraph -->\r\n\r\n<!-- wp:paragraph -->\r\n<p>A h\u00e1rom Erd\u0151di c\u00edm\u0171 el\u0151ad\u00e1s alkalmas arra, hogy a m\u0171v\u00e9szet eszk\u00f6zeivel k\u00f6zvet\u00edtse 1956 nemzeti, csal\u00e1di \u00e9s szem\u00e9lyes trag\u00e9di\u00e1it. Mivel az el\u0151ad\u00e1s szerepl\u0151i h\u00e1rom gener\u00e1ci\u00f3b\u00f3l ker\u00fclnek ki, m\u00e9g ink\u00e1bb alkalmas a szem\u00e9lyes katarzisok \u00e1t\u00e9l\u00e9s\u00e9re a k\u00fcl\u00f6nb\u00f6z\u0151 koroszt\u00e1lyok sz\u00e1m\u00e1ra is. \u00cdgy ak\u00e1r egy id\u0151sebb, ak\u00e1r egy k\u00f6z\u00e9pkor\u00fa, ak\u00e1r egy di\u00e1k is szem\u00e9lyes dr\u00e1mak\u00e9nt \u201e\u00e9lheti meg\u201d az el\u0151ad\u00e1s t\u00f6rt\u00e9net\u00e9t. Egyszerre fizikai, \u00e9s a sz\u00edn\u00e9szi j\u00e1t\u00e9kkal teremtett ment\u00e1lis k\u00f6zels\u00e9gben a m\u0171 tov\u00e1bb gondol\u00e1sra alkalmas \u00fczenete mindenki sz\u00e1m\u00e1ra seg\u00edti a nemzeti \u00fcnnep lelki meg\u00e9l\u00e9s\u00e9t.<\/p>\r\n<!-- \/wp:paragraph -->\r\n\r\n<!-- wp:image {\"id\":3285,\"sizeSlug\":\"large\"} -->\r\n<figure class=\"wp-block-image size-large\"><a href=\"https:\/\/szabadszinhaz.jegyx1.hu\/esemeny\/1259\/kaliforniai-alom\/%C3%81lland%C3%B3\"><img src=\"http:\/\/www.szabadszinhaz.hu\/wp-content\/uploads\/2021\/03\/33436580_1793310114062854_7154566120928706560_o-724x1024.jpg\" alt=\"\" class=\"wp-image-3285\"\/><\/a><\/figure>\r\n<!-- \/wp:image -->\r\n\r\n<!-- wp:paragraph {\"align\":\"center\"} -->\r\n<p class=\"has-text-align-center\">Adott egy C\u00e9g. \u201e Nagyon nagy. Nemzet\u00ack\u00f6zi, nagyon nagy c\u00e9g, ennyi. Ha b\u00e1rki a C\u00e9gr\u0151l k\u00e9rdez, ezt mondod! \u00c9rtem? Egy nagyon nagy nemzetk\u00f6zi c\u00e9g. \u00c9rtem?<br>\u00c9rtem!...\u201d<\/p>\r\n<!-- \/wp:paragraph -->\r\n\r\n<!-- wp:paragraph {\"align\":\"center\"} -->\r\n<p class=\"has-text-align-center\">\u2026Azt\u00e1n m\u00e9gsem \u00e9rtem\u2026 mert kider\u00fcl, hogy nem is annyira nagy, meg nem is nemzetk\u00f6zi\u2026. Azt\u00e1n kider\u00fcl az is, hogy \u201et\u00f6k g\u00e1z a mel\u00f3, meg m\u00e9g a zs\u00e9, is k\u00e1b\u00e9 annyi, hogy k\u00e9t s\u00f6rre se el\u00e9g\u2026.azt\u00e1n meg j\u00f6n ez az \u201e\u00e9rtem\u201d-ez\u00e9s\u2026 legal\u00e1bb ne besz\u00e9ln\u00e9nek \u00edgy vel\u00fcnk, ok\u00e9? Mert nagyon fel fogom h\u00fazni magam, ok\u00e9?\u201d<\/p>\r\n<!-- \/wp:paragraph -->\r\n\r\n<!-- wp:paragraph {\"align\":\"center\"} -->\r\n<p class=\"has-text-align-center\">Szereposzt\u00e1s:<br><br>J\u00e1nos: <br>Szupervizor, negyven\u00f6t\u00f6s j\u00f3l szitu\u00e1lt, nem t\u00fal okos f\u00e9rfi - Balogh Mih\u00e1ly<br><br>Bence: <br>Dicsp\u00e9cser, harmincas boh\u00e9m, cinikus, lecs\u00faszott \u00fajs\u00e1g\u00edr\u00f3 - Szab\u00f3 Mikl\u00f3s Bence<br><br>Pali: <br>Diszp\u00e9cser, \u00f6tvenes frusztr\u00e1lt f\u00e9rfi - Szab\u00f3 Mikl\u00f3s<br><br>Andika:<br>Dicsp\u00e9cser, perif\u00e9ri\u00e1ra cs\u00faszott fiatal \u00e9nekesn\u0151 - Paulik Anna<br><br>Theri: <br>Kortalan n\u0151 - K\u00f6vesi T\u00fcnde<br><br>Mari: <br>Szuperv\u00e1jzor, befesz\u00fclt negyvenes, kem\u00e9nykez\u0171 f\u0151n\u00f6kn\u0151 - Nagy Judit<br><br>F\u00e9rfi:<br>Kov\u00e1cs M\u00e1t\u00e9.<\/p>\r\n<!-- \/wp:paragraph -->\r\n\r\n<!-- wp:paragraph {\"align\":\"center\"} -->\r\n<p class=\"has-text-align-center\">Rendezte: Nagy Judit<\/p>\r\n<!-- \/wp:paragraph -->\r\n\r\n<!-- wp:paragraph {\"align\":\"center\"} -->\r\n<p class=\"has-text-align-center\">Zene: <br>The Mamas & The Papas California Dreaming c\u00edm\u0171 dala, \u00e9s annak feldolgoz\u00e1sai<\/p>\r\n<!-- \/wp:paragraph -->\r\n\r\n<!-- wp:paragraph {\"align\":\"center\"} -->\r\n<p class=\"has-text-align-center\">Az el\u0151ad\u00e1s 18 \u00e9ven fel\u00fclieknek aj\u00e1nlott!<\/p>\r\n<!-- \/wp:paragraph -->\r\n\r\n<!-- wp:paragraph {\"align\":\"center\"} -->\r\n<p class=\"has-text-align-center\"><br>El\u0151ad\u00e1sok,jegy\u00e1rak\u00a0<a href=\"https:\/\/szabadszinhaz.jegyx1.hu\" class=\"aioseop-link\">https:\/\/szabadszinhaz.jegyx1.hu<\/a>\u00a0<\/p>\r\n<!-- \/wp:paragraph -->\r\n\r\n<!-- wp:paragraph {\"align\":\"center\",\"textColor\":\"vivid-red\"} -->\r\n<p class=\"has-text-color has-text-align-center has-vivid-red-color\">Az el\u0151ad\u00e1s a\u00a0<a rel=\"noreferrer noopener\" href=\"https:\/\/nezdotthon.hu\/\" target=\"_blank\" class=\"aioseop-link\"><strong>NezdOtthon.HU<\/strong><\/a>\u00a0oldalon tekinthet\u0151 meg a plak\u00e1t f\u00f6l\u00e9 navig\u00e1lva, majd a Bel\u00e9p\u00e9s gombra kattintva.\u00a0<br>Bel\u00e9p\u00e9shez haszn\u00e1lja a visszaigazol\u00f3 e-mailben tal\u00e1lhat\u00f3 egyedi azonos\u00edt\u00f3t, amely\u00a0a t\u00e1bl\u00e1zat K\u00d3D oszlop\u00e1ban, illetve a jegyen a QR k\u00f3d alatt\u00a0olvashat.<\/p>\r\n<!-- \/wp:paragraph -->","_et_gb_content_width":"","_price":"","_stock":"","_tribe_ticket_header":"","_tribe_default_ticket_provider":"","_ticket_start_date":"","_ticket_end_date":"","_tribe_ticket_show_description":"","_tribe_ticket_show_not_going":false,"_tribe_ticket_use_global_stock":"","_tribe_ticket_global_stock_level":"","_global_stock_mode":"","_global_stock_cap":"","_tribe_rsvp_for_event":"","_tribe_ticket_going_count":"","_tribe_ticket_not_going_count":"","_tribe_tickets_list":"[]","_tribe_ticket_has_attendee_info_fields":false,"footnotes":""},"categories":[13,1],"tags":[],"class_list":["post-3297","post","type-post","status-publish","format-standard","hentry","category-archivum","category-egyeb"],"yoast_head":"<!-- This site is optimized with the Yoast SEO plugin v25.0 - https:\/\/yoast.com\/wordpress\/plugins\/seo\/ -->\n<title>Szabad-ON - Szabad Sz\u00ednh\u00e1z<\/title>\n<meta name=\"robots\" content=\"index, follow, max-snippet:-1, max-image-preview:large, max-video-preview:-1\" \/>\n<link rel=\"canonical\" href=\"https:\/\/www.szabadszinhaz.hu\/en\/szabad-on-2\/\" \/>\n<meta property=\"og:locale\" content=\"en_US\" \/>\n<meta property=\"og:type\" content=\"article\" \/>\n<meta property=\"og:title\" content=\"Szabad-ON - Szabad Sz\u00ednh\u00e1z\" \/>\n<meta property=\"og:description\" content=\"A Szabad Sz\u00ednh\u00e1z el\u0151ad\u00e1sait megtekintheti on-line! N\u00e9zze a Szabad Sz\u00ednh\u00e1z el\u0151ad\u00e1sait b\u00e1rmikor. Szeretn\u00e9nk ezzel is tartani a kapcsolatot a Szabad Sz\u00ednh\u00e1z n\u00e9z\u0151ivel, illetve megteremteni a lehet\u0151s\u00e9get azoknak, akik m\u00e9g nem [&hellip;]\" \/>\n<meta property=\"og:url\" content=\"https:\/\/www.szabadszinhaz.hu\/en\/szabad-on-2\/\" \/>\n<meta property=\"og:site_name\" content=\"Szabad Sz\u00ednh\u00e1z\" \/>\n<meta property=\"article:publisher\" content=\"https:\/\/www.facebook.com\/szabadszinhaz\" \/>\n<meta property=\"article:published_time\" content=\"2021-03-17T17:08:46+00:00\" \/>\n<meta property=\"article:modified_time\" content=\"2022-03-29T07:11:45+00:00\" \/>\n<meta name=\"author\" content=\"Torma Tam\u00e1s\" \/>\n<meta name=\"twitter:card\" content=\"summary_large_image\" \/>\n<meta name=\"twitter:label1\" content=\"Written by\" \/>\n\t<meta name=\"twitter:data1\" content=\"Torma Tam\u00e1s\" \/>\n\t<meta name=\"twitter:label2\" content=\"Est. reading time\" \/>\n\t<meta name=\"twitter:data2\" content=\"4 minutes\" \/>\n<script type=\"application\/ld+json\" class=\"yoast-schema-graph\">{\"@context\":\"https:\/\/schema.org\",\"@graph\":[{\"@type\":\"Article\",\"@id\":\"https:\/\/www.szabadszinhaz.hu\/szabad-on-2\/#article\",\"isPartOf\":{\"@id\":\"https:\/\/www.szabadszinhaz.hu\/szabad-on-2\/\"},\"author\":{\"name\":\"Torma Tam\u00e1s\",\"@id\":\"https:\/\/www.szabadszinhaz.hu\/#\/schema\/person\/f073068e07078a7485de7e4cb9b477f5\"},\"headline\":\"Szabad-ON\",\"datePublished\":\"2021-03-17T17:08:46+00:00\",\"dateModified\":\"2022-03-29T07:11:45+00:00\",\"mainEntityOfPage\":{\"@id\":\"https:\/\/www.szabadszinhaz.hu\/szabad-on-2\/\"},\"wordCount\":744,\"commentCount\":0,\"publisher\":{\"@id\":\"https:\/\/www.szabadszinhaz.hu\/#organization\"},\"articleSection\":[\"Arch\u00edvum\",\"Egy\u00e9b kateg\u00f3ria\"],\"inLanguage\":\"en-US\",\"potentialAction\":[{\"@type\":\"CommentAction\",\"name\":\"Comment\",\"target\":[\"https:\/\/www.szabadszinhaz.hu\/szabad-on-2\/#respond\"]}]},{\"@type\":\"WebPage\",\"@id\":\"https:\/\/www.szabadszinhaz.hu\/szabad-on-2\/\",\"url\":\"https:\/\/www.szabadszinhaz.hu\/szabad-on-2\/\",\"name\":\"Szabad-ON - Szabad Sz\u00ednh\u00e1z\",\"isPartOf\":{\"@id\":\"https:\/\/www.szabadszinhaz.hu\/#website\"},\"datePublished\":\"2021-03-17T17:08:46+00:00\",\"dateModified\":\"2022-03-29T07:11:45+00:00\",\"breadcrumb\":{\"@id\":\"https:\/\/www.szabadszinhaz.hu\/szabad-on-2\/#breadcrumb\"},\"inLanguage\":\"en-US\",\"potentialAction\":[{\"@type\":\"ReadAction\",\"target\":[\"https:\/\/www.szabadszinhaz.hu\/szabad-on-2\/\"]}]},{\"@type\":\"BreadcrumbList\",\"@id\":\"https:\/\/www.szabadszinhaz.hu\/szabad-on-2\/#breadcrumb\",\"itemListElement\":[{\"@type\":\"ListItem\",\"position\":1,\"name\":\"Kezd\u0151lap\",\"item\":\"https:\/\/www.szabadszinhaz.hu\/\"},{\"@type\":\"ListItem\",\"position\":2,\"name\":\"Szabad-ON\"}]},{\"@type\":\"WebSite\",\"@id\":\"https:\/\/www.szabadszinhaz.hu\/#website\",\"url\":\"https:\/\/www.szabadszinhaz.hu\/\",\"name\":\"Szabad Sz\u00ednh\u00e1z\",\"description\":\"Szabad Sz\u00ednh\u00e1z\",\"publisher\":{\"@id\":\"https:\/\/www.szabadszinhaz.hu\/#organization\"},\"potentialAction\":[{\"@type\":\"SearchAction\",\"target\":{\"@type\":\"EntryPoint\",\"urlTemplate\":\"https:\/\/www.szabadszinhaz.hu\/?s={search_term_string}\"},\"query-input\":{\"@type\":\"PropertyValueSpecification\",\"valueRequired\":true,\"valueName\":\"search_term_string\"}}],\"inLanguage\":\"en-US\"},{\"@type\":\"Organization\",\"@id\":\"https:\/\/www.szabadszinhaz.hu\/#organization\",\"name\":\"Szabad Sz\u00ednh\u00e1z SZ\u00cdN-T\u00c9R Egyes\u00fclet\",\"url\":\"https:\/\/www.szabadszinhaz.hu\/\",\"logo\":{\"@type\":\"ImageObject\",\"inLanguage\":\"en-US\",\"@id\":\"https:\/\/www.szabadszinhaz.hu\/#\/schema\/logo\/image\/\",\"url\":\"https:\/\/www.szabadszinhaz.hu\/wp-content\/uploads\/2025\/01\/images.jpg\",\"contentUrl\":\"https:\/\/www.szabadszinhaz.hu\/wp-content\/uploads\/2025\/01\/images.jpg\",\"width\":178,\"height\":284,\"caption\":\"Szabad Sz\u00ednh\u00e1z SZ\u00cdN-T\u00c9R Egyes\u00fclet\"},\"image\":{\"@id\":\"https:\/\/www.szabadszinhaz.hu\/#\/schema\/logo\/image\/\"},\"sameAs\":[\"https:\/\/www.facebook.com\/szabadszinhaz\"]},{\"@type\":\"Person\",\"@id\":\"https:\/\/www.szabadszinhaz.hu\/#\/schema\/person\/f073068e07078a7485de7e4cb9b477f5\",\"name\":\"Torma Tam\u00e1s\",\"image\":{\"@type\":\"ImageObject\",\"inLanguage\":\"en-US\",\"@id\":\"https:\/\/www.szabadszinhaz.hu\/#\/schema\/person\/image\/\",\"url\":\"https:\/\/secure.gravatar.com\/avatar\/70aab4237fcbdfeefaf6fa1f88503d4ea3023ed33c2ea5b4acebb5baa95f2143?s=96&d=mm&r=g\",\"contentUrl\":\"https:\/\/secure.gravatar.com\/avatar\/70aab4237fcbdfeefaf6fa1f88503d4ea3023ed33c2ea5b4acebb5baa95f2143?s=96&d=mm&r=g\",\"caption\":\"Torma Tam\u00e1s\"},\"url\":\"https:\/\/www.szabadszinhaz.hu\/en\/author\/tormatomi\/\"}]}<\/script>\n<!-- \/ Yoast SEO plugin. -->","yoast_head_json":{"title":"Szabad-ON - Szabad Sz\u00ednh\u00e1z","robots":{"index":"index","follow":"follow","max-snippet":"max-snippet:-1","max-image-preview":"max-image-preview:large","max-video-preview":"max-video-preview:-1"},"canonical":"https:\/\/www.szabadszinhaz.hu\/en\/szabad-on-2\/","og_locale":"en_US","og_type":"article","og_title":"Szabad-ON - Szabad Sz\u00ednh\u00e1z","og_description":"A Szabad Sz\u00ednh\u00e1z el\u0151ad\u00e1sait megtekintheti on-line! N\u00e9zze a Szabad Sz\u00ednh\u00e1z el\u0151ad\u00e1sait b\u00e1rmikor. Szeretn\u00e9nk ezzel is tartani a kapcsolatot a Szabad Sz\u00ednh\u00e1z n\u00e9z\u0151ivel, illetve megteremteni a lehet\u0151s\u00e9get azoknak, akik m\u00e9g nem [&hellip;]","og_url":"https:\/\/www.szabadszinhaz.hu\/en\/szabad-on-2\/","og_site_name":"Szabad Sz\u00ednh\u00e1z","article_publisher":"https:\/\/www.facebook.com\/szabadszinhaz","article_published_time":"2021-03-17T17:08:46+00:00","article_modified_time":"2022-03-29T07:11:45+00:00","author":"Torma Tam\u00e1s","twitter_card":"summary_large_image","twitter_misc":{"Written by":"Torma Tam\u00e1s","Est. reading time":"4 minutes"},"schema":{"@context":"https:\/\/schema.org","@graph":[{"@type":"Article","@id":"https:\/\/www.szabadszinhaz.hu\/szabad-on-2\/#article","isPartOf":{"@id":"https:\/\/www.szabadszinhaz.hu\/szabad-on-2\/"},"author":{"name":"Torma Tam\u00e1s","@id":"https:\/\/www.szabadszinhaz.hu\/#\/schema\/person\/f073068e07078a7485de7e4cb9b477f5"},"headline":"Szabad-ON","datePublished":"2021-03-17T17:08:46+00:00","dateModified":"2022-03-29T07:11:45+00:00","mainEntityOfPage":{"@id":"https:\/\/www.szabadszinhaz.hu\/szabad-on-2\/"},"wordCount":744,"commentCount":0,"publisher":{"@id":"https:\/\/www.szabadszinhaz.hu\/#organization"},"articleSection":["Arch\u00edvum","Egy\u00e9b kateg\u00f3ria"],"inLanguage":"en-US","potentialAction":[{"@type":"CommentAction","name":"Comment","target":["https:\/\/www.szabadszinhaz.hu\/szabad-on-2\/#respond"]}]},{"@type":"WebPage","@id":"https:\/\/www.szabadszinhaz.hu\/szabad-on-2\/","url":"https:\/\/www.szabadszinhaz.hu\/szabad-on-2\/","name":"Szabad-ON - Szabad Sz\u00ednh\u00e1z","isPartOf":{"@id":"https:\/\/www.szabadszinhaz.hu\/#website"},"datePublished":"2021-03-17T17:08:46+00:00","dateModified":"2022-03-29T07:11:45+00:00","breadcrumb":{"@id":"https:\/\/www.szabadszinhaz.hu\/szabad-on-2\/#breadcrumb"},"inLanguage":"en-US","potentialAction":[{"@type":"ReadAction","target":["https:\/\/www.szabadszinhaz.hu\/szabad-on-2\/"]}]},{"@type":"BreadcrumbList","@id":"https:\/\/www.szabadszinhaz.hu\/szabad-on-2\/#breadcrumb","itemListElement":[{"@type":"ListItem","position":1,"name":"Kezd\u0151lap","item":"https:\/\/www.szabadszinhaz.hu\/"},{"@type":"ListItem","position":2,"name":"Szabad-ON"}]},{"@type":"WebSite","@id":"https:\/\/www.szabadszinhaz.hu\/#website","url":"https:\/\/www.szabadszinhaz.hu\/","name":"Free Theatre - Szabad Sz\u00ednh\u00e1z","description":"Free Theatre - Szabad Sz\u00ednh\u00e1z","publisher":{"@id":"https:\/\/www.szabadszinhaz.hu\/#organization"},"potentialAction":[{"@type":"SearchAction","target":{"@type":"EntryPoint","urlTemplate":"https:\/\/www.szabadszinhaz.hu\/?s={search_term_string}"},"query-input":{"@type":"PropertyValueSpecification","valueRequired":true,"valueName":"search_term_string"}}],"inLanguage":"en-US"},{"@type":"Organization","@id":"https:\/\/www.szabadszinhaz.hu\/#organization","name":"Szabad Sz\u00ednh\u00e1z SZ\u00cdN-T\u00c9R Egyes\u00fclet","url":"https:\/\/www.szabadszinhaz.hu\/","logo":{"@type":"ImageObject","inLanguage":"en-US","@id":"https:\/\/www.szabadszinhaz.hu\/#\/schema\/logo\/image\/","url":"https:\/\/www.szabadszinhaz.hu\/wp-content\/uploads\/2025\/01\/images.jpg","contentUrl":"https:\/\/www.szabadszinhaz.hu\/wp-content\/uploads\/2025\/01\/images.jpg","width":178,"height":284,"caption":"Szabad Sz\u00ednh\u00e1z SZ\u00cdN-T\u00c9R Egyes\u00fclet"},"image":{"@id":"https:\/\/www.szabadszinhaz.hu\/#\/schema\/logo\/image\/"},"sameAs":["https:\/\/www.facebook.com\/szabadszinhaz"]},{"@type":"Person","@id":"https:\/\/www.szabadszinhaz.hu\/#\/schema\/person\/f073068e07078a7485de7e4cb9b477f5","name":"Torma Tam\u00e1s","image":{"@type":"ImageObject","inLanguage":"en-US","@id":"https:\/\/www.szabadszinhaz.hu\/#\/schema\/person\/image\/","url":"https:\/\/secure.gravatar.com\/avatar\/70aab4237fcbdfeefaf6fa1f88503d4ea3023ed33c2ea5b4acebb5baa95f2143?s=96&d=mm&r=g","contentUrl":"https:\/\/secure.gravatar.com\/avatar\/70aab4237fcbdfeefaf6fa1f88503d4ea3023ed33c2ea5b4acebb5baa95f2143?s=96&d=mm&r=g","caption":"Torma Tam\u00e1s"},"url":"https:\/\/www.szabadszinhaz.hu\/en\/author\/tormatomi\/"}]}},"_links":{"self":[{"href":"https:\/\/www.szabadszinhaz.hu\/en\/wp-json\/wp\/v2\/posts\/3297","targetHints":{"allow":["GET"]}}],"collection":[{"href":"https:\/\/www.szabadszinhaz.hu\/en\/wp-json\/wp\/v2\/posts"}],"about":[{"href":"https:\/\/www.szabadszinhaz.hu\/en\/wp-json\/wp\/v2\/types\/post"}],"author":[{"embeddable":true,"href":"https:\/\/www.szabadszinhaz.hu\/en\/wp-json\/wp\/v2\/users\/2"}],"replies":[{"embeddable":true,"href":"https:\/\/www.szabadszinhaz.hu\/en\/wp-json\/wp\/v2\/comments?post=3297"}],"version-history":[{"count":2,"href":"https:\/\/www.szabadszinhaz.hu\/en\/wp-json\/wp\/v2\/posts\/3297\/revisions"}],"predecessor-version":[{"id":5682,"href":"https:\/\/www.szabadszinhaz.hu\/en\/wp-json\/wp\/v2\/posts\/3297\/revisions\/5682"}],"wp:attachment":[{"href":"https:\/\/www.szabadszinhaz.hu\/en\/wp-json\/wp\/v2\/media?parent=3297"}],"wp:term":[{"taxonomy":"category","embeddable":true,"href":"https:\/\/www.szabadszinhaz.hu\/en\/wp-json\/wp\/v2\/categories?post=3297"},{"taxonomy":"post_tag","embeddable":true,"href":"https:\/\/www.szabadszinhaz.hu\/en\/wp-json\/wp\/v2\/tags?post=3297"}],"curies":[{"name":"wp","href":"https:\/\/api.w.org\/{rel}","templated":true}]}}