{"id":3058,"date":"2020-11-25T10:05:53","date_gmt":"2020-11-25T09:05:53","guid":{"rendered":"http:\/\/www.szabadszinhaz.hu\/?p=3058"},"modified":"2022-03-29T09:11:46","modified_gmt":"2022-03-29T07:11:46","slug":"urban-peter-a-harom-erdodi-8","status":"publish","type":"post","link":"https:\/\/www.szabadszinhaz.hu\/en\/urban-peter-a-harom-erdodi-8\/","title":{"rendered":"Urb\u00e1n P\u00e9ter: A h\u00e1rom Erd\u0151di"},"content":{"rendered":"<figure class=\"wp-block-image size-large\"><img decoding=\"async\" src=\"\/wp-content\/uploads\/2020\/11\/Szabad_on_levagott-5-1024x199.png\" alt=\"\" class=\"wp-image-3059\"\/><\/figure>\n\n\n\n<p>Urb\u00e1n P\u00e9ter kort\u00e1rs \u00edr\u00f3 \u201cA h\u00e1rom Erd\u0151di\u201d c\u00edm\u0171 1956-os t\u00e9m\u00e1j\u00fa kamaradarabj\u00e1t 2019. okt\u00f3ber\u00e9ben mutatta be a Szabad Sz\u00ednh\u00e1z t\u00e1rsulata, Nagy Judit rendez\u00e9s\u00e9ben.&nbsp;<br>A szerz\u0151 egy csal\u00e1don bel\u00fcl, h\u00e1rom gener\u00e1ci\u00f3 szem\u00e9lyes, \u00e9s \u00f6sszefon\u00f3d\u00f3 t\u00f6rt\u00e9net\u00e9ben l\u00e1ttatja egy eg\u00e9sz nemzet sorstrag\u00e9di\u00e1j\u00e1t.&nbsp;<br>A h\u00e1rom Erd\u0151di c\u00edm\u0171 el\u0151ad\u00e1s alkalmas arra, hogy a m\u0171v\u00e9szet eszk\u00f6zeivel k\u00f6zvet\u00edtse 1956 nemzeti, csal\u00e1di \u00e9s szem\u00e9lyes trag\u00e9di\u00e1it.<br>A most k\u00f6vetkez\u0151 felv\u00e9tel az \u0151sbemutat\u00f3n k\u00e9sz\u00fclt, amelyen a szerz\u0151 is r\u00e9szt vett. Jegyv\u00e1s\u00e1rl\u00e1s:&nbsp;<a href=\"https:\/\/szabadszinhaz.jegyx1.hu\/kereses\/eloadas\" target=\"_blank\" rel=\"noreferrer noopener\">https:\/\/szabadszinhaz.jegyx1.hu<\/a><br>\u00c1r: 1500 Ft<br>+254 Ft adminisztr\u00e1ci\u00f3s d\u00edj<br>Szerepl\u0151k. Szab\u00f3 Mikl\u00f3s, Horv\u00e1th Gergely, Csizmadia M\u00e1t\u00e9, Solymossy Andr\u00e1s, Kiss Gerg\u0151.<br>Directed by: Judit Nagy<br>Zenei vezet\u0151: Szab\u00f3 D\u00e1niel Ferenc<br>A dalok el\u0151ad\u00f3i: Tak\u00e1cs No\u00e9mi, M\u00e9hes Adri\u00e1n, arch\u00edv felv\u00e9telr\u0151l Kov\u00e1cs Erzsi dal\u00e1nak r\u00e9szlete hallhat\u00f3.<\/p>\n\n\n\n<figure class=\"wp-block-image\"><img decoding=\"async\" src=\"\/wp-content\/uploads\/2020\/11\/854E07BE-BDD2-4E30-96BA-C3FB63561030-1024x700.jpeg\" alt=\"\" class=\"wp-image-3035\"\/><\/figure>","protected":false},"excerpt":{"rendered":"<p>Urb\u00e1n P\u00e9ter kort\u00e1rs \u00edr\u00f3 \u201cA h\u00e1rom Erd\u0151di\u201d c\u00edm\u0171 1956-os t\u00e9m\u00e1j\u00fa kamaradarabj\u00e1t 2019. okt\u00f3ber\u00e9ben mutatta be a Szabad Sz\u00ednh\u00e1z t\u00e1rsulata, Nagy Judit rendez\u00e9s\u00e9ben.&nbsp;A szerz\u0151 egy csal\u00e1don bel\u00fcl, h\u00e1rom gener\u00e1ci\u00f3 szem\u00e9lyes, \u00e9s [&hellip;]<\/p>\n","protected":false},"author":2,"featured_media":0,"comment_status":"open","ping_status":"closed","sticky":false,"template":"","format":"standard","meta":{"_et_pb_use_builder":"","_et_pb_old_content":"","_et_gb_content_width":"","_price":"","_stock":"","_tribe_ticket_header":"","_tribe_default_ticket_provider":"","_ticket_start_date":"","_ticket_end_date":"","_tribe_ticket_show_description":"","_tribe_ticket_show_not_going":false,"_tribe_ticket_use_global_stock":"","_tribe_ticket_global_stock_level":"","_global_stock_mode":"","_global_stock_cap":"","_tribe_rsvp_for_event":"","_tribe_ticket_going_count":"","_tribe_ticket_not_going_count":"","_tribe_tickets_list":"[]","_tribe_ticket_has_attendee_info_fields":false,"footnotes":""},"categories":[13,1],"tags":[],"class_list":["post-3058","post","type-post","status-publish","format-standard","hentry","category-archivum","category-egyeb"],"yoast_head":"<!-- This site is optimized with the Yoast SEO plugin v25.0 - https:\/\/yoast.com\/wordpress\/plugins\/seo\/ -->\n<title>Urb\u00e1n P\u00e9ter: A h\u00e1rom Erd\u0151di - Szabad Sz\u00ednh\u00e1z<\/title>\n<meta name=\"robots\" content=\"index, follow, max-snippet:-1, max-image-preview:large, max-video-preview:-1\" \/>\n<link rel=\"canonical\" href=\"https:\/\/www.szabadszinhaz.hu\/en\/urban-peter-a-harom-erdodi-8\/\" \/>\n<meta property=\"og:locale\" content=\"en_US\" \/>\n<meta property=\"og:type\" content=\"article\" \/>\n<meta property=\"og:title\" content=\"Urb\u00e1n P\u00e9ter: A h\u00e1rom Erd\u0151di - Szabad Sz\u00ednh\u00e1z\" \/>\n<meta property=\"og:description\" content=\"Urb\u00e1n P\u00e9ter kort\u00e1rs \u00edr\u00f3 \u201cA h\u00e1rom Erd\u0151di\u201d c\u00edm\u0171 1956-os t\u00e9m\u00e1j\u00fa kamaradarabj\u00e1t 2019. okt\u00f3ber\u00e9ben mutatta be a Szabad Sz\u00ednh\u00e1z t\u00e1rsulata, Nagy Judit rendez\u00e9s\u00e9ben.&nbsp;A szerz\u0151 egy csal\u00e1don bel\u00fcl, h\u00e1rom gener\u00e1ci\u00f3 szem\u00e9lyes, \u00e9s [&hellip;]\" \/>\n<meta property=\"og:url\" content=\"https:\/\/www.szabadszinhaz.hu\/en\/urban-peter-a-harom-erdodi-8\/\" \/>\n<meta property=\"og:site_name\" content=\"Szabad Sz\u00ednh\u00e1z\" \/>\n<meta property=\"article:publisher\" content=\"https:\/\/www.facebook.com\/szabadszinhaz\" \/>\n<meta property=\"article:published_time\" content=\"2020-11-25T09:05:53+00:00\" \/>\n<meta property=\"article:modified_time\" content=\"2022-03-29T07:11:46+00:00\" \/>\n<meta name=\"author\" content=\"Torma Tam\u00e1s\" \/>\n<meta name=\"twitter:card\" content=\"summary_large_image\" \/>\n<meta name=\"twitter:label1\" content=\"Written by\" \/>\n\t<meta name=\"twitter:data1\" content=\"Torma Tam\u00e1s\" \/>\n\t<meta name=\"twitter:label2\" content=\"Est. reading time\" \/>\n\t<meta name=\"twitter:data2\" content=\"1 minute\" \/>\n<script type=\"application\/ld+json\" class=\"yoast-schema-graph\">{\"@context\":\"https:\/\/schema.org\",\"@graph\":[{\"@type\":\"Article\",\"@id\":\"https:\/\/www.szabadszinhaz.hu\/urban-peter-a-harom-erdodi-8\/#article\",\"isPartOf\":{\"@id\":\"https:\/\/www.szabadszinhaz.hu\/urban-peter-a-harom-erdodi-8\/\"},\"author\":{\"name\":\"Torma Tam\u00e1s\",\"@id\":\"https:\/\/www.szabadszinhaz.hu\/#\/schema\/person\/f073068e07078a7485de7e4cb9b477f5\"},\"headline\":\"Urb\u00e1n P\u00e9ter: A h\u00e1rom Erd\u0151di\",\"datePublished\":\"2020-11-25T09:05:53+00:00\",\"dateModified\":\"2022-03-29T07:11:46+00:00\",\"mainEntityOfPage\":{\"@id\":\"https:\/\/www.szabadszinhaz.hu\/urban-peter-a-harom-erdodi-8\/\"},\"wordCount\":193,\"commentCount\":0,\"publisher\":{\"@id\":\"https:\/\/www.szabadszinhaz.hu\/#organization\"},\"articleSection\":[\"Arch\u00edvum\",\"Egy\u00e9b kateg\u00f3ria\"],\"inLanguage\":\"en-US\",\"potentialAction\":[{\"@type\":\"CommentAction\",\"name\":\"Comment\",\"target\":[\"https:\/\/www.szabadszinhaz.hu\/urban-peter-a-harom-erdodi-8\/#respond\"]}]},{\"@type\":\"WebPage\",\"@id\":\"https:\/\/www.szabadszinhaz.hu\/urban-peter-a-harom-erdodi-8\/\",\"url\":\"https:\/\/www.szabadszinhaz.hu\/urban-peter-a-harom-erdodi-8\/\",\"name\":\"Urb\u00e1n P\u00e9ter: A h\u00e1rom Erd\u0151di - Szabad Sz\u00ednh\u00e1z\",\"isPartOf\":{\"@id\":\"https:\/\/www.szabadszinhaz.hu\/#website\"},\"datePublished\":\"2020-11-25T09:05:53+00:00\",\"dateModified\":\"2022-03-29T07:11:46+00:00\",\"breadcrumb\":{\"@id\":\"https:\/\/www.szabadszinhaz.hu\/urban-peter-a-harom-erdodi-8\/#breadcrumb\"},\"inLanguage\":\"en-US\",\"potentialAction\":[{\"@type\":\"ReadAction\",\"target\":[\"https:\/\/www.szabadszinhaz.hu\/urban-peter-a-harom-erdodi-8\/\"]}]},{\"@type\":\"BreadcrumbList\",\"@id\":\"https:\/\/www.szabadszinhaz.hu\/urban-peter-a-harom-erdodi-8\/#breadcrumb\",\"itemListElement\":[{\"@type\":\"ListItem\",\"position\":1,\"name\":\"Kezd\u0151lap\",\"item\":\"https:\/\/www.szabadszinhaz.hu\/\"},{\"@type\":\"ListItem\",\"position\":2,\"name\":\"Urb\u00e1n P\u00e9ter: A h\u00e1rom Erd\u0151di\"}]},{\"@type\":\"WebSite\",\"@id\":\"https:\/\/www.szabadszinhaz.hu\/#website\",\"url\":\"https:\/\/www.szabadszinhaz.hu\/\",\"name\":\"Szabad Sz\u00ednh\u00e1z\",\"description\":\"Szabad Sz\u00ednh\u00e1z\",\"publisher\":{\"@id\":\"https:\/\/www.szabadszinhaz.hu\/#organization\"},\"potentialAction\":[{\"@type\":\"SearchAction\",\"target\":{\"@type\":\"EntryPoint\",\"urlTemplate\":\"https:\/\/www.szabadszinhaz.hu\/?s={search_term_string}\"},\"query-input\":{\"@type\":\"PropertyValueSpecification\",\"valueRequired\":true,\"valueName\":\"search_term_string\"}}],\"inLanguage\":\"en-US\"},{\"@type\":\"Organization\",\"@id\":\"https:\/\/www.szabadszinhaz.hu\/#organization\",\"name\":\"Szabad Sz\u00ednh\u00e1z SZ\u00cdN-T\u00c9R Egyes\u00fclet\",\"url\":\"https:\/\/www.szabadszinhaz.hu\/\",\"logo\":{\"@type\":\"ImageObject\",\"inLanguage\":\"en-US\",\"@id\":\"https:\/\/www.szabadszinhaz.hu\/#\/schema\/logo\/image\/\",\"url\":\"https:\/\/www.szabadszinhaz.hu\/wp-content\/uploads\/2025\/01\/images.jpg\",\"contentUrl\":\"https:\/\/www.szabadszinhaz.hu\/wp-content\/uploads\/2025\/01\/images.jpg\",\"width\":178,\"height\":284,\"caption\":\"Szabad Sz\u00ednh\u00e1z SZ\u00cdN-T\u00c9R Egyes\u00fclet\"},\"image\":{\"@id\":\"https:\/\/www.szabadszinhaz.hu\/#\/schema\/logo\/image\/\"},\"sameAs\":[\"https:\/\/www.facebook.com\/szabadszinhaz\"]},{\"@type\":\"Person\",\"@id\":\"https:\/\/www.szabadszinhaz.hu\/#\/schema\/person\/f073068e07078a7485de7e4cb9b477f5\",\"name\":\"Torma Tam\u00e1s\",\"image\":{\"@type\":\"ImageObject\",\"inLanguage\":\"en-US\",\"@id\":\"https:\/\/www.szabadszinhaz.hu\/#\/schema\/person\/image\/\",\"url\":\"https:\/\/secure.gravatar.com\/avatar\/70aab4237fcbdfeefaf6fa1f88503d4ea3023ed33c2ea5b4acebb5baa95f2143?s=96&d=mm&r=g\",\"contentUrl\":\"https:\/\/secure.gravatar.com\/avatar\/70aab4237fcbdfeefaf6fa1f88503d4ea3023ed33c2ea5b4acebb5baa95f2143?s=96&d=mm&r=g\",\"caption\":\"Torma Tam\u00e1s\"},\"url\":\"https:\/\/www.szabadszinhaz.hu\/en\/author\/tormatomi\/\"}]}<\/script>\n<!-- \/ Yoast SEO plugin. -->","yoast_head_json":{"title":"Urb\u00e1n P\u00e9ter: A h\u00e1rom Erd\u0151di - Szabad Sz\u00ednh\u00e1z","robots":{"index":"index","follow":"follow","max-snippet":"max-snippet:-1","max-image-preview":"max-image-preview:large","max-video-preview":"max-video-preview:-1"},"canonical":"https:\/\/www.szabadszinhaz.hu\/en\/urban-peter-a-harom-erdodi-8\/","og_locale":"en_US","og_type":"article","og_title":"Urb\u00e1n P\u00e9ter: A h\u00e1rom Erd\u0151di - Szabad Sz\u00ednh\u00e1z","og_description":"Urb\u00e1n P\u00e9ter kort\u00e1rs \u00edr\u00f3 \u201cA h\u00e1rom Erd\u0151di\u201d c\u00edm\u0171 1956-os t\u00e9m\u00e1j\u00fa kamaradarabj\u00e1t 2019. okt\u00f3ber\u00e9ben mutatta be a Szabad Sz\u00ednh\u00e1z t\u00e1rsulata, Nagy Judit rendez\u00e9s\u00e9ben.&nbsp;A szerz\u0151 egy csal\u00e1don bel\u00fcl, h\u00e1rom gener\u00e1ci\u00f3 szem\u00e9lyes, \u00e9s [&hellip;]","og_url":"https:\/\/www.szabadszinhaz.hu\/en\/urban-peter-a-harom-erdodi-8\/","og_site_name":"Szabad Sz\u00ednh\u00e1z","article_publisher":"https:\/\/www.facebook.com\/szabadszinhaz","article_published_time":"2020-11-25T09:05:53+00:00","article_modified_time":"2022-03-29T07:11:46+00:00","author":"Torma Tam\u00e1s","twitter_card":"summary_large_image","twitter_misc":{"Written by":"Torma Tam\u00e1s","Est. reading time":"1 minute"},"schema":{"@context":"https:\/\/schema.org","@graph":[{"@type":"Article","@id":"https:\/\/www.szabadszinhaz.hu\/urban-peter-a-harom-erdodi-8\/#article","isPartOf":{"@id":"https:\/\/www.szabadszinhaz.hu\/urban-peter-a-harom-erdodi-8\/"},"author":{"name":"Torma Tam\u00e1s","@id":"https:\/\/www.szabadszinhaz.hu\/#\/schema\/person\/f073068e07078a7485de7e4cb9b477f5"},"headline":"Urb\u00e1n P\u00e9ter: A h\u00e1rom Erd\u0151di","datePublished":"2020-11-25T09:05:53+00:00","dateModified":"2022-03-29T07:11:46+00:00","mainEntityOfPage":{"@id":"https:\/\/www.szabadszinhaz.hu\/urban-peter-a-harom-erdodi-8\/"},"wordCount":193,"commentCount":0,"publisher":{"@id":"https:\/\/www.szabadszinhaz.hu\/#organization"},"articleSection":["Arch\u00edvum","Egy\u00e9b kateg\u00f3ria"],"inLanguage":"en-US","potentialAction":[{"@type":"CommentAction","name":"Comment","target":["https:\/\/www.szabadszinhaz.hu\/urban-peter-a-harom-erdodi-8\/#respond"]}]},{"@type":"WebPage","@id":"https:\/\/www.szabadszinhaz.hu\/urban-peter-a-harom-erdodi-8\/","url":"https:\/\/www.szabadszinhaz.hu\/urban-peter-a-harom-erdodi-8\/","name":"Urb\u00e1n P\u00e9ter: A h\u00e1rom Erd\u0151di - Szabad Sz\u00ednh\u00e1z","isPartOf":{"@id":"https:\/\/www.szabadszinhaz.hu\/#website"},"datePublished":"2020-11-25T09:05:53+00:00","dateModified":"2022-03-29T07:11:46+00:00","breadcrumb":{"@id":"https:\/\/www.szabadszinhaz.hu\/urban-peter-a-harom-erdodi-8\/#breadcrumb"},"inLanguage":"en-US","potentialAction":[{"@type":"ReadAction","target":["https:\/\/www.szabadszinhaz.hu\/urban-peter-a-harom-erdodi-8\/"]}]},{"@type":"BreadcrumbList","@id":"https:\/\/www.szabadszinhaz.hu\/urban-peter-a-harom-erdodi-8\/#breadcrumb","itemListElement":[{"@type":"ListItem","position":1,"name":"Kezd\u0151lap","item":"https:\/\/www.szabadszinhaz.hu\/"},{"@type":"ListItem","position":2,"name":"Urb\u00e1n P\u00e9ter: A h\u00e1rom Erd\u0151di"}]},{"@type":"WebSite","@id":"https:\/\/www.szabadszinhaz.hu\/#website","url":"https:\/\/www.szabadszinhaz.hu\/","name":"Free Theatre - Szabad Sz\u00ednh\u00e1z","description":"Free Theatre - Szabad Sz\u00ednh\u00e1z","publisher":{"@id":"https:\/\/www.szabadszinhaz.hu\/#organization"},"potentialAction":[{"@type":"SearchAction","target":{"@type":"EntryPoint","urlTemplate":"https:\/\/www.szabadszinhaz.hu\/?s={search_term_string}"},"query-input":{"@type":"PropertyValueSpecification","valueRequired":true,"valueName":"search_term_string"}}],"inLanguage":"en-US"},{"@type":"Organization","@id":"https:\/\/www.szabadszinhaz.hu\/#organization","name":"Szabad Sz\u00ednh\u00e1z SZ\u00cdN-T\u00c9R Egyes\u00fclet","url":"https:\/\/www.szabadszinhaz.hu\/","logo":{"@type":"ImageObject","inLanguage":"en-US","@id":"https:\/\/www.szabadszinhaz.hu\/#\/schema\/logo\/image\/","url":"https:\/\/www.szabadszinhaz.hu\/wp-content\/uploads\/2025\/01\/images.jpg","contentUrl":"https:\/\/www.szabadszinhaz.hu\/wp-content\/uploads\/2025\/01\/images.jpg","width":178,"height":284,"caption":"Szabad Sz\u00ednh\u00e1z SZ\u00cdN-T\u00c9R Egyes\u00fclet"},"image":{"@id":"https:\/\/www.szabadszinhaz.hu\/#\/schema\/logo\/image\/"},"sameAs":["https:\/\/www.facebook.com\/szabadszinhaz"]},{"@type":"Person","@id":"https:\/\/www.szabadszinhaz.hu\/#\/schema\/person\/f073068e07078a7485de7e4cb9b477f5","name":"Torma Tam\u00e1s","image":{"@type":"ImageObject","inLanguage":"en-US","@id":"https:\/\/www.szabadszinhaz.hu\/#\/schema\/person\/image\/","url":"https:\/\/secure.gravatar.com\/avatar\/70aab4237fcbdfeefaf6fa1f88503d4ea3023ed33c2ea5b4acebb5baa95f2143?s=96&d=mm&r=g","contentUrl":"https:\/\/secure.gravatar.com\/avatar\/70aab4237fcbdfeefaf6fa1f88503d4ea3023ed33c2ea5b4acebb5baa95f2143?s=96&d=mm&r=g","caption":"Torma Tam\u00e1s"},"url":"https:\/\/www.szabadszinhaz.hu\/en\/author\/tormatomi\/"}]}},"_links":{"self":[{"href":"https:\/\/www.szabadszinhaz.hu\/en\/wp-json\/wp\/v2\/posts\/3058","targetHints":{"allow":["GET"]}}],"collection":[{"href":"https:\/\/www.szabadszinhaz.hu\/en\/wp-json\/wp\/v2\/posts"}],"about":[{"href":"https:\/\/www.szabadszinhaz.hu\/en\/wp-json\/wp\/v2\/types\/post"}],"author":[{"embeddable":true,"href":"https:\/\/www.szabadszinhaz.hu\/en\/wp-json\/wp\/v2\/users\/2"}],"replies":[{"embeddable":true,"href":"https:\/\/www.szabadszinhaz.hu\/en\/wp-json\/wp\/v2\/comments?post=3058"}],"version-history":[{"count":1,"href":"https:\/\/www.szabadszinhaz.hu\/en\/wp-json\/wp\/v2\/posts\/3058\/revisions"}],"predecessor-version":[{"id":5772,"href":"https:\/\/www.szabadszinhaz.hu\/en\/wp-json\/wp\/v2\/posts\/3058\/revisions\/5772"}],"wp:attachment":[{"href":"https:\/\/www.szabadszinhaz.hu\/en\/wp-json\/wp\/v2\/media?parent=3058"}],"wp:term":[{"taxonomy":"category","embeddable":true,"href":"https:\/\/www.szabadszinhaz.hu\/en\/wp-json\/wp\/v2\/categories?post=3058"},{"taxonomy":"post_tag","embeddable":true,"href":"https:\/\/www.szabadszinhaz.hu\/en\/wp-json\/wp\/v2\/tags?post=3058"}],"curies":[{"name":"wp","href":"https:\/\/api.w.org\/{rel}","templated":true}]}}