{"id":3005,"date":"2020-11-11T19:00:00","date_gmt":"2020-11-11T18:00:00","guid":{"rendered":"http:\/\/www.szabadszinhaz.hu\/?p=3005"},"modified":"2022-03-29T09:11:46","modified_gmt":"2022-03-29T07:11:46","slug":"kedves-nezoink","status":"publish","type":"post","link":"https:\/\/www.szabadszinhaz.hu\/en\/kedves-nezoink\/","title":{"rendered":"Elindult a Szabad-ON"},"content":{"rendered":"\n<figure class=\"wp-block-image size-large\"><img decoding=\"async\" src=\"\/wp-content\/uploads\/2020\/11\/Szabad_on_levagott-3-1024x199.png\" alt=\"\" class=\"wp-image-3008\"\/><\/figure>\n\n\n\n<p class=\"has-large-font-size\">Kedves N\u00e9z\u0151ink!<\/p>\n\n\n\n<p>A 2020. november 11-t\u0151l a j\u00e1rv\u00e1ny gyorsul\u00e1sa miatt \u00fajabb rendk\u00edv\u00fcli szigor\u00edt\u00e1sok l\u00e9pnek \u00e9letbe. Ezek alapj\u00e1n a sz\u00ednh\u00e1zakat, rendezv\u00e9nyhelysz\u00edneket , s k\u00f6zt\u00fck az Ig\u00e9z\u0151t is is z\u00e1rva kell tartani.<br>Ez\u00e9rt az e h\u00f3napra meghirdetett jelenl\u00e9ti el\u0151ad\u00e1sok a val\u00f3di helysz\u00edneken elmaradnak, sajnos&#8230;<br>J\u00f3 h\u00edr azonban, hogy P\u00e1nik c\u00edm\u0171 el\u0151ad\u00e1sunk on-line v\u00e1ltozat\u00e1ra lehets\u00e9ges jegyet v\u00e1ltani:<br><a rel=\"noreferrer noopener\" href=\"https:\/\/l.facebook.com\/l.php?u=https%3A%2F%2Fszabadszinhaz.jegyx1.hu%2F%3Ffbclid%3DIwAR1569Mm9B4GbYpExySZCe8pFy_tfFJtS4pycyulMeob2phfvJx0Pm7g6M4&amp;h=AT0xpcvVD8nmmdTf7i9TpQ_5naRJ__73qGVFcV63zzmRXjZetrgGSodC1-cxqfBOTXBFmct3hOJfXnpqL8_H1Ir9gfXAPXs8RawmFXrsLv0KehQCwtP7vao3qwPJRmo5&amp;__tn__=q&amp;c[0]=AT1yvBrenTpTelm8Dt5cC0UDTnzdnOLAarubyp9T6oQ5JSnKnOPcJ2E2mLfWqRKNLrCnbWENjYIFaAUB2VVQU5pZhxt9VHKp55VJmirUHTw3l9e8S33F57lbk8mxFZpT26TO_rF6KMLZLbhujaGpH3di\" target=\"_blank\">https:\/\/szabadszinhaz.jegyx1.hu<\/a><br>c\u00edmen.<br>H\u00e1l\u00e1san k\u00f6sz\u00f6nj\u00fck, hogy eddig is kitartottak a sz\u00ednh\u00e1z mellett, \u00e9s hogy vel\u00fcnk voltak, \u00e9s rem\u00e9lj\u00fck maradnak is!<img loading=\"lazy\" decoding=\"async\" height=\"16\" width=\"16\" alt=\"????\" src=\"https:\/\/static.xx.fbcdn.net\/images\/emoji.php\/v9\/tae\/1\/16\/1f3ad.png\"><\/p>\n\n\n\n<figure class=\"wp-block-image size-large\"><img decoding=\"async\" src=\"\/wp-content\/uploads\/2020\/11\/p\u00e1nik-stream-2-1024x576.jpg\" alt=\"\" class=\"wp-image-3006\"\/><\/figure>\n\n\n\n<p><br>Egy kicsit a P\u00e1nikr\u00f3l is, amelynek m\u00e1r besz\u00e9des az alc\u00edme is: F\u00e9rfiak az ideg\u00f6sszeoml\u00e1s sz\u00e9l\u00e9n&#8230;Arr\u00f3l sz\u00f3l, hogyan reag\u00e1lnak az er\u0151s f\u00e9rfiak a h\u00e9tk\u00f6znapok kih\u00edv\u00e1saira&#8230; A P\u00e1nik c\u00edm\u0171 fekete kom\u00e9di\u00e1t a K\u00e1osz c\u00edm\u0171 el\u0151ad\u00e1sunkhoz hasonl\u00f3an csak 18 \u00e9ven fel\u00fclieknek aj\u00e1nljuk!! \u00c9s el\u0151re sz\u00f3lunk : Els\u0151 randira NEM AJ\u00c1NLJUK!!!&nbsp;<img loading=\"lazy\" decoding=\"async\" height=\"16\" width=\"16\" alt=\"????\" src=\"https:\/\/static.xx.fbcdn.net\/images\/emoji.php\/v9\/t4c\/1\/16\/1f642.png\">Szerepl\u0151k<br>Max, tervez\u0151grafikus: Balogh Mih\u00e1ly<br>Le\u00f3, m\u00e9rn\u00f6k: Kov\u00e1cs M\u00e1t\u00e9<br>Joni, telev\u00edzi\u00f3s m\u0171sorvezet\u0151 : Szab\u00f3 Mikl\u00f3s Bence<br>Koruk 35-40 \u00e9v k\u00f6z\u00f6tt.<br>Rendezte: Nagy Judit<\/p>\n","protected":false},"excerpt":{"rendered":"<p>Kedves N\u00e9z\u0151ink! A 2020. november 11-t\u0151l a j\u00e1rv\u00e1ny gyorsul\u00e1sa miatt \u00fajabb rendk\u00edv\u00fcli szigor\u00edt\u00e1sok l\u00e9pnek \u00e9letbe. Ezek alapj\u00e1n a sz\u00ednh\u00e1zakat, rendezv\u00e9nyhelysz\u00edneket , s k\u00f6zt\u00fck az Ig\u00e9z\u0151t is is z\u00e1rva kell tartani.Ez\u00e9rt [&hellip;]<\/p>\n","protected":false},"author":2,"featured_media":0,"comment_status":"open","ping_status":"closed","sticky":false,"template":"","format":"standard","meta":{"_et_pb_use_builder":"","_et_pb_old_content":"","_et_gb_content_width":"","_price":"","_stock":"","_tribe_ticket_header":"","_tribe_default_ticket_provider":"","_ticket_start_date":"","_ticket_end_date":"","_tribe_ticket_show_description":"","_tribe_ticket_show_not_going":false,"_tribe_ticket_use_global_stock":"","_tribe_ticket_global_stock_level":"","_global_stock_mode":"","_global_stock_cap":"","_tribe_rsvp_for_event":"","_tribe_ticket_going_count":"","_tribe_ticket_not_going_count":"","_tribe_tickets_list":"[]","_tribe_ticket_has_attendee_info_fields":false,"footnotes":""},"categories":[13,1],"tags":[],"class_list":["post-3005","post","type-post","status-publish","format-standard","hentry","category-archivum","category-egyeb"],"yoast_head":"<!-- This site is optimized with the Yoast SEO plugin v25.0 - https:\/\/yoast.com\/wordpress\/plugins\/seo\/ -->\n<title>Elindult a Szabad-ON - Szabad Sz\u00ednh\u00e1z<\/title>\n<meta name=\"robots\" content=\"index, follow, max-snippet:-1, max-image-preview:large, max-video-preview:-1\" \/>\n<link rel=\"canonical\" href=\"https:\/\/www.szabadszinhaz.hu\/en\/kedves-nezoink\/\" \/>\n<meta property=\"og:locale\" content=\"en_US\" \/>\n<meta property=\"og:type\" content=\"article\" \/>\n<meta property=\"og:title\" content=\"Elindult a Szabad-ON - Szabad Sz\u00ednh\u00e1z\" \/>\n<meta property=\"og:description\" content=\"Kedves N\u00e9z\u0151ink! A 2020. november 11-t\u0151l a j\u00e1rv\u00e1ny gyorsul\u00e1sa miatt \u00fajabb rendk\u00edv\u00fcli szigor\u00edt\u00e1sok l\u00e9pnek \u00e9letbe. Ezek alapj\u00e1n a sz\u00ednh\u00e1zakat, rendezv\u00e9nyhelysz\u00edneket , s k\u00f6zt\u00fck az Ig\u00e9z\u0151t is is z\u00e1rva kell tartani.Ez\u00e9rt [&hellip;]\" \/>\n<meta property=\"og:url\" content=\"https:\/\/www.szabadszinhaz.hu\/en\/kedves-nezoink\/\" \/>\n<meta property=\"og:site_name\" content=\"Szabad Sz\u00ednh\u00e1z\" \/>\n<meta property=\"article:publisher\" content=\"https:\/\/www.facebook.com\/szabadszinhaz\" \/>\n<meta property=\"article:published_time\" content=\"2020-11-11T18:00:00+00:00\" \/>\n<meta property=\"article:modified_time\" content=\"2022-03-29T07:11:46+00:00\" \/>\n<meta property=\"og:image\" content=\"https:\/\/static.xx.fbcdn.net\/images\/emoji.php\/v9\/tae\/1\/16\/1f3ad.png\" \/>\n<meta name=\"author\" content=\"Torma Tam\u00e1s\" \/>\n<meta name=\"twitter:card\" content=\"summary_large_image\" \/>\n<meta name=\"twitter:label1\" content=\"Written by\" \/>\n\t<meta name=\"twitter:data1\" content=\"Torma Tam\u00e1s\" \/>\n\t<meta name=\"twitter:label2\" content=\"Est. reading time\" \/>\n\t<meta name=\"twitter:data2\" content=\"1 minute\" \/>\n<script type=\"application\/ld+json\" class=\"yoast-schema-graph\">{\"@context\":\"https:\/\/schema.org\",\"@graph\":[{\"@type\":\"Article\",\"@id\":\"https:\/\/www.szabadszinhaz.hu\/kedves-nezoink\/#article\",\"isPartOf\":{\"@id\":\"https:\/\/www.szabadszinhaz.hu\/kedves-nezoink\/\"},\"author\":{\"name\":\"Torma Tam\u00e1s\",\"@id\":\"https:\/\/www.szabadszinhaz.hu\/#\/schema\/person\/f073068e07078a7485de7e4cb9b477f5\"},\"headline\":\"Elindult a Szabad-ON\",\"datePublished\":\"2020-11-11T18:00:00+00:00\",\"dateModified\":\"2022-03-29T07:11:46+00:00\",\"mainEntityOfPage\":{\"@id\":\"https:\/\/www.szabadszinhaz.hu\/kedves-nezoink\/\"},\"wordCount\":237,\"commentCount\":0,\"publisher\":{\"@id\":\"https:\/\/www.szabadszinhaz.hu\/#organization\"},\"image\":{\"@id\":\"https:\/\/www.szabadszinhaz.hu\/kedves-nezoink\/#primaryimage\"},\"thumbnailUrl\":\"https:\/\/static.xx.fbcdn.net\/images\/emoji.php\/v9\/tae\/1\/16\/1f3ad.png\",\"articleSection\":[\"Arch\u00edvum\",\"Egy\u00e9b kateg\u00f3ria\"],\"inLanguage\":\"en-US\",\"potentialAction\":[{\"@type\":\"CommentAction\",\"name\":\"Comment\",\"target\":[\"https:\/\/www.szabadszinhaz.hu\/kedves-nezoink\/#respond\"]}]},{\"@type\":\"WebPage\",\"@id\":\"https:\/\/www.szabadszinhaz.hu\/kedves-nezoink\/\",\"url\":\"https:\/\/www.szabadszinhaz.hu\/kedves-nezoink\/\",\"name\":\"Elindult a Szabad-ON - Szabad Sz\u00ednh\u00e1z\",\"isPartOf\":{\"@id\":\"https:\/\/www.szabadszinhaz.hu\/#website\"},\"primaryImageOfPage\":{\"@id\":\"https:\/\/www.szabadszinhaz.hu\/kedves-nezoink\/#primaryimage\"},\"image\":{\"@id\":\"https:\/\/www.szabadszinhaz.hu\/kedves-nezoink\/#primaryimage\"},\"thumbnailUrl\":\"https:\/\/static.xx.fbcdn.net\/images\/emoji.php\/v9\/tae\/1\/16\/1f3ad.png\",\"datePublished\":\"2020-11-11T18:00:00+00:00\",\"dateModified\":\"2022-03-29T07:11:46+00:00\",\"breadcrumb\":{\"@id\":\"https:\/\/www.szabadszinhaz.hu\/kedves-nezoink\/#breadcrumb\"},\"inLanguage\":\"en-US\",\"potentialAction\":[{\"@type\":\"ReadAction\",\"target\":[\"https:\/\/www.szabadszinhaz.hu\/kedves-nezoink\/\"]}]},{\"@type\":\"ImageObject\",\"inLanguage\":\"en-US\",\"@id\":\"https:\/\/www.szabadszinhaz.hu\/kedves-nezoink\/#primaryimage\",\"url\":\"https:\/\/static.xx.fbcdn.net\/images\/emoji.php\/v9\/tae\/1\/16\/1f3ad.png\",\"contentUrl\":\"https:\/\/static.xx.fbcdn.net\/images\/emoji.php\/v9\/tae\/1\/16\/1f3ad.png\"},{\"@type\":\"BreadcrumbList\",\"@id\":\"https:\/\/www.szabadszinhaz.hu\/kedves-nezoink\/#breadcrumb\",\"itemListElement\":[{\"@type\":\"ListItem\",\"position\":1,\"name\":\"Kezd\u0151lap\",\"item\":\"https:\/\/www.szabadszinhaz.hu\/\"},{\"@type\":\"ListItem\",\"position\":2,\"name\":\"Elindult a Szabad-ON\"}]},{\"@type\":\"WebSite\",\"@id\":\"https:\/\/www.szabadszinhaz.hu\/#website\",\"url\":\"https:\/\/www.szabadszinhaz.hu\/\",\"name\":\"Szabad Sz\u00ednh\u00e1z\",\"description\":\"Szabad Sz\u00ednh\u00e1z\",\"publisher\":{\"@id\":\"https:\/\/www.szabadszinhaz.hu\/#organization\"},\"potentialAction\":[{\"@type\":\"SearchAction\",\"target\":{\"@type\":\"EntryPoint\",\"urlTemplate\":\"https:\/\/www.szabadszinhaz.hu\/?s={search_term_string}\"},\"query-input\":{\"@type\":\"PropertyValueSpecification\",\"valueRequired\":true,\"valueName\":\"search_term_string\"}}],\"inLanguage\":\"en-US\"},{\"@type\":\"Organization\",\"@id\":\"https:\/\/www.szabadszinhaz.hu\/#organization\",\"name\":\"Szabad Sz\u00ednh\u00e1z SZ\u00cdN-T\u00c9R Egyes\u00fclet\",\"url\":\"https:\/\/www.szabadszinhaz.hu\/\",\"logo\":{\"@type\":\"ImageObject\",\"inLanguage\":\"en-US\",\"@id\":\"https:\/\/www.szabadszinhaz.hu\/#\/schema\/logo\/image\/\",\"url\":\"https:\/\/www.szabadszinhaz.hu\/wp-content\/uploads\/2025\/01\/images.jpg\",\"contentUrl\":\"https:\/\/www.szabadszinhaz.hu\/wp-content\/uploads\/2025\/01\/images.jpg\",\"width\":178,\"height\":284,\"caption\":\"Szabad Sz\u00ednh\u00e1z SZ\u00cdN-T\u00c9R Egyes\u00fclet\"},\"image\":{\"@id\":\"https:\/\/www.szabadszinhaz.hu\/#\/schema\/logo\/image\/\"},\"sameAs\":[\"https:\/\/www.facebook.com\/szabadszinhaz\"]},{\"@type\":\"Person\",\"@id\":\"https:\/\/www.szabadszinhaz.hu\/#\/schema\/person\/f073068e07078a7485de7e4cb9b477f5\",\"name\":\"Torma Tam\u00e1s\",\"image\":{\"@type\":\"ImageObject\",\"inLanguage\":\"en-US\",\"@id\":\"https:\/\/www.szabadszinhaz.hu\/#\/schema\/person\/image\/\",\"url\":\"https:\/\/secure.gravatar.com\/avatar\/70aab4237fcbdfeefaf6fa1f88503d4ea3023ed33c2ea5b4acebb5baa95f2143?s=96&d=mm&r=g\",\"contentUrl\":\"https:\/\/secure.gravatar.com\/avatar\/70aab4237fcbdfeefaf6fa1f88503d4ea3023ed33c2ea5b4acebb5baa95f2143?s=96&d=mm&r=g\",\"caption\":\"Torma Tam\u00e1s\"},\"url\":\"https:\/\/www.szabadszinhaz.hu\/en\/author\/tormatomi\/\"}]}<\/script>\n<!-- \/ Yoast SEO plugin. -->","yoast_head_json":{"title":"Elindult a Szabad-ON - Szabad Sz\u00ednh\u00e1z","robots":{"index":"index","follow":"follow","max-snippet":"max-snippet:-1","max-image-preview":"max-image-preview:large","max-video-preview":"max-video-preview:-1"},"canonical":"https:\/\/www.szabadszinhaz.hu\/en\/kedves-nezoink\/","og_locale":"en_US","og_type":"article","og_title":"Elindult a Szabad-ON - Szabad Sz\u00ednh\u00e1z","og_description":"Kedves N\u00e9z\u0151ink! A 2020. november 11-t\u0151l a j\u00e1rv\u00e1ny gyorsul\u00e1sa miatt \u00fajabb rendk\u00edv\u00fcli szigor\u00edt\u00e1sok l\u00e9pnek \u00e9letbe. Ezek alapj\u00e1n a sz\u00ednh\u00e1zakat, rendezv\u00e9nyhelysz\u00edneket , s k\u00f6zt\u00fck az Ig\u00e9z\u0151t is is z\u00e1rva kell tartani.Ez\u00e9rt [&hellip;]","og_url":"https:\/\/www.szabadszinhaz.hu\/en\/kedves-nezoink\/","og_site_name":"Szabad Sz\u00ednh\u00e1z","article_publisher":"https:\/\/www.facebook.com\/szabadszinhaz","article_published_time":"2020-11-11T18:00:00+00:00","article_modified_time":"2022-03-29T07:11:46+00:00","og_image":[{"url":"https:\/\/static.xx.fbcdn.net\/images\/emoji.php\/v9\/tae\/1\/16\/1f3ad.png","type":"","width":"","height":""}],"author":"Torma Tam\u00e1s","twitter_card":"summary_large_image","twitter_misc":{"Written by":"Torma Tam\u00e1s","Est. reading time":"1 minute"},"schema":{"@context":"https:\/\/schema.org","@graph":[{"@type":"Article","@id":"https:\/\/www.szabadszinhaz.hu\/kedves-nezoink\/#article","isPartOf":{"@id":"https:\/\/www.szabadszinhaz.hu\/kedves-nezoink\/"},"author":{"name":"Torma Tam\u00e1s","@id":"https:\/\/www.szabadszinhaz.hu\/#\/schema\/person\/f073068e07078a7485de7e4cb9b477f5"},"headline":"Elindult a Szabad-ON","datePublished":"2020-11-11T18:00:00+00:00","dateModified":"2022-03-29T07:11:46+00:00","mainEntityOfPage":{"@id":"https:\/\/www.szabadszinhaz.hu\/kedves-nezoink\/"},"wordCount":237,"commentCount":0,"publisher":{"@id":"https:\/\/www.szabadszinhaz.hu\/#organization"},"image":{"@id":"https:\/\/www.szabadszinhaz.hu\/kedves-nezoink\/#primaryimage"},"thumbnailUrl":"https:\/\/static.xx.fbcdn.net\/images\/emoji.php\/v9\/tae\/1\/16\/1f3ad.png","articleSection":["Arch\u00edvum","Egy\u00e9b kateg\u00f3ria"],"inLanguage":"en-US","potentialAction":[{"@type":"CommentAction","name":"Comment","target":["https:\/\/www.szabadszinhaz.hu\/kedves-nezoink\/#respond"]}]},{"@type":"WebPage","@id":"https:\/\/www.szabadszinhaz.hu\/kedves-nezoink\/","url":"https:\/\/www.szabadszinhaz.hu\/kedves-nezoink\/","name":"Elindult a Szabad-ON - Szabad Sz\u00ednh\u00e1z","isPartOf":{"@id":"https:\/\/www.szabadszinhaz.hu\/#website"},"primaryImageOfPage":{"@id":"https:\/\/www.szabadszinhaz.hu\/kedves-nezoink\/#primaryimage"},"image":{"@id":"https:\/\/www.szabadszinhaz.hu\/kedves-nezoink\/#primaryimage"},"thumbnailUrl":"https:\/\/static.xx.fbcdn.net\/images\/emoji.php\/v9\/tae\/1\/16\/1f3ad.png","datePublished":"2020-11-11T18:00:00+00:00","dateModified":"2022-03-29T07:11:46+00:00","breadcrumb":{"@id":"https:\/\/www.szabadszinhaz.hu\/kedves-nezoink\/#breadcrumb"},"inLanguage":"en-US","potentialAction":[{"@type":"ReadAction","target":["https:\/\/www.szabadszinhaz.hu\/kedves-nezoink\/"]}]},{"@type":"ImageObject","inLanguage":"en-US","@id":"https:\/\/www.szabadszinhaz.hu\/kedves-nezoink\/#primaryimage","url":"https:\/\/static.xx.fbcdn.net\/images\/emoji.php\/v9\/tae\/1\/16\/1f3ad.png","contentUrl":"https:\/\/static.xx.fbcdn.net\/images\/emoji.php\/v9\/tae\/1\/16\/1f3ad.png"},{"@type":"BreadcrumbList","@id":"https:\/\/www.szabadszinhaz.hu\/kedves-nezoink\/#breadcrumb","itemListElement":[{"@type":"ListItem","position":1,"name":"Kezd\u0151lap","item":"https:\/\/www.szabadszinhaz.hu\/"},{"@type":"ListItem","position":2,"name":"Elindult a Szabad-ON"}]},{"@type":"WebSite","@id":"https:\/\/www.szabadszinhaz.hu\/#website","url":"https:\/\/www.szabadszinhaz.hu\/","name":"Free Theatre - Szabad Sz\u00ednh\u00e1z","description":"Free Theatre - Szabad Sz\u00ednh\u00e1z","publisher":{"@id":"https:\/\/www.szabadszinhaz.hu\/#organization"},"potentialAction":[{"@type":"SearchAction","target":{"@type":"EntryPoint","urlTemplate":"https:\/\/www.szabadszinhaz.hu\/?s={search_term_string}"},"query-input":{"@type":"PropertyValueSpecification","valueRequired":true,"valueName":"search_term_string"}}],"inLanguage":"en-US"},{"@type":"Organization","@id":"https:\/\/www.szabadszinhaz.hu\/#organization","name":"Szabad Sz\u00ednh\u00e1z SZ\u00cdN-T\u00c9R Egyes\u00fclet","url":"https:\/\/www.szabadszinhaz.hu\/","logo":{"@type":"ImageObject","inLanguage":"en-US","@id":"https:\/\/www.szabadszinhaz.hu\/#\/schema\/logo\/image\/","url":"https:\/\/www.szabadszinhaz.hu\/wp-content\/uploads\/2025\/01\/images.jpg","contentUrl":"https:\/\/www.szabadszinhaz.hu\/wp-content\/uploads\/2025\/01\/images.jpg","width":178,"height":284,"caption":"Szabad Sz\u00ednh\u00e1z SZ\u00cdN-T\u00c9R Egyes\u00fclet"},"image":{"@id":"https:\/\/www.szabadszinhaz.hu\/#\/schema\/logo\/image\/"},"sameAs":["https:\/\/www.facebook.com\/szabadszinhaz"]},{"@type":"Person","@id":"https:\/\/www.szabadszinhaz.hu\/#\/schema\/person\/f073068e07078a7485de7e4cb9b477f5","name":"Torma Tam\u00e1s","image":{"@type":"ImageObject","inLanguage":"en-US","@id":"https:\/\/www.szabadszinhaz.hu\/#\/schema\/person\/image\/","url":"https:\/\/secure.gravatar.com\/avatar\/70aab4237fcbdfeefaf6fa1f88503d4ea3023ed33c2ea5b4acebb5baa95f2143?s=96&d=mm&r=g","contentUrl":"https:\/\/secure.gravatar.com\/avatar\/70aab4237fcbdfeefaf6fa1f88503d4ea3023ed33c2ea5b4acebb5baa95f2143?s=96&d=mm&r=g","caption":"Torma Tam\u00e1s"},"url":"https:\/\/www.szabadszinhaz.hu\/en\/author\/tormatomi\/"}]}},"_links":{"self":[{"href":"https:\/\/www.szabadszinhaz.hu\/en\/wp-json\/wp\/v2\/posts\/3005","targetHints":{"allow":["GET"]}}],"collection":[{"href":"https:\/\/www.szabadszinhaz.hu\/en\/wp-json\/wp\/v2\/posts"}],"about":[{"href":"https:\/\/www.szabadszinhaz.hu\/en\/wp-json\/wp\/v2\/types\/post"}],"author":[{"embeddable":true,"href":"https:\/\/www.szabadszinhaz.hu\/en\/wp-json\/wp\/v2\/users\/2"}],"replies":[{"embeddable":true,"href":"https:\/\/www.szabadszinhaz.hu\/en\/wp-json\/wp\/v2\/comments?post=3005"}],"version-history":[{"count":1,"href":"https:\/\/www.szabadszinhaz.hu\/en\/wp-json\/wp\/v2\/posts\/3005\/revisions"}],"predecessor-version":[{"id":5774,"href":"https:\/\/www.szabadszinhaz.hu\/en\/wp-json\/wp\/v2\/posts\/3005\/revisions\/5774"}],"wp:attachment":[{"href":"https:\/\/www.szabadszinhaz.hu\/en\/wp-json\/wp\/v2\/media?parent=3005"}],"wp:term":[{"taxonomy":"category","embeddable":true,"href":"https:\/\/www.szabadszinhaz.hu\/en\/wp-json\/wp\/v2\/categories?post=3005"},{"taxonomy":"post_tag","embeddable":true,"href":"https:\/\/www.szabadszinhaz.hu\/en\/wp-json\/wp\/v2\/tags?post=3005"}],"curies":[{"name":"wp","href":"https:\/\/api.w.org\/{rel}","templated":true}]}}