{"id":10497,"date":"2026-09-04T11:45:33","date_gmt":"2026-09-04T09:45:33","guid":{"rendered":"https:\/\/www.szabadszinhaz.hu\/?p=10497"},"modified":"2026-09-04T11:45:33","modified_gmt":"2026-09-04T09:45:33","slug":"szinjatszas-irant-elkotelezett-fiatalok-figyelem","status":"publish","type":"post","link":"https:\/\/www.szabadszinhaz.hu\/en\/szinjatszas-irant-elkotelezett-fiatalok-figyelem\/","title":{"rendered":"Sz\u00ednj\u00e1tsz\u00e1s ir\u00e1nt elk\u00f6telezett fiatalok! Figyelem!"},"content":{"rendered":"<p>2026. szeptember m\u00e1sodik het\u00e9t\u0151l indulnak ut\u00e1np\u00f3tl\u00e1scsoportjaink n\u00e9gy koroszt\u00e1lyban! A Prikulics, a Vadalma, a Vasv\u00e1ri \u00e9s a B\u00e1zis csoportok szeretettel v\u00e1rnak minden sz\u00ednj\u00e1tsz\u00e1s ir\u00e1nt elk\u00f6telezett fiatalt! K\u00fcl\u00f6nb\u00f6z\u0151 korok, m\u0171fajok elt\u00e9r\u0151 formanyelvi elemeit lehet kipr\u00f3b\u00e1lni, vid\u00e1m t\u00e1rsas\u00e1gban alkotni! A leg\u00fcgyesebbek beker\u00fclnek a feln\u0151tt t\u00e1rsulat produkci\u00f3iba is! A Prikulics \u00e9s Vadalma csoportok keddenk\u00e9nt d\u00e9lut\u00e1n 16.30-t\u00f3l, a Vasv\u00e1ri szerda d\u00e9lut\u00e1n 15.00-t\u0151l, a B\u00e1zis csoport cs\u00fct\u00f6rt\u00f6k\u00f6nk\u00e9nt 16.30-t\u00f3l pr\u00f3b\u00e1l! \u00daj j\u00e1tsz\u00f3t\u00e1rsakat is szeretettel v\u00e1runk! Filmes csoportunk h\u00e9tf\u0151nk\u00e9nt az Ig\u00e9z\u0151ben v\u00e1rja az alakot\u00f3kat! tov\u00e1bbi inform\u00e1ci\u00f3k, jelentkez\u00e9s : igezo2014@gmail.com<\/p>","protected":false},"excerpt":{"rendered":"<p>2026. szeptember m\u00e1sodik het\u00e9t\u0151l indulnak ut\u00e1np\u00f3tl\u00e1scsoportjaink n\u00e9gy koroszt\u00e1lyban! A Prikulics, a Vadalma, a Vasv\u00e1ri \u00e9s a B\u00e1zis csoportok szeretettel v\u00e1rnak minden sz\u00ednj\u00e1tsz\u00e1s ir\u00e1nt elk\u00f6telezett fiatalt! K\u00fcl\u00f6nb\u00f6z\u0151 korok, m\u0171fajok elt\u00e9r\u0151 formanyelvi [&hellip;]<\/p>\n","protected":false},"author":4,"featured_media":10498,"comment_status":"open","ping_status":"closed","sticky":false,"template":"","format":"standard","meta":{"_et_pb_use_builder":"","_et_pb_old_content":"","_et_gb_content_width":"","_price":"","_stock":"","_tribe_ticket_header":"","_tribe_default_ticket_provider":"","_ticket_start_date":"","_ticket_end_date":"","_tribe_ticket_show_description":"","_tribe_ticket_show_not_going":false,"_tribe_ticket_use_global_stock":"","_tribe_ticket_global_stock_level":"","_global_stock_mode":"","_global_stock_cap":"","_tribe_rsvp_for_event":"","_tribe_ticket_going_count":"","_tribe_ticket_not_going_count":"","_tribe_tickets_list":"[]","_tribe_ticket_has_attendee_info_fields":false,"footnotes":""},"categories":[14],"tags":[],"class_list":["post-10497","post","type-post","status-publish","format-standard","has-post-thumbnail","hentry","category-aktualis"],"yoast_head":"<!-- This site is optimized with the Yoast SEO plugin v25.0 - https:\/\/yoast.com\/wordpress\/plugins\/seo\/ -->\n<title>Sz\u00ednj\u00e1tsz\u00e1s ir\u00e1nt elk\u00f6telezett fiatalok! Figyelem! - Szabad Sz\u00ednh\u00e1z<\/title>\n<meta name=\"robots\" content=\"index, follow, max-snippet:-1, max-image-preview:large, max-video-preview:-1\" \/>\n<link rel=\"canonical\" href=\"https:\/\/www.szabadszinhaz.hu\/en\/szinjatszas-irant-elkotelezett-fiatalok-figyelem\/\" \/>\n<meta property=\"og:locale\" content=\"en_US\" \/>\n<meta property=\"og:type\" content=\"article\" \/>\n<meta property=\"og:title\" content=\"Sz\u00ednj\u00e1tsz\u00e1s ir\u00e1nt elk\u00f6telezett fiatalok! Figyelem! - Szabad Sz\u00ednh\u00e1z\" \/>\n<meta property=\"og:description\" content=\"2026. szeptember m\u00e1sodik het\u00e9t\u0151l indulnak ut\u00e1np\u00f3tl\u00e1scsoportjaink n\u00e9gy koroszt\u00e1lyban! A Prikulics, a Vadalma, a Vasv\u00e1ri \u00e9s a B\u00e1zis csoportok szeretettel v\u00e1rnak minden sz\u00ednj\u00e1tsz\u00e1s ir\u00e1nt elk\u00f6telezett fiatalt! K\u00fcl\u00f6nb\u00f6z\u0151 korok, m\u0171fajok elt\u00e9r\u0151 formanyelvi [&hellip;]\" \/>\n<meta property=\"og:url\" content=\"https:\/\/www.szabadszinhaz.hu\/en\/szinjatszas-irant-elkotelezett-fiatalok-figyelem\/\" \/>\n<meta property=\"og:site_name\" content=\"Szabad Sz\u00ednh\u00e1z\" \/>\n<meta property=\"article:publisher\" content=\"https:\/\/www.facebook.com\/szabadszinhaz\" \/>\n<meta property=\"article:published_time\" content=\"2026-09-04T09:45:33+00:00\" \/>\n<meta property=\"og:image\" content=\"https:\/\/www.szabadszinhaz.hu\/wp-content\/uploads\/2026\/09\/7a10cd83-c281-49de-9e70-843ff457668f.jpeg\" \/>\n\t<meta property=\"og:image:width\" content=\"512\" \/>\n\t<meta property=\"og:image:height\" content=\"341\" \/>\n\t<meta property=\"og:image:type\" content=\"image\/jpeg\" \/>\n<meta name=\"author\" content=\"Marketing\" \/>\n<meta name=\"twitter:card\" content=\"summary_large_image\" \/>\n<meta name=\"twitter:label1\" content=\"Written by\" \/>\n\t<meta name=\"twitter:data1\" content=\"Marketing\" \/>\n\t<meta name=\"twitter:label2\" content=\"Est. reading time\" \/>\n\t<meta name=\"twitter:data2\" content=\"1 minute\" \/>\n<script type=\"application\/ld+json\" class=\"yoast-schema-graph\">{\"@context\":\"https:\/\/schema.org\",\"@graph\":[{\"@type\":\"Article\",\"@id\":\"https:\/\/www.szabadszinhaz.hu\/szinjatszas-irant-elkotelezett-fiatalok-figyelem\/#article\",\"isPartOf\":{\"@id\":\"https:\/\/www.szabadszinhaz.hu\/szinjatszas-irant-elkotelezett-fiatalok-figyelem\/\"},\"author\":{\"name\":\"Marketing\",\"@id\":\"https:\/\/www.szabadszinhaz.hu\/#\/schema\/person\/adf33eeeb97d5b38b99716d40eac38df\"},\"headline\":\"Sz\u00ednj\u00e1tsz\u00e1s ir\u00e1nt elk\u00f6telezett fiatalok! Figyelem!\",\"datePublished\":\"2026-09-04T09:45:33+00:00\",\"mainEntityOfPage\":{\"@id\":\"https:\/\/www.szabadszinhaz.hu\/szinjatszas-irant-elkotelezett-fiatalok-figyelem\/\"},\"wordCount\":154,\"commentCount\":0,\"publisher\":{\"@id\":\"https:\/\/www.szabadszinhaz.hu\/#organization\"},\"image\":{\"@id\":\"https:\/\/www.szabadszinhaz.hu\/szinjatszas-irant-elkotelezett-fiatalok-figyelem\/#primaryimage\"},\"thumbnailUrl\":\"https:\/\/www.szabadszinhaz.hu\/wp-content\/uploads\/2026\/09\/7a10cd83-c281-49de-9e70-843ff457668f.jpeg\",\"articleSection\":[\"Aktu\u00e1lis\"],\"inLanguage\":\"en-US\",\"potentialAction\":[{\"@type\":\"CommentAction\",\"name\":\"Comment\",\"target\":[\"https:\/\/www.szabadszinhaz.hu\/szinjatszas-irant-elkotelezett-fiatalok-figyelem\/#respond\"]}]},{\"@type\":\"WebPage\",\"@id\":\"https:\/\/www.szabadszinhaz.hu\/szinjatszas-irant-elkotelezett-fiatalok-figyelem\/\",\"url\":\"https:\/\/www.szabadszinhaz.hu\/szinjatszas-irant-elkotelezett-fiatalok-figyelem\/\",\"name\":\"Sz\u00ednj\u00e1tsz\u00e1s ir\u00e1nt elk\u00f6telezett fiatalok! Figyelem! - Szabad Sz\u00ednh\u00e1z\",\"isPartOf\":{\"@id\":\"https:\/\/www.szabadszinhaz.hu\/#website\"},\"primaryImageOfPage\":{\"@id\":\"https:\/\/www.szabadszinhaz.hu\/szinjatszas-irant-elkotelezett-fiatalok-figyelem\/#primaryimage\"},\"image\":{\"@id\":\"https:\/\/www.szabadszinhaz.hu\/szinjatszas-irant-elkotelezett-fiatalok-figyelem\/#primaryimage\"},\"thumbnailUrl\":\"https:\/\/www.szabadszinhaz.hu\/wp-content\/uploads\/2026\/09\/7a10cd83-c281-49de-9e70-843ff457668f.jpeg\",\"datePublished\":\"2026-09-04T09:45:33+00:00\",\"breadcrumb\":{\"@id\":\"https:\/\/www.szabadszinhaz.hu\/szinjatszas-irant-elkotelezett-fiatalok-figyelem\/#breadcrumb\"},\"inLanguage\":\"en-US\",\"potentialAction\":[{\"@type\":\"ReadAction\",\"target\":[\"https:\/\/www.szabadszinhaz.hu\/szinjatszas-irant-elkotelezett-fiatalok-figyelem\/\"]}]},{\"@type\":\"ImageObject\",\"inLanguage\":\"en-US\",\"@id\":\"https:\/\/www.szabadszinhaz.hu\/szinjatszas-irant-elkotelezett-fiatalok-figyelem\/#primaryimage\",\"url\":\"https:\/\/www.szabadszinhaz.hu\/wp-content\/uploads\/2026\/09\/7a10cd83-c281-49de-9e70-843ff457668f.jpeg\",\"contentUrl\":\"https:\/\/www.szabadszinhaz.hu\/wp-content\/uploads\/2026\/09\/7a10cd83-c281-49de-9e70-843ff457668f.jpeg\",\"width\":512,\"height\":341},{\"@type\":\"BreadcrumbList\",\"@id\":\"https:\/\/www.szabadszinhaz.hu\/szinjatszas-irant-elkotelezett-fiatalok-figyelem\/#breadcrumb\",\"itemListElement\":[{\"@type\":\"ListItem\",\"position\":1,\"name\":\"Kezd\u0151lap\",\"item\":\"https:\/\/www.szabadszinhaz.hu\/\"},{\"@type\":\"ListItem\",\"position\":2,\"name\":\"Sz\u00ednj\u00e1tsz\u00e1s ir\u00e1nt elk\u00f6telezett fiatalok! Figyelem!\"}]},{\"@type\":\"WebSite\",\"@id\":\"https:\/\/www.szabadszinhaz.hu\/#website\",\"url\":\"https:\/\/www.szabadszinhaz.hu\/\",\"name\":\"Szabad Sz\u00ednh\u00e1z\",\"description\":\"Szabad Sz\u00ednh\u00e1z\",\"publisher\":{\"@id\":\"https:\/\/www.szabadszinhaz.hu\/#organization\"},\"potentialAction\":[{\"@type\":\"SearchAction\",\"target\":{\"@type\":\"EntryPoint\",\"urlTemplate\":\"https:\/\/www.szabadszinhaz.hu\/?s={search_term_string}\"},\"query-input\":{\"@type\":\"PropertyValueSpecification\",\"valueRequired\":true,\"valueName\":\"search_term_string\"}}],\"inLanguage\":\"en-US\"},{\"@type\":\"Organization\",\"@id\":\"https:\/\/www.szabadszinhaz.hu\/#organization\",\"name\":\"Szabad Sz\u00ednh\u00e1z SZ\u00cdN-T\u00c9R Egyes\u00fclet\",\"url\":\"https:\/\/www.szabadszinhaz.hu\/\",\"logo\":{\"@type\":\"ImageObject\",\"inLanguage\":\"en-US\",\"@id\":\"https:\/\/www.szabadszinhaz.hu\/#\/schema\/logo\/image\/\",\"url\":\"https:\/\/www.szabadszinhaz.hu\/wp-content\/uploads\/2025\/01\/images.jpg\",\"contentUrl\":\"https:\/\/www.szabadszinhaz.hu\/wp-content\/uploads\/2025\/01\/images.jpg\",\"width\":178,\"height\":284,\"caption\":\"Szabad Sz\u00ednh\u00e1z SZ\u00cdN-T\u00c9R Egyes\u00fclet\"},\"image\":{\"@id\":\"https:\/\/www.szabadszinhaz.hu\/#\/schema\/logo\/image\/\"},\"sameAs\":[\"https:\/\/www.facebook.com\/szabadszinhaz\"]},{\"@type\":\"Person\",\"@id\":\"https:\/\/www.szabadszinhaz.hu\/#\/schema\/person\/adf33eeeb97d5b38b99716d40eac38df\",\"name\":\"Marketing\",\"image\":{\"@type\":\"ImageObject\",\"inLanguage\":\"en-US\",\"@id\":\"https:\/\/www.szabadszinhaz.hu\/#\/schema\/person\/image\/\",\"url\":\"https:\/\/secure.gravatar.com\/avatar\/91ecf0292b413a0a2d72ed92f55afccfc56972be6fad751c9cb9a9da4afe01ef?s=96&d=mm&r=g\",\"contentUrl\":\"https:\/\/secure.gravatar.com\/avatar\/91ecf0292b413a0a2d72ed92f55afccfc56972be6fad751c9cb9a9da4afe01ef?s=96&d=mm&r=g\",\"caption\":\"Marketing\"},\"url\":\"https:\/\/www.szabadszinhaz.hu\/en\/author\/marketing_szabszinhaz\/\"}]}<\/script>\n<!-- \/ Yoast SEO plugin. -->","yoast_head_json":{"title":"Sz\u00ednj\u00e1tsz\u00e1s ir\u00e1nt elk\u00f6telezett fiatalok! Figyelem! - Szabad Sz\u00ednh\u00e1z","robots":{"index":"index","follow":"follow","max-snippet":"max-snippet:-1","max-image-preview":"max-image-preview:large","max-video-preview":"max-video-preview:-1"},"canonical":"https:\/\/www.szabadszinhaz.hu\/en\/szinjatszas-irant-elkotelezett-fiatalok-figyelem\/","og_locale":"en_US","og_type":"article","og_title":"Sz\u00ednj\u00e1tsz\u00e1s ir\u00e1nt elk\u00f6telezett fiatalok! Figyelem! - Szabad Sz\u00ednh\u00e1z","og_description":"2026. szeptember m\u00e1sodik het\u00e9t\u0151l indulnak ut\u00e1np\u00f3tl\u00e1scsoportjaink n\u00e9gy koroszt\u00e1lyban! A Prikulics, a Vadalma, a Vasv\u00e1ri \u00e9s a B\u00e1zis csoportok szeretettel v\u00e1rnak minden sz\u00ednj\u00e1tsz\u00e1s ir\u00e1nt elk\u00f6telezett fiatalt! K\u00fcl\u00f6nb\u00f6z\u0151 korok, m\u0171fajok elt\u00e9r\u0151 formanyelvi [&hellip;]","og_url":"https:\/\/www.szabadszinhaz.hu\/en\/szinjatszas-irant-elkotelezett-fiatalok-figyelem\/","og_site_name":"Szabad Sz\u00ednh\u00e1z","article_publisher":"https:\/\/www.facebook.com\/szabadszinhaz","article_published_time":"2026-09-04T09:45:33+00:00","og_image":[{"width":512,"height":341,"url":"https:\/\/www.szabadszinhaz.hu\/wp-content\/uploads\/2026\/09\/7a10cd83-c281-49de-9e70-843ff457668f.jpeg","type":"image\/jpeg"}],"author":"Marketing","twitter_card":"summary_large_image","twitter_misc":{"Written by":"Marketing","Est. reading time":"1 minute"},"schema":{"@context":"https:\/\/schema.org","@graph":[{"@type":"Article","@id":"https:\/\/www.szabadszinhaz.hu\/szinjatszas-irant-elkotelezett-fiatalok-figyelem\/#article","isPartOf":{"@id":"https:\/\/www.szabadszinhaz.hu\/szinjatszas-irant-elkotelezett-fiatalok-figyelem\/"},"author":{"name":"Marketing","@id":"https:\/\/www.szabadszinhaz.hu\/#\/schema\/person\/adf33eeeb97d5b38b99716d40eac38df"},"headline":"Sz\u00ednj\u00e1tsz\u00e1s ir\u00e1nt elk\u00f6telezett fiatalok! Figyelem!","datePublished":"2026-09-04T09:45:33+00:00","mainEntityOfPage":{"@id":"https:\/\/www.szabadszinhaz.hu\/szinjatszas-irant-elkotelezett-fiatalok-figyelem\/"},"wordCount":154,"commentCount":0,"publisher":{"@id":"https:\/\/www.szabadszinhaz.hu\/#organization"},"image":{"@id":"https:\/\/www.szabadszinhaz.hu\/szinjatszas-irant-elkotelezett-fiatalok-figyelem\/#primaryimage"},"thumbnailUrl":"https:\/\/www.szabadszinhaz.hu\/wp-content\/uploads\/2026\/09\/7a10cd83-c281-49de-9e70-843ff457668f.jpeg","articleSection":["Aktu\u00e1lis"],"inLanguage":"en-US","potentialAction":[{"@type":"CommentAction","name":"Comment","target":["https:\/\/www.szabadszinhaz.hu\/szinjatszas-irant-elkotelezett-fiatalok-figyelem\/#respond"]}]},{"@type":"WebPage","@id":"https:\/\/www.szabadszinhaz.hu\/szinjatszas-irant-elkotelezett-fiatalok-figyelem\/","url":"https:\/\/www.szabadszinhaz.hu\/szinjatszas-irant-elkotelezett-fiatalok-figyelem\/","name":"Sz\u00ednj\u00e1tsz\u00e1s ir\u00e1nt elk\u00f6telezett fiatalok! Figyelem! - Szabad Sz\u00ednh\u00e1z","isPartOf":{"@id":"https:\/\/www.szabadszinhaz.hu\/#website"},"primaryImageOfPage":{"@id":"https:\/\/www.szabadszinhaz.hu\/szinjatszas-irant-elkotelezett-fiatalok-figyelem\/#primaryimage"},"image":{"@id":"https:\/\/www.szabadszinhaz.hu\/szinjatszas-irant-elkotelezett-fiatalok-figyelem\/#primaryimage"},"thumbnailUrl":"https:\/\/www.szabadszinhaz.hu\/wp-content\/uploads\/2026\/09\/7a10cd83-c281-49de-9e70-843ff457668f.jpeg","datePublished":"2026-09-04T09:45:33+00:00","breadcrumb":{"@id":"https:\/\/www.szabadszinhaz.hu\/szinjatszas-irant-elkotelezett-fiatalok-figyelem\/#breadcrumb"},"inLanguage":"en-US","potentialAction":[{"@type":"ReadAction","target":["https:\/\/www.szabadszinhaz.hu\/szinjatszas-irant-elkotelezett-fiatalok-figyelem\/"]}]},{"@type":"ImageObject","inLanguage":"en-US","@id":"https:\/\/www.szabadszinhaz.hu\/szinjatszas-irant-elkotelezett-fiatalok-figyelem\/#primaryimage","url":"https:\/\/www.szabadszinhaz.hu\/wp-content\/uploads\/2026\/09\/7a10cd83-c281-49de-9e70-843ff457668f.jpeg","contentUrl":"https:\/\/www.szabadszinhaz.hu\/wp-content\/uploads\/2026\/09\/7a10cd83-c281-49de-9e70-843ff457668f.jpeg","width":512,"height":341},{"@type":"BreadcrumbList","@id":"https:\/\/www.szabadszinhaz.hu\/szinjatszas-irant-elkotelezett-fiatalok-figyelem\/#breadcrumb","itemListElement":[{"@type":"ListItem","position":1,"name":"Kezd\u0151lap","item":"https:\/\/www.szabadszinhaz.hu\/"},{"@type":"ListItem","position":2,"name":"Sz\u00ednj\u00e1tsz\u00e1s ir\u00e1nt elk\u00f6telezett fiatalok! Figyelem!"}]},{"@type":"WebSite","@id":"https:\/\/www.szabadszinhaz.hu\/#website","url":"https:\/\/www.szabadszinhaz.hu\/","name":"Free Theatre - Szabad Sz\u00ednh\u00e1z","description":"Free Theatre - Szabad Sz\u00ednh\u00e1z","publisher":{"@id":"https:\/\/www.szabadszinhaz.hu\/#organization"},"potentialAction":[{"@type":"SearchAction","target":{"@type":"EntryPoint","urlTemplate":"https:\/\/www.szabadszinhaz.hu\/?s={search_term_string}"},"query-input":{"@type":"PropertyValueSpecification","valueRequired":true,"valueName":"search_term_string"}}],"inLanguage":"en-US"},{"@type":"Organization","@id":"https:\/\/www.szabadszinhaz.hu\/#organization","name":"Szabad Sz\u00ednh\u00e1z SZ\u00cdN-T\u00c9R Egyes\u00fclet","url":"https:\/\/www.szabadszinhaz.hu\/","logo":{"@type":"ImageObject","inLanguage":"en-US","@id":"https:\/\/www.szabadszinhaz.hu\/#\/schema\/logo\/image\/","url":"https:\/\/www.szabadszinhaz.hu\/wp-content\/uploads\/2025\/01\/images.jpg","contentUrl":"https:\/\/www.szabadszinhaz.hu\/wp-content\/uploads\/2025\/01\/images.jpg","width":178,"height":284,"caption":"Szabad Sz\u00ednh\u00e1z SZ\u00cdN-T\u00c9R Egyes\u00fclet"},"image":{"@id":"https:\/\/www.szabadszinhaz.hu\/#\/schema\/logo\/image\/"},"sameAs":["https:\/\/www.facebook.com\/szabadszinhaz"]},{"@type":"Person","@id":"https:\/\/www.szabadszinhaz.hu\/#\/schema\/person\/adf33eeeb97d5b38b99716d40eac38df","name":"Marketing","image":{"@type":"ImageObject","inLanguage":"en-US","@id":"https:\/\/www.szabadszinhaz.hu\/#\/schema\/person\/image\/","url":"https:\/\/secure.gravatar.com\/avatar\/91ecf0292b413a0a2d72ed92f55afccfc56972be6fad751c9cb9a9da4afe01ef?s=96&d=mm&r=g","contentUrl":"https:\/\/secure.gravatar.com\/avatar\/91ecf0292b413a0a2d72ed92f55afccfc56972be6fad751c9cb9a9da4afe01ef?s=96&d=mm&r=g","caption":"Marketing"},"url":"https:\/\/www.szabadszinhaz.hu\/en\/author\/marketing_szabszinhaz\/"}]}},"_links":{"self":[{"href":"https:\/\/www.szabadszinhaz.hu\/en\/wp-json\/wp\/v2\/posts\/10497","targetHints":{"allow":["GET"]}}],"collection":[{"href":"https:\/\/www.szabadszinhaz.hu\/en\/wp-json\/wp\/v2\/posts"}],"about":[{"href":"https:\/\/www.szabadszinhaz.hu\/en\/wp-json\/wp\/v2\/types\/post"}],"author":[{"embeddable":true,"href":"https:\/\/www.szabadszinhaz.hu\/en\/wp-json\/wp\/v2\/users\/4"}],"replies":[{"embeddable":true,"href":"https:\/\/www.szabadszinhaz.hu\/en\/wp-json\/wp\/v2\/comments?post=10497"}],"version-history":[{"count":1,"href":"https:\/\/www.szabadszinhaz.hu\/en\/wp-json\/wp\/v2\/posts\/10497\/revisions"}],"predecessor-version":[{"id":10499,"href":"https:\/\/www.szabadszinhaz.hu\/en\/wp-json\/wp\/v2\/posts\/10497\/revisions\/10499"}],"wp:featuredmedia":[{"embeddable":true,"href":"https:\/\/www.szabadszinhaz.hu\/en\/wp-json\/wp\/v2\/media\/10498"}],"wp:attachment":[{"href":"https:\/\/www.szabadszinhaz.hu\/en\/wp-json\/wp\/v2\/media?parent=10497"}],"wp:term":[{"taxonomy":"category","embeddable":true,"href":"https:\/\/www.szabadszinhaz.hu\/en\/wp-json\/wp\/v2\/categories?post=10497"},{"taxonomy":"post_tag","embeddable":true,"href":"https:\/\/www.szabadszinhaz.hu\/en\/wp-json\/wp\/v2\/tags?post=10497"}],"curies":[{"name":"wp","href":"https:\/\/api.w.org\/{rel}","templated":true}]}}