{"id":10230,"date":"2026-04-27T22:47:03","date_gmt":"2026-04-27T20:47:03","guid":{"rendered":"https:\/\/www.szabadszinhaz.hu\/?p=10230"},"modified":"2026-04-27T22:51:15","modified_gmt":"2026-04-27T20:51:15","slug":"orszagos-diakszinjatszo-talalkoto-regionalis-dontojerol-bazis-csoportunk-arany-minositest-kapott","status":"publish","type":"post","link":"https:\/\/www.szabadszinhaz.hu\/en\/orszagos-diakszinjatszo-talalkoto-regionalis-dontojerol-bazis-csoportunk-arany-minositest-kapott\/","title":{"rendered":"Orsz\u00e1gos Di\u00e1ksz\u00ednj\u00e1tsz\u00f3 Tal\u00e1lkoz\u00f3 Region\u00e1lis d\u00f6nt\u0151: B\u00e1zis csoportunk arany min\u0151s\u00edt\u00e9st kapott!"},"content":{"rendered":"<p>Elk\u00e9peszt\u0151 d\u00edjes\u0151vel t\u00e9rtek haza iifj\u00fas\u00e1gi ut\u00e1np\u00f3tl\u00e1s csoportjaink is az <strong>Orsz\u00e1gos Di\u00e1ksz\u00ednj\u00e1tsz\u00f3 Tal\u00e1lkoz\u00f3 Region\u00e1lis d\u00f6nt\u0151j\u00e9r\u0151l! B\u00e1zis csoportunk arany min\u0151s\u00edt\u00e9s<\/strong>t, \u00e9s vezet\u0151j\u00fck Gerg\u0151 Kov\u00e1cs rendez\u0151i k\u00fcl\u00f6nd\u00edjat kapott az East-Balk\u00e1n c\u00edm\u0171 produkci\u00f3ra. Vasv\u00e1ris csoportunk pedig Az ember tragidi\u00e1ja el\u0151ad\u00e1s\u00e9rt sz\u00edn\u00e9szi k\u00fcl\u00f6nd\u00edjakkal,( Major G\u00e1bor, Szoboszlai Ambrus) csoportos k\u00fcl\u00f6nd\u00edjjal( R: Blanka Lilla Haag), valamint ez\u00fcst mn\u0151s\u00edt\u00e9ssel t\u00e9rt vissza Sz\u00e9kesfeh\u00e9rv\u00e1rra. Szeretettel gratul\u00e1lunk minden alkot\u00f3nak! Nagy \u00f6r\u00f6m, hogy ebben az \u00e9vben mind a n\u00e9gy ut\u00e1np\u00f3tl\u00e1s csoportunk sz\u00e9pen csillog\u00f3 min\u0151s\u00edt\u00e9seket szerzett a szakmai szeml\u00e9ken! \ud83d\ude0d(A helysz\u00ednen k\u00e9sz\u00fcltek hivatalos fot\u00f3k, amelyeket szint\u00e9n k\u00f6zz\u00e9tesz\u00fcnk, ha megkaptuk. )<\/p>\n<p><a href=\"https:\/\/www.facebook.com\/share\/1GjJEXkyaG\/?mibextid=wwXIfr\">K\u00f6z\u00e9p-Dun\u00e1nt\u00fali RDT Aba<\/a><\/p>\n<p>&nbsp;<\/p>","protected":false},"excerpt":{"rendered":"<p>Elk\u00e9peszt\u0151 d\u00edjes\u0151vel t\u00e9rtek haza iifj\u00fas\u00e1gi ut\u00e1np\u00f3tl\u00e1s csoportjaink is az Orsz\u00e1gos Di\u00e1ksz\u00ednj\u00e1tsz\u00f3 Tal\u00e1lkoz\u00f3 Region\u00e1lis d\u00f6nt\u0151j\u00e9r\u0151l! B\u00e1zis csoportunk arany min\u0151s\u00edt\u00e9st, \u00e9s vezet\u0151j\u00fck Gerg\u0151 Kov\u00e1cs rendez\u0151i k\u00fcl\u00f6nd\u00edjat kapott az East-Balk\u00e1n c\u00edm\u0171 produkci\u00f3ra. Vasv\u00e1ris [&hellip;]<\/p>\n","protected":false},"author":4,"featured_media":10231,"comment_status":"open","ping_status":"closed","sticky":false,"template":"","format":"standard","meta":{"_et_pb_use_builder":"","_et_pb_old_content":"","_et_gb_content_width":"","_price":"","_stock":"","_tribe_ticket_header":"","_tribe_default_ticket_provider":"","_ticket_start_date":"","_ticket_end_date":"","_tribe_ticket_show_description":"","_tribe_ticket_show_not_going":false,"_tribe_ticket_use_global_stock":"","_tribe_ticket_global_stock_level":"","_global_stock_mode":"","_global_stock_cap":"","_tribe_rsvp_for_event":"","_tribe_ticket_going_count":"","_tribe_ticket_not_going_count":"","_tribe_tickets_list":"[]","_tribe_ticket_has_attendee_info_fields":false,"footnotes":""},"categories":[14],"tags":[],"class_list":["post-10230","post","type-post","status-publish","format-standard","has-post-thumbnail","hentry","category-aktualis"],"yoast_head":"<!-- This site is optimized with the Yoast SEO plugin v25.0 - https:\/\/yoast.com\/wordpress\/plugins\/seo\/ -->\n<title>Orsz\u00e1gos Di\u00e1ksz\u00ednj\u00e1tsz\u00f3 Tal\u00e1lkoz\u00f3 Region\u00e1lis d\u00f6nt\u0151: B\u00e1zis csoportunk arany min\u0151s\u00edt\u00e9st kapott! - Szabad Sz\u00ednh\u00e1z<\/title>\n<meta name=\"robots\" content=\"index, follow, max-snippet:-1, max-image-preview:large, max-video-preview:-1\" \/>\n<link rel=\"canonical\" href=\"https:\/\/www.szabadszinhaz.hu\/en\/orszagos-diakszinjatszo-talalkoto-regionalis-dontojerol-bazis-csoportunk-arany-minositest-kapott\/\" \/>\n<meta property=\"og:locale\" content=\"en_US\" \/>\n<meta property=\"og:type\" content=\"article\" \/>\n<meta property=\"og:title\" content=\"Orsz\u00e1gos Di\u00e1ksz\u00ednj\u00e1tsz\u00f3 Tal\u00e1lkoz\u00f3 Region\u00e1lis d\u00f6nt\u0151: B\u00e1zis csoportunk arany min\u0151s\u00edt\u00e9st kapott! - Szabad Sz\u00ednh\u00e1z\" \/>\n<meta property=\"og:description\" content=\"Elk\u00e9peszt\u0151 d\u00edjes\u0151vel t\u00e9rtek haza iifj\u00fas\u00e1gi ut\u00e1np\u00f3tl\u00e1s csoportjaink is az Orsz\u00e1gos Di\u00e1ksz\u00ednj\u00e1tsz\u00f3 Tal\u00e1lkoz\u00f3 Region\u00e1lis d\u00f6nt\u0151j\u00e9r\u0151l! B\u00e1zis csoportunk arany min\u0151s\u00edt\u00e9st, \u00e9s vezet\u0151j\u00fck Gerg\u0151 Kov\u00e1cs rendez\u0151i k\u00fcl\u00f6nd\u00edjat kapott az East-Balk\u00e1n c\u00edm\u0171 produkci\u00f3ra. Vasv\u00e1ris [&hellip;]\" \/>\n<meta property=\"og:url\" content=\"https:\/\/www.szabadszinhaz.hu\/en\/orszagos-diakszinjatszo-talalkoto-regionalis-dontojerol-bazis-csoportunk-arany-minositest-kapott\/\" \/>\n<meta property=\"og:site_name\" content=\"Szabad Sz\u00ednh\u00e1z\" \/>\n<meta property=\"article:publisher\" content=\"https:\/\/www.facebook.com\/szabadszinhaz\" \/>\n<meta property=\"article:published_time\" content=\"2026-04-27T20:47:03+00:00\" \/>\n<meta property=\"article:modified_time\" content=\"2026-04-27T20:51:15+00:00\" \/>\n<meta property=\"og:image\" content=\"https:\/\/www.szabadszinhaz.hu\/wp-content\/uploads\/2026\/04\/IMG_5798.jpeg\" \/>\n\t<meta property=\"og:image:width\" content=\"1125\" \/>\n\t<meta property=\"og:image:height\" content=\"1410\" \/>\n\t<meta property=\"og:image:type\" content=\"image\/jpeg\" \/>\n<meta name=\"author\" content=\"Marketing\" \/>\n<meta name=\"twitter:card\" content=\"summary_large_image\" \/>\n<meta name=\"twitter:label1\" content=\"Written by\" \/>\n\t<meta name=\"twitter:data1\" content=\"Marketing\" \/>\n\t<meta name=\"twitter:label2\" content=\"Est. reading time\" \/>\n\t<meta name=\"twitter:data2\" content=\"1 minute\" \/>\n<script type=\"application\/ld+json\" class=\"yoast-schema-graph\">{\"@context\":\"https:\/\/schema.org\",\"@graph\":[{\"@type\":\"Article\",\"@id\":\"https:\/\/www.szabadszinhaz.hu\/orszagos-diakszinjatszo-talalkoto-regionalis-dontojerol-bazis-csoportunk-arany-minositest-kapott\/#article\",\"isPartOf\":{\"@id\":\"https:\/\/www.szabadszinhaz.hu\/orszagos-diakszinjatszo-talalkoto-regionalis-dontojerol-bazis-csoportunk-arany-minositest-kapott\/\"},\"author\":{\"name\":\"Marketing\",\"@id\":\"https:\/\/www.szabadszinhaz.hu\/#\/schema\/person\/adf33eeeb97d5b38b99716d40eac38df\"},\"headline\":\"Orsz\u00e1gos Di\u00e1ksz\u00ednj\u00e1tsz\u00f3 Tal\u00e1lkoz\u00f3 Region\u00e1lis d\u00f6nt\u0151: B\u00e1zis csoportunk arany min\u0151s\u00edt\u00e9st kapott!\",\"datePublished\":\"2026-04-27T20:47:03+00:00\",\"dateModified\":\"2026-04-27T20:51:15+00:00\",\"mainEntityOfPage\":{\"@id\":\"https:\/\/www.szabadszinhaz.hu\/orszagos-diakszinjatszo-talalkoto-regionalis-dontojerol-bazis-csoportunk-arany-minositest-kapott\/\"},\"wordCount\":190,\"commentCount\":0,\"publisher\":{\"@id\":\"https:\/\/www.szabadszinhaz.hu\/#organization\"},\"image\":{\"@id\":\"https:\/\/www.szabadszinhaz.hu\/orszagos-diakszinjatszo-talalkoto-regionalis-dontojerol-bazis-csoportunk-arany-minositest-kapott\/#primaryimage\"},\"thumbnailUrl\":\"https:\/\/www.szabadszinhaz.hu\/wp-content\/uploads\/2026\/04\/IMG_5798.jpeg\",\"articleSection\":[\"Aktu\u00e1lis\"],\"inLanguage\":\"en-US\",\"potentialAction\":[{\"@type\":\"CommentAction\",\"name\":\"Comment\",\"target\":[\"https:\/\/www.szabadszinhaz.hu\/orszagos-diakszinjatszo-talalkoto-regionalis-dontojerol-bazis-csoportunk-arany-minositest-kapott\/#respond\"]}]},{\"@type\":\"WebPage\",\"@id\":\"https:\/\/www.szabadszinhaz.hu\/orszagos-diakszinjatszo-talalkoto-regionalis-dontojerol-bazis-csoportunk-arany-minositest-kapott\/\",\"url\":\"https:\/\/www.szabadszinhaz.hu\/orszagos-diakszinjatszo-talalkoto-regionalis-dontojerol-bazis-csoportunk-arany-minositest-kapott\/\",\"name\":\"Orsz\u00e1gos Di\u00e1ksz\u00ednj\u00e1tsz\u00f3 Tal\u00e1lkoz\u00f3 Region\u00e1lis d\u00f6nt\u0151: B\u00e1zis csoportunk arany min\u0151s\u00edt\u00e9st kapott! - Szabad Sz\u00ednh\u00e1z\",\"isPartOf\":{\"@id\":\"https:\/\/www.szabadszinhaz.hu\/#website\"},\"primaryImageOfPage\":{\"@id\":\"https:\/\/www.szabadszinhaz.hu\/orszagos-diakszinjatszo-talalkoto-regionalis-dontojerol-bazis-csoportunk-arany-minositest-kapott\/#primaryimage\"},\"image\":{\"@id\":\"https:\/\/www.szabadszinhaz.hu\/orszagos-diakszinjatszo-talalkoto-regionalis-dontojerol-bazis-csoportunk-arany-minositest-kapott\/#primaryimage\"},\"thumbnailUrl\":\"https:\/\/www.szabadszinhaz.hu\/wp-content\/uploads\/2026\/04\/IMG_5798.jpeg\",\"datePublished\":\"2026-04-27T20:47:03+00:00\",\"dateModified\":\"2026-04-27T20:51:15+00:00\",\"breadcrumb\":{\"@id\":\"https:\/\/www.szabadszinhaz.hu\/orszagos-diakszinjatszo-talalkoto-regionalis-dontojerol-bazis-csoportunk-arany-minositest-kapott\/#breadcrumb\"},\"inLanguage\":\"en-US\",\"potentialAction\":[{\"@type\":\"ReadAction\",\"target\":[\"https:\/\/www.szabadszinhaz.hu\/orszagos-diakszinjatszo-talalkoto-regionalis-dontojerol-bazis-csoportunk-arany-minositest-kapott\/\"]}]},{\"@type\":\"ImageObject\",\"inLanguage\":\"en-US\",\"@id\":\"https:\/\/www.szabadszinhaz.hu\/orszagos-diakszinjatszo-talalkoto-regionalis-dontojerol-bazis-csoportunk-arany-minositest-kapott\/#primaryimage\",\"url\":\"https:\/\/www.szabadszinhaz.hu\/wp-content\/uploads\/2026\/04\/IMG_5798.jpeg\",\"contentUrl\":\"https:\/\/www.szabadszinhaz.hu\/wp-content\/uploads\/2026\/04\/IMG_5798.jpeg\",\"width\":1125,\"height\":1410},{\"@type\":\"BreadcrumbList\",\"@id\":\"https:\/\/www.szabadszinhaz.hu\/orszagos-diakszinjatszo-talalkoto-regionalis-dontojerol-bazis-csoportunk-arany-minositest-kapott\/#breadcrumb\",\"itemListElement\":[{\"@type\":\"ListItem\",\"position\":1,\"name\":\"Kezd\u0151lap\",\"item\":\"https:\/\/www.szabadszinhaz.hu\/\"},{\"@type\":\"ListItem\",\"position\":2,\"name\":\"Orsz\u00e1gos Di\u00e1ksz\u00ednj\u00e1tsz\u00f3 Tal\u00e1lkoz\u00f3 Region\u00e1lis d\u00f6nt\u0151: B\u00e1zis csoportunk arany min\u0151s\u00edt\u00e9st kapott!\"}]},{\"@type\":\"WebSite\",\"@id\":\"https:\/\/www.szabadszinhaz.hu\/#website\",\"url\":\"https:\/\/www.szabadszinhaz.hu\/\",\"name\":\"Szabad Sz\u00ednh\u00e1z\",\"description\":\"Szabad Sz\u00ednh\u00e1z\",\"publisher\":{\"@id\":\"https:\/\/www.szabadszinhaz.hu\/#organization\"},\"potentialAction\":[{\"@type\":\"SearchAction\",\"target\":{\"@type\":\"EntryPoint\",\"urlTemplate\":\"https:\/\/www.szabadszinhaz.hu\/?s={search_term_string}\"},\"query-input\":{\"@type\":\"PropertyValueSpecification\",\"valueRequired\":true,\"valueName\":\"search_term_string\"}}],\"inLanguage\":\"en-US\"},{\"@type\":\"Organization\",\"@id\":\"https:\/\/www.szabadszinhaz.hu\/#organization\",\"name\":\"Szabad Sz\u00ednh\u00e1z SZ\u00cdN-T\u00c9R Egyes\u00fclet\",\"url\":\"https:\/\/www.szabadszinhaz.hu\/\",\"logo\":{\"@type\":\"ImageObject\",\"inLanguage\":\"en-US\",\"@id\":\"https:\/\/www.szabadszinhaz.hu\/#\/schema\/logo\/image\/\",\"url\":\"https:\/\/www.szabadszinhaz.hu\/wp-content\/uploads\/2025\/01\/images.jpg\",\"contentUrl\":\"https:\/\/www.szabadszinhaz.hu\/wp-content\/uploads\/2025\/01\/images.jpg\",\"width\":178,\"height\":284,\"caption\":\"Szabad Sz\u00ednh\u00e1z SZ\u00cdN-T\u00c9R Egyes\u00fclet\"},\"image\":{\"@id\":\"https:\/\/www.szabadszinhaz.hu\/#\/schema\/logo\/image\/\"},\"sameAs\":[\"https:\/\/www.facebook.com\/szabadszinhaz\"]},{\"@type\":\"Person\",\"@id\":\"https:\/\/www.szabadszinhaz.hu\/#\/schema\/person\/adf33eeeb97d5b38b99716d40eac38df\",\"name\":\"Marketing\",\"image\":{\"@type\":\"ImageObject\",\"inLanguage\":\"en-US\",\"@id\":\"https:\/\/www.szabadszinhaz.hu\/#\/schema\/person\/image\/\",\"url\":\"https:\/\/secure.gravatar.com\/avatar\/91ecf0292b413a0a2d72ed92f55afccfc56972be6fad751c9cb9a9da4afe01ef?s=96&d=mm&r=g\",\"contentUrl\":\"https:\/\/secure.gravatar.com\/avatar\/91ecf0292b413a0a2d72ed92f55afccfc56972be6fad751c9cb9a9da4afe01ef?s=96&d=mm&r=g\",\"caption\":\"Marketing\"},\"url\":\"https:\/\/www.szabadszinhaz.hu\/en\/author\/marketing_szabszinhaz\/\"}]}<\/script>\n<!-- \/ Yoast SEO plugin. -->","yoast_head_json":{"title":"Orsz\u00e1gos Di\u00e1ksz\u00ednj\u00e1tsz\u00f3 Tal\u00e1lkoz\u00f3 Region\u00e1lis d\u00f6nt\u0151: B\u00e1zis csoportunk arany min\u0151s\u00edt\u00e9st kapott! - Szabad Sz\u00ednh\u00e1z","robots":{"index":"index","follow":"follow","max-snippet":"max-snippet:-1","max-image-preview":"max-image-preview:large","max-video-preview":"max-video-preview:-1"},"canonical":"https:\/\/www.szabadszinhaz.hu\/en\/orszagos-diakszinjatszo-talalkoto-regionalis-dontojerol-bazis-csoportunk-arany-minositest-kapott\/","og_locale":"en_US","og_type":"article","og_title":"Orsz\u00e1gos Di\u00e1ksz\u00ednj\u00e1tsz\u00f3 Tal\u00e1lkoz\u00f3 Region\u00e1lis d\u00f6nt\u0151: B\u00e1zis csoportunk arany min\u0151s\u00edt\u00e9st kapott! - Szabad Sz\u00ednh\u00e1z","og_description":"Elk\u00e9peszt\u0151 d\u00edjes\u0151vel t\u00e9rtek haza iifj\u00fas\u00e1gi ut\u00e1np\u00f3tl\u00e1s csoportjaink is az Orsz\u00e1gos Di\u00e1ksz\u00ednj\u00e1tsz\u00f3 Tal\u00e1lkoz\u00f3 Region\u00e1lis d\u00f6nt\u0151j\u00e9r\u0151l! B\u00e1zis csoportunk arany min\u0151s\u00edt\u00e9st, \u00e9s vezet\u0151j\u00fck Gerg\u0151 Kov\u00e1cs rendez\u0151i k\u00fcl\u00f6nd\u00edjat kapott az East-Balk\u00e1n c\u00edm\u0171 produkci\u00f3ra. Vasv\u00e1ris [&hellip;]","og_url":"https:\/\/www.szabadszinhaz.hu\/en\/orszagos-diakszinjatszo-talalkoto-regionalis-dontojerol-bazis-csoportunk-arany-minositest-kapott\/","og_site_name":"Szabad Sz\u00ednh\u00e1z","article_publisher":"https:\/\/www.facebook.com\/szabadszinhaz","article_published_time":"2026-04-27T20:47:03+00:00","article_modified_time":"2026-04-27T20:51:15+00:00","og_image":[{"width":1125,"height":1410,"url":"https:\/\/www.szabadszinhaz.hu\/wp-content\/uploads\/2026\/04\/IMG_5798.jpeg","type":"image\/jpeg"}],"author":"Marketing","twitter_card":"summary_large_image","twitter_misc":{"Written by":"Marketing","Est. reading time":"1 minute"},"schema":{"@context":"https:\/\/schema.org","@graph":[{"@type":"Article","@id":"https:\/\/www.szabadszinhaz.hu\/orszagos-diakszinjatszo-talalkoto-regionalis-dontojerol-bazis-csoportunk-arany-minositest-kapott\/#article","isPartOf":{"@id":"https:\/\/www.szabadszinhaz.hu\/orszagos-diakszinjatszo-talalkoto-regionalis-dontojerol-bazis-csoportunk-arany-minositest-kapott\/"},"author":{"name":"Marketing","@id":"https:\/\/www.szabadszinhaz.hu\/#\/schema\/person\/adf33eeeb97d5b38b99716d40eac38df"},"headline":"Orsz\u00e1gos Di\u00e1ksz\u00ednj\u00e1tsz\u00f3 Tal\u00e1lkoz\u00f3 Region\u00e1lis d\u00f6nt\u0151: B\u00e1zis csoportunk arany min\u0151s\u00edt\u00e9st kapott!","datePublished":"2026-04-27T20:47:03+00:00","dateModified":"2026-04-27T20:51:15+00:00","mainEntityOfPage":{"@id":"https:\/\/www.szabadszinhaz.hu\/orszagos-diakszinjatszo-talalkoto-regionalis-dontojerol-bazis-csoportunk-arany-minositest-kapott\/"},"wordCount":190,"commentCount":0,"publisher":{"@id":"https:\/\/www.szabadszinhaz.hu\/#organization"},"image":{"@id":"https:\/\/www.szabadszinhaz.hu\/orszagos-diakszinjatszo-talalkoto-regionalis-dontojerol-bazis-csoportunk-arany-minositest-kapott\/#primaryimage"},"thumbnailUrl":"https:\/\/www.szabadszinhaz.hu\/wp-content\/uploads\/2026\/04\/IMG_5798.jpeg","articleSection":["Aktu\u00e1lis"],"inLanguage":"en-US","potentialAction":[{"@type":"CommentAction","name":"Comment","target":["https:\/\/www.szabadszinhaz.hu\/orszagos-diakszinjatszo-talalkoto-regionalis-dontojerol-bazis-csoportunk-arany-minositest-kapott\/#respond"]}]},{"@type":"WebPage","@id":"https:\/\/www.szabadszinhaz.hu\/orszagos-diakszinjatszo-talalkoto-regionalis-dontojerol-bazis-csoportunk-arany-minositest-kapott\/","url":"https:\/\/www.szabadszinhaz.hu\/orszagos-diakszinjatszo-talalkoto-regionalis-dontojerol-bazis-csoportunk-arany-minositest-kapott\/","name":"Orsz\u00e1gos Di\u00e1ksz\u00ednj\u00e1tsz\u00f3 Tal\u00e1lkoz\u00f3 Region\u00e1lis d\u00f6nt\u0151: B\u00e1zis csoportunk arany min\u0151s\u00edt\u00e9st kapott! - Szabad Sz\u00ednh\u00e1z","isPartOf":{"@id":"https:\/\/www.szabadszinhaz.hu\/#website"},"primaryImageOfPage":{"@id":"https:\/\/www.szabadszinhaz.hu\/orszagos-diakszinjatszo-talalkoto-regionalis-dontojerol-bazis-csoportunk-arany-minositest-kapott\/#primaryimage"},"image":{"@id":"https:\/\/www.szabadszinhaz.hu\/orszagos-diakszinjatszo-talalkoto-regionalis-dontojerol-bazis-csoportunk-arany-minositest-kapott\/#primaryimage"},"thumbnailUrl":"https:\/\/www.szabadszinhaz.hu\/wp-content\/uploads\/2026\/04\/IMG_5798.jpeg","datePublished":"2026-04-27T20:47:03+00:00","dateModified":"2026-04-27T20:51:15+00:00","breadcrumb":{"@id":"https:\/\/www.szabadszinhaz.hu\/orszagos-diakszinjatszo-talalkoto-regionalis-dontojerol-bazis-csoportunk-arany-minositest-kapott\/#breadcrumb"},"inLanguage":"en-US","potentialAction":[{"@type":"ReadAction","target":["https:\/\/www.szabadszinhaz.hu\/orszagos-diakszinjatszo-talalkoto-regionalis-dontojerol-bazis-csoportunk-arany-minositest-kapott\/"]}]},{"@type":"ImageObject","inLanguage":"en-US","@id":"https:\/\/www.szabadszinhaz.hu\/orszagos-diakszinjatszo-talalkoto-regionalis-dontojerol-bazis-csoportunk-arany-minositest-kapott\/#primaryimage","url":"https:\/\/www.szabadszinhaz.hu\/wp-content\/uploads\/2026\/04\/IMG_5798.jpeg","contentUrl":"https:\/\/www.szabadszinhaz.hu\/wp-content\/uploads\/2026\/04\/IMG_5798.jpeg","width":1125,"height":1410},{"@type":"BreadcrumbList","@id":"https:\/\/www.szabadszinhaz.hu\/orszagos-diakszinjatszo-talalkoto-regionalis-dontojerol-bazis-csoportunk-arany-minositest-kapott\/#breadcrumb","itemListElement":[{"@type":"ListItem","position":1,"name":"Kezd\u0151lap","item":"https:\/\/www.szabadszinhaz.hu\/"},{"@type":"ListItem","position":2,"name":"Orsz\u00e1gos Di\u00e1ksz\u00ednj\u00e1tsz\u00f3 Tal\u00e1lkoz\u00f3 Region\u00e1lis d\u00f6nt\u0151: B\u00e1zis csoportunk arany min\u0151s\u00edt\u00e9st kapott!"}]},{"@type":"WebSite","@id":"https:\/\/www.szabadszinhaz.hu\/#website","url":"https:\/\/www.szabadszinhaz.hu\/","name":"Free Theatre - Szabad Sz\u00ednh\u00e1z","description":"Free Theatre - Szabad Sz\u00ednh\u00e1z","publisher":{"@id":"https:\/\/www.szabadszinhaz.hu\/#organization"},"potentialAction":[{"@type":"SearchAction","target":{"@type":"EntryPoint","urlTemplate":"https:\/\/www.szabadszinhaz.hu\/?s={search_term_string}"},"query-input":{"@type":"PropertyValueSpecification","valueRequired":true,"valueName":"search_term_string"}}],"inLanguage":"en-US"},{"@type":"Organization","@id":"https:\/\/www.szabadszinhaz.hu\/#organization","name":"Szabad Sz\u00ednh\u00e1z SZ\u00cdN-T\u00c9R Egyes\u00fclet","url":"https:\/\/www.szabadszinhaz.hu\/","logo":{"@type":"ImageObject","inLanguage":"en-US","@id":"https:\/\/www.szabadszinhaz.hu\/#\/schema\/logo\/image\/","url":"https:\/\/www.szabadszinhaz.hu\/wp-content\/uploads\/2025\/01\/images.jpg","contentUrl":"https:\/\/www.szabadszinhaz.hu\/wp-content\/uploads\/2025\/01\/images.jpg","width":178,"height":284,"caption":"Szabad Sz\u00ednh\u00e1z SZ\u00cdN-T\u00c9R Egyes\u00fclet"},"image":{"@id":"https:\/\/www.szabadszinhaz.hu\/#\/schema\/logo\/image\/"},"sameAs":["https:\/\/www.facebook.com\/szabadszinhaz"]},{"@type":"Person","@id":"https:\/\/www.szabadszinhaz.hu\/#\/schema\/person\/adf33eeeb97d5b38b99716d40eac38df","name":"Marketing","image":{"@type":"ImageObject","inLanguage":"en-US","@id":"https:\/\/www.szabadszinhaz.hu\/#\/schema\/person\/image\/","url":"https:\/\/secure.gravatar.com\/avatar\/91ecf0292b413a0a2d72ed92f55afccfc56972be6fad751c9cb9a9da4afe01ef?s=96&d=mm&r=g","contentUrl":"https:\/\/secure.gravatar.com\/avatar\/91ecf0292b413a0a2d72ed92f55afccfc56972be6fad751c9cb9a9da4afe01ef?s=96&d=mm&r=g","caption":"Marketing"},"url":"https:\/\/www.szabadszinhaz.hu\/en\/author\/marketing_szabszinhaz\/"}]}},"_links":{"self":[{"href":"https:\/\/www.szabadszinhaz.hu\/en\/wp-json\/wp\/v2\/posts\/10230","targetHints":{"allow":["GET"]}}],"collection":[{"href":"https:\/\/www.szabadszinhaz.hu\/en\/wp-json\/wp\/v2\/posts"}],"about":[{"href":"https:\/\/www.szabadszinhaz.hu\/en\/wp-json\/wp\/v2\/types\/post"}],"author":[{"embeddable":true,"href":"https:\/\/www.szabadszinhaz.hu\/en\/wp-json\/wp\/v2\/users\/4"}],"replies":[{"embeddable":true,"href":"https:\/\/www.szabadszinhaz.hu\/en\/wp-json\/wp\/v2\/comments?post=10230"}],"version-history":[{"count":4,"href":"https:\/\/www.szabadszinhaz.hu\/en\/wp-json\/wp\/v2\/posts\/10230\/revisions"}],"predecessor-version":[{"id":10235,"href":"https:\/\/www.szabadszinhaz.hu\/en\/wp-json\/wp\/v2\/posts\/10230\/revisions\/10235"}],"wp:featuredmedia":[{"embeddable":true,"href":"https:\/\/www.szabadszinhaz.hu\/en\/wp-json\/wp\/v2\/media\/10231"}],"wp:attachment":[{"href":"https:\/\/www.szabadszinhaz.hu\/en\/wp-json\/wp\/v2\/media?parent=10230"}],"wp:term":[{"taxonomy":"category","embeddable":true,"href":"https:\/\/www.szabadszinhaz.hu\/en\/wp-json\/wp\/v2\/categories?post=10230"},{"taxonomy":"post_tag","embeddable":true,"href":"https:\/\/www.szabadszinhaz.hu\/en\/wp-json\/wp\/v2\/tags?post=10230"}],"curies":[{"name":"wp","href":"https:\/\/api.w.org\/{rel}","templated":true}]}}