{"id":8144,"global_id":"www.szabadszinhaz.hu\/en?id=8144","global_id_lineage":["www.szabadszinhaz.hu\/en?id=8144"],"author":"4","status":"publish","date":"2024-05-13 13:02:31","date_utc":"2024-05-13 11:02:31","modified":"2024-05-13 13:02:31","modified_utc":"2024-05-13 11:02:31","url":"https:\/\/www.szabadszinhaz.hu\/en\/esemenyek\/szabad-szinhaz-hogyan-ne-ertsuk-egymast-felre-beszelgetos-est\/","rest_url":"https:\/\/www.szabadszinhaz.hu\/en\/wp-json\/tribe\/events\/v1\/events\/8144","title":"Szabad Sz\u00ednh\u00e1z &#8211; Hogyan (Ne) \u00e9rts\u00fck egym\u00e1st f\u00e9lre &#8211; besz\u00e9lget\u0151s est","description":"<div class=\"xdj266r x11i5rnm xat24cr x1mh8g0r x1vvkbs\">&#8222;Bezzeg az \u00e9n id\u0151mben&#8221; <br class=\"html-br\" \/>&#8222;Majd \u00e9n azt megoldom&#8221; <br class=\"html-br\" \/>&#8222;Biztos, hogy nem fogom be\u00e1ldozni magam&#8221; <br class=\"html-br\" \/>&#8222;Ne legy\u00e9l m\u00e1r ennyire boomer&#8221;<br class=\"html-br\" \/>&#8230; mondatok a k\u00fcl\u00f6nb\u00f6z\u0151 gener\u00e1ci\u00f3kt\u00f3l. Te hova tartozol? <br class=\"html-br\" \/>Gyere el \u00e9s besz\u00e9lgess vel\u00fcnk a gener\u00e1ci\u00f3k k\u00f6zti f\u00e9lre\u00e9rt\u00e9sekr\u0151l tabuk n\u00e9lk\u00fcl!<\/div>\n<div class=\"x11i5rnm xat24cr x1mh8g0r x1vvkbs xtlvy1s\">A &#8222;Hogyan (ne) \u00e9rts\u00fck f\u00e9lre egym\u00e1st?&#8221; c\u00edm\u0171 besz\u00e9lget\u0151 est\u00fcnk c\u00e9lja, hogy meg\u00e9rts\u00fck a gener\u00e1ci\u00f3k k\u00f6z\u00f6tti kommunik\u00e1ci\u00f3s \u00e9s cselekv\u00e9si k\u00fcl\u00f6nbs\u00e9geket, ez\u00e1ltal seg\u00edtve a meg\u00e9rt\u00e9st \u00e9s az elfogad\u00e1st. <br class=\"html-br\" \/>A nyitott besz\u00e9lget\u00e9st Egey T\u00edmea pszichol\u00f3gus \u00e9s S\u00e9llei Gy\u00f6rgyi medi\u00e1tor vezeti, k\u00fcl\u00f6nb\u00f6z\u0151 t\u00e9m\u00e1kat \u00e9rintve a gener\u00e1ci\u00f3s k\u00fcl\u00f6nbs\u00e9gek kapcs\u00e1n. <br class=\"html-br\" \/>L\u00e9gy r\u00e9szese te is a v\u00e1ltoz\u00e1snak \u00e9s l\u00e1sd m\u00e1s szem\u00fcveggel a vil\u00e1got!<\/div>\n<div class=\"x11i5rnm xat24cr x1mh8g0r x1vvkbs xtlvy1s\">\u00d7\u00d7\u00d7\u00d7\u00d7\u00d7\u00d7\u00d7\u00d7\u00d7\u00d7\u00d7\u00d7\u00d7\u00d7\u00d7\u00d7\u00d7\u00d7\u00d7\u00d7\u00d7\u00d7\u00d7\u00d7\u00d7\u00d7\u00d7\u00d7\u00d7\u00d7\u00d7\u00d7\u00d7\u00d7\u00d7\u00d7\u00d7\u00d7\u00d7<br class=\"html-br\" \/>A rendezv\u00e9ny INGYENES \u00e9s REGISZTR\u00c1CI\u00d3HOZ K\u00d6T\u00d6TT! <br class=\"html-br\" \/>Regisztr\u00e1ci\u00f3 az al\u00e1bbi linken:<br class=\"html-br\" \/><a class=\"x1i10hfl xjbqb8w x1ejq31n xd10rxx x1sy0etr x17r0tee x972fbf xcfux6l x1qhh985 xm0m39n x9f619 x1ypdohk xt0psk2 xe8uvvx xdj266r x11i5rnm xat24cr x1mh8g0r xexx8yu x4uap5 x18d9i69 xkhd6sd x16tdsg8 xggy1nq x1a2a7pz xt0b8zv x1hl2dhg x1fey0fg\" tabindex=\"0\" role=\"link\" href=\"https:\/\/forms.gle\/Q4Z22BReE1kudzTn6?fbclid=IwZXh0bgNhZW0CMTAAAR04et0TZ6Ry6vUvgC4VcN9YGROnWVrsx2PoZRUKGaMmrgljb1ZRWU7OQ4I_aem_AYrPXsk16D6Ul9K2nCo-F5SY6RODZS-tlbKiYqsiJaqveY8wDUPit0NbSSJBpQHwDXRWX4nXsg8ce7IwbDLCA_6z\" target=\"_blank\" rel=\"nofollow noopener noreferrer\">https:\/\/forms.gle\/Q4Z22BReE1kudzTn6<\/a><\/div>\n<div class=\"x11i5rnm xat24cr x1mh8g0r x1vvkbs xtlvy1s\">\u00d7\u00d7\u00d7\u00d7\u00d7\u00d7\u00d7\u00d7\u00d7\u00d7\u00d7\u00d7\u00d7\u00d7\u00d7\u00d7\u00d7\u00d7\u00d7\u00d7\u00d7\u00d7\u00d7\u00d7\u00d7\u00d7\u00d7\u00d7\u00d7\u00d7\u00d7\u00d7\u00d7\u00d7\u00d7\u00d7\u00d7\u00d7\u00d7\u00d7<br class=\"html-br\" \/>Az esem\u00e9ny a WellOSyst Id\u0151s\u00f6d\u00e9s\u00fcgyi rendszer\u00e9p\u00edt\u00e9s Sz\u00e9kesfeh\u00e9rv\u00e1ron c\u00edm\u0171 program keret\u00e9ben val\u00f3sul meg, Sz\u00e9kesfeh\u00e9rv\u00e1r MJV \u00d6nkorm\u00e1nyzat\u00e1nak t\u00e1mogat\u00e1s\u00e1val<\/div>","excerpt":"","slug":"szabad-szinhaz-hogyan-ne-ertsuk-egymast-felre-beszelgetos-est","image":{"url":"https:\/\/www.szabadszinhaz.hu\/wp-content\/uploads\/2024\/05\/hogyan-ne.jpg","id":8145,"extension":"jpg","width":960,"height":541,"filesize":82455,"sizes":{"medium":{"width":300,"height":169,"mime-type":"image\/jpeg","filesize":16292,"url":"https:\/\/www.szabadszinhaz.hu\/wp-content\/uploads\/2024\/05\/hogyan-ne-300x169.jpg"},"thumbnail":{"width":150,"height":150,"mime-type":"image\/jpeg","filesize":8088,"url":"https:\/\/www.szabadszinhaz.hu\/wp-content\/uploads\/2024\/05\/hogyan-ne-150x150.jpg"},"medium_large":{"width":768,"height":433,"mime-type":"image\/jpeg","filesize":61437,"url":"https:\/\/www.szabadszinhaz.hu\/wp-content\/uploads\/2024\/05\/hogyan-ne-768x433.jpg"},"trp-custom-language-flag":{"width":18,"height":10,"mime-type":"image\/jpeg","filesize":858,"url":"https:\/\/www.szabadszinhaz.hu\/wp-content\/uploads\/2024\/05\/hogyan-ne-18x10.jpg"},"et-pb-post-main-image":{"width":400,"height":250,"mime-type":"image\/jpeg","filesize":26948,"url":"https:\/\/www.szabadszinhaz.hu\/wp-content\/uploads\/2024\/05\/hogyan-ne-400x250.jpg"},"et-pb-portfolio-image":{"width":400,"height":284,"mime-type":"image\/jpeg","filesize":28855,"url":"https:\/\/www.szabadszinhaz.hu\/wp-content\/uploads\/2024\/05\/hogyan-ne-400x284.jpg"},"et-pb-portfolio-module-image":{"width":510,"height":382,"mime-type":"image\/jpeg","filesize":42051,"url":"https:\/\/www.szabadszinhaz.hu\/wp-content\/uploads\/2024\/05\/hogyan-ne-510x382.jpg"},"et-pb-gallery-module-image-portrait":{"width":400,"height":516,"mime-type":"image\/jpeg","filesize":37059,"url":"https:\/\/www.szabadszinhaz.hu\/wp-content\/uploads\/2024\/05\/hogyan-ne-400x516.jpg"},"et-pb-image--responsive--phone":{"width":480,"height":271,"mime-type":"image\/jpeg","filesize":32221,"url":"https:\/\/www.szabadszinhaz.hu\/wp-content\/uploads\/2024\/05\/hogyan-ne-480x271.jpg"}}},"all_day":false,"start_date":"2024-05-14 18:00:00","start_date_details":{"year":"2024","month":"05","day":"14","hour":"18","minutes":"00","seconds":"00"},"end_date":"2024-05-14 19:00:00","end_date_details":{"year":"2024","month":"05","day":"14","hour":"19","minutes":"00","seconds":"00"},"utc_start_date":"2024-05-14 16:00:00","utc_start_date_details":{"year":"2024","month":"05","day":"14","hour":"16","minutes":"00","seconds":"00"},"utc_end_date":"2024-05-14 17:00:00","utc_end_date_details":{"year":"2024","month":"05","day":"14","hour":"17","minutes":"00","seconds":"00"},"timezone":"Europe\/Budapest","timezone_abbr":"CEST","cost":"","cost_details":{"currency_symbol":"","currency_code":"","currency_position":"suffix","values":[]},"website":"","show_map":true,"show_map_link":true,"hide_from_listings":false,"sticky":false,"featured":false,"categories":[],"tags":[],"venue":[],"organizer":[],"custom_fields":[],"json_ld":{"@context":"http:\/\/schema.org","@type":"Event","name":"Szabad Sz\u00ednh\u00e1z &#8211; Hogyan (Ne) \u00e9rts\u00fck egym\u00e1st f\u00e9lre &#8211; besz\u00e9lget\u0151s est","description":"&lt;p&gt;&quot;Bezzeg az \u00e9n id\u0151mben&quot; &quot;Majd \u00e9n azt megoldom&quot; &quot;Biztos, hogy nem fogom be\u00e1ldozni magam&quot; &quot;Ne legy\u00e9l m\u00e1r ennyire boomer&quot;... mondatok a k\u00fcl\u00f6nb\u00f6z\u0151 gener\u00e1ci\u00f3kt\u00f3l. Te hova tartozol? Gyere el \u00e9s besz\u00e9lgess [&hellip;]&lt;\/p&gt;\\n","image":"https:\/\/www.szabadszinhaz.hu\/wp-content\/uploads\/2024\/05\/hogyan-ne.jpg","url":"https:\/\/www.szabadszinhaz.hu\/en\/esemenyek\/szabad-szinhaz-hogyan-ne-ertsuk-egymast-felre-beszelgetos-est\/","eventAttendanceMode":"https:\/\/schema.org\/OfflineEventAttendanceMode","eventStatus":"https:\/\/schema.org\/EventScheduled","startDate":"2024-05-14T18:00:00+02:00","endDate":"2024-05-14T19:00:00+02:00","performer":"Organization"},"ticketed":false}