{"id":8003,"global_id":"www.szabadszinhaz.hu\/en?id=8003","global_id_lineage":["www.szabadszinhaz.hu\/en?id=8003"],"author":"4","status":"publish","date":"2024-03-15 14:17:16","date_utc":"2024-03-15 13:17:16","modified":"2024-03-15 14:17:16","modified_utc":"2024-03-15 13:17:16","url":"https:\/\/www.szabadszinhaz.hu\/en\/esemenyek\/babits-jonas-konyve-acs-tamas-eloadasa\/","rest_url":"https:\/\/www.szabadszinhaz.hu\/en\/wp-json\/tribe\/events\/v1\/events\/8003","title":"Babits: J\u00f3n\u00e1s k\u00f6nyve &#8211; \u00c1cs Tam\u00e1s el\u0151ad\u00e1sa","description":"<div class=\"xdj266r x11i5rnm xat24cr x1mh8g0r x1vvkbs\">A m\u0171 ma is aktu\u00e1lis tartalm\u00e1t \u00e9s mondanival\u00f3j\u00e1t bontja ki mozg\u00e1ssz\u00ednh\u00e1zi formanyelven. Demcs\u00e1k Ott\u00f3 koreogr\u00e1fi\u00e1ja Babits gondolatait helyezi el\u0151t\u00e9rbe, azokat pr\u00f3b\u00e1lja meg feler\u0151s\u00edteni, kicsengetni.<\/div>\n<div class=\"x11i5rnm xat24cr x1mh8g0r x1vvkbs xtlvy1s\">Az \u00edr\u00f3 kort\u00e1rsainak sz\u00e1mtalan anekdot\u00e1ja sz\u00f3l arr\u00f3l, hogy k\u00f3rh\u00e1zi \u00e1gy\u00e1n a m\u00e1r s\u00falyos beteg Babits gyakran megmosolyogta, s\u0151t kikacagta csetl\u0151-botl\u00f3 h\u0151s\u00e9t. Az el\u0151ad\u00e1s ezt a mosolyt pr\u00f3b\u00e1lja megid\u00e9zni, szak\u00edtva a m\u0171 p\u00e1toszos felmond\u00e1s\u00e1val. Az estet a J\u00f3n\u00e1s im\u00e1ja c\u00edm\u0171 vers keretezi, amelyben Babits \u00f6nmag\u00e1ra vonatkoztatja J\u00f3n\u00e1s sors\u00e1t. A m\u0171 olyan k\u00e9rd\u00e9seket vet fel, melyek megker\u00fclhetetlen\u00fcl el\u00e9nk sodr\u00f3dnak \u00e9let\u00fcnk folyam\u00e1n: Ki vagyok \u00e9n? Biztosan j\u00f3l cselekszem-e? Azt az \u00e9letet \u00e9lem, amit szeretn\u00e9k? Megsz\u00f6khetek a sorsom, a k\u00fcldet\u00e9sem el\u0151l? \u00c9s \u00edgy m\u00e1r nem is t\u0171nik olyan t\u00e1volinak a J\u00f3n\u00e1s k\u00f6nyve.<\/div>\n<div class=\"x11i5rnm xat24cr x1mh8g0r x1vvkbs xtlvy1s\"><\/div>\n<div class=\"x11i5rnm xat24cr x1mh8g0r x1vvkbs xtlvy1s\"><\/div>\n<div class=\"x11i5rnm xat24cr x1mh8g0r x1vvkbs xtlvy1s\">El\u0151ad\u00f3 &#8211; Rendez\u0151: \u00c1cs Tam\u00e1s<br \/>\nKoreogr\u00e1fus: Demcs\u00e1k Ott\u00f3<\/div>\n<div class=\"x11i5rnm xat24cr x1mh8g0r x1vvkbs xtlvy1s\">Az el\u0151ad\u00e1s hossza: 40 perc<\/div>","excerpt":"","slug":"babits-jonas-konyve-acs-tamas-eloadasa","image":{"url":"https:\/\/www.szabadszinhaz.hu\/wp-content\/uploads\/2024\/03\/Jonas-konyve.jpg","id":8004,"extension":"jpg","width":1440,"height":960,"filesize":139058,"sizes":{"medium":{"width":300,"height":200,"mime-type":"image\/jpeg","filesize":7180,"url":"https:\/\/www.szabadszinhaz.hu\/wp-content\/uploads\/2024\/03\/Jonas-konyve-300x200.jpg"},"large":{"width":1024,"height":683,"mime-type":"image\/jpeg","filesize":74328,"url":"https:\/\/www.szabadszinhaz.hu\/wp-content\/uploads\/2024\/03\/Jonas-konyve-1024x683.jpg"},"thumbnail":{"width":150,"height":150,"mime-type":"image\/jpeg","filesize":3702,"url":"https:\/\/www.szabadszinhaz.hu\/wp-content\/uploads\/2024\/03\/Jonas-konyve-150x150.jpg"},"medium_large":{"width":768,"height":512,"mime-type":"image\/jpeg","filesize":40924,"url":"https:\/\/www.szabadszinhaz.hu\/wp-content\/uploads\/2024\/03\/Jonas-konyve-768x512.jpg"},"trp-custom-language-flag":{"width":18,"height":12,"mime-type":"image\/jpeg","filesize":769,"url":"https:\/\/www.szabadszinhaz.hu\/wp-content\/uploads\/2024\/03\/Jonas-konyve-18x12.jpg"},"et-pb-post-main-image":{"width":400,"height":250,"mime-type":"image\/jpeg","filesize":11318,"url":"https:\/\/www.szabadszinhaz.hu\/wp-content\/uploads\/2024\/03\/Jonas-konyve-400x250.jpg"},"et-pb-post-main-image-fullwidth":{"width":1080,"height":675,"mime-type":"image\/jpeg","filesize":78793,"url":"https:\/\/www.szabadszinhaz.hu\/wp-content\/uploads\/2024\/03\/Jonas-konyve-1080x675.jpg"},"et-pb-portfolio-image":{"width":400,"height":284,"mime-type":"image\/jpeg","filesize":12687,"url":"https:\/\/www.szabadszinhaz.hu\/wp-content\/uploads\/2024\/03\/Jonas-konyve-400x284.jpg"},"et-pb-portfolio-module-image":{"width":510,"height":382,"mime-type":"image\/jpeg","filesize":21052,"url":"https:\/\/www.szabadszinhaz.hu\/wp-content\/uploads\/2024\/03\/Jonas-konyve-510x382.jpg"},"et-pb-portfolio-image-single":{"width":1080,"height":720,"mime-type":"image\/jpeg","filesize":83929,"url":"https:\/\/www.szabadszinhaz.hu\/wp-content\/uploads\/2024\/03\/Jonas-konyve-1080x720.jpg"},"et-pb-gallery-module-image-portrait":{"width":400,"height":516,"mime-type":"image\/jpeg","filesize":24325,"url":"https:\/\/www.szabadszinhaz.hu\/wp-content\/uploads\/2024\/03\/Jonas-konyve-400x516.jpg"},"et-pb-image--responsive--desktop":{"width":1280,"height":853,"mime-type":"image\/jpeg","filesize":116540,"url":"https:\/\/www.szabadszinhaz.hu\/wp-content\/uploads\/2024\/03\/Jonas-konyve-1280x853.jpg"},"et-pb-image--responsive--tablet":{"width":980,"height":653,"mime-type":"image\/jpeg","filesize":67839,"url":"https:\/\/www.szabadszinhaz.hu\/wp-content\/uploads\/2024\/03\/Jonas-konyve-980x653.jpg"},"et-pb-image--responsive--phone":{"width":480,"height":320,"mime-type":"image\/jpeg","filesize":16646,"url":"https:\/\/www.szabadszinhaz.hu\/wp-content\/uploads\/2024\/03\/Jonas-konyve-480x320.jpg"}}},"all_day":false,"start_date":"2024-03-28 19:00:00","start_date_details":{"year":"2024","month":"03","day":"28","hour":"19","minutes":"00","seconds":"00"},"end_date":"2024-03-28 20:00:00","end_date_details":{"year":"2024","month":"03","day":"28","hour":"20","minutes":"00","seconds":"00"},"utc_start_date":"2024-03-28 18:00:00","utc_start_date_details":{"year":"2024","month":"03","day":"28","hour":"18","minutes":"00","seconds":"00"},"utc_end_date":"2024-03-28 19:00:00","utc_end_date_details":{"year":"2024","month":"03","day":"28","hour":"19","minutes":"00","seconds":"00"},"timezone":"Europe\/Budapest","timezone_abbr":"CET","cost":"","cost_details":{"currency_symbol":"","currency_code":"","currency_position":"suffix","values":[]},"website":"","show_map":true,"show_map_link":true,"hide_from_listings":false,"sticky":false,"featured":false,"categories":[],"tags":[],"venue":[],"organizer":[],"custom_fields":[],"json_ld":{"@context":"http:\/\/schema.org","@type":"Event","name":"Babits: J\u00f3n\u00e1s k\u00f6nyve &#8211; \u00c1cs Tam\u00e1s el\u0151ad\u00e1sa","description":"&lt;p&gt;A m\u0171 ma is aktu\u00e1lis tartalm\u00e1t \u00e9s mondanival\u00f3j\u00e1t bontja ki mozg\u00e1ssz\u00ednh\u00e1zi formanyelven. Demcs\u00e1k Ott\u00f3 koreogr\u00e1fi\u00e1ja Babits gondolatait helyezi el\u0151t\u00e9rbe, azokat pr\u00f3b\u00e1lja meg feler\u0151s\u00edteni, kicsengetni. Az \u00edr\u00f3 kort\u00e1rsainak sz\u00e1mtalan anekdot\u00e1ja sz\u00f3l [&hellip;]&lt;\/p&gt;\\n","image":"https:\/\/www.szabadszinhaz.hu\/wp-content\/uploads\/2024\/03\/Jonas-konyve.jpg","url":"https:\/\/www.szabadszinhaz.hu\/en\/esemenyek\/babits-jonas-konyve-acs-tamas-eloadasa\/","eventAttendanceMode":"https:\/\/schema.org\/OfflineEventAttendanceMode","eventStatus":"https:\/\/schema.org\/EventScheduled","startDate":"2024-03-28T19:00:00+01:00","endDate":"2024-03-28T20:00:00+01:00","performer":"Organization"},"ticketed":false}